{"id":3526,"date":"2026-04-30T16:20:05","date_gmt":"2026-04-30T20:20:05","guid":{"rendered":"https:\/\/derechoshumanosyempresas.cl\/?p=3526"},"modified":"2026-04-30T16:20:05","modified_gmt":"2026-04-30T20:20:05","slug":"sociedad-civil-en-comision-de-gobierno-del-senado-si-se-criminaliza-la-migracion-irregular-vamos-a-facilitar-la-trata-y-el-trabajo-forzoso-en-la-agricultura","status":"publish","type":"post","link":"https:\/\/derechoshumanosyempresas.cl\/index.php\/2026\/04\/30\/sociedad-civil-en-comision-de-gobierno-del-senado-si-se-criminaliza-la-migracion-irregular-vamos-a-facilitar-la-trata-y-el-trabajo-forzoso-en-la-agricultura\/","title":{"rendered":"Sociedad civil en Comisi\u00f3n de Gobierno del Senado: \u00abSi se criminaliza la migraci\u00f3n irregular, vamos a facilitar la trata y el trabajo forzoso en la agricultura\u00bb"},"content":{"rendered":"<p><i><span style=\"font-weight: 400;\">Fundaci\u00f3n Libera, integrante de la Plataforma Chilena de la Sociedad Civil sobre Derechos Humanos y Empresas,\u00a0 advirti\u00f3 en el Senado el pasado lunes, los riesgos del proyecto sobre ingreso clandestino para las v\u00edctimas de trata de personas y trabajo forzado, especialmente en sectores econ\u00f3micos intensivos de mano de obra, como la agricultura de exportaci\u00f3n.<\/span><\/i><\/p>\n<p><span style=\"font-weight: 400;\">Carolina Rudnick Vizcarra, presidenta de la Fundaci\u00f3n Libera contra la Trata de Personas y la Esclavitud en Todas sus Formas y miembro del comit\u00e9 directivo de la Plataforma Chilena de la Sociedad Civil sobre Derechos Humanos y Empresas,<\/span><i><span style=\"font-weight: 400;\">\u00a0 <\/span><\/i><span style=\"font-weight: 400;\">fue invitada a intervenir en la Comisi\u00f3n de Gobierno, Descentralizaci\u00f3n y Regionalizaci\u00f3n del Senado el pasado 20 de abril, en el marco del debate sobre el <\/span><b>proyecto de ley que busca modificar la Ley N.\u00b0 21.325 de Migraci\u00f3n y Extranjer\u00eda para tipificar el delito de ingreso clandestino al territorio nacional (Bolet\u00edn N.\u00b0 15261-25)<\/b><span style=\"font-weight: 400;\">, que se encuentra en segundo tr\u00e1mite constitucional.<\/span><\/p>\n<p><span style=\"font-weight: 400;\">Rudnick advirti\u00f3 que el proyecto introduce una modificaci\u00f3n sustantiva al sistema migratorio chileno con graves riesgos para la protecci\u00f3n de v\u00edctimas de trata de personas y trabajo forzado. Su presentaci\u00f3n identific\u00f3 tres problemas centrales desde la perspectiva de los derechos humanos y la pol\u00edtica antiesclavitud: el proyecto criminaliza precisamente la condici\u00f3n que es explotada por los tratantes para someter a las v\u00edctimas \u2014la irregularidad migratoria\u2014; vulnera el principio de no punibilidad de las v\u00edctimas consagrado en el Protocolo de Palermo y el Protocolo de la OIT de 2014; y es incompatible con investigaciones de trata robustas, oportunas y eficaces.<\/span><\/p>\n<p><span style=\"font-weight: 400;\">La experta sostuvo que el proyecto sin las salvaguardas adecuadas genera riesgos concretos y documentados: la invisibilizaci\u00f3n de la trata de personas con fines de explotaci\u00f3n criminal o criminalidad forzada, el riesgo de criminalizaci\u00f3n de v\u00edctimas de trata y tr\u00e1fico, la criminalizaci\u00f3n de la pobreza mediante la prisi\u00f3n preventiva de quienes carezcan de medios para costear su estad\u00eda, y el riesgo de explotaci\u00f3n y trabajo forzoso en eventuales centros de internaci\u00f3n.<\/span><\/p>\n<p><span style=\"font-weight: 400;\">Rudnick tambi\u00e9n alert\u00f3 sobre la inconstitucionalidad de varias disposiciones del proyecto. El art\u00edculo 119 ter, que establece la prisi\u00f3n preventiva de quienes carezcan de documentos de identidad o de medios econ\u00f3micos, constituye una forma de criminalizaci\u00f3n de la pobreza incompatible con la Constituci\u00f3n Pol\u00edtica y la Convenci\u00f3n Americana de Derechos Humanos. La priorizaci\u00f3n de la reconducci\u00f3n o devoluci\u00f3n inmediata, que el proyecto establece incluso en casos de detenci\u00f3n en flagrancia, es igualmente incompatible con el deber de debida diligencia estatal en materia de trata de personas. La protecci\u00f3n que el proyecto contempla para las v\u00edctimas de trata \u2014el sobreseimiento definitivo solo cuando \u00aben el curso de la investigaci\u00f3n surjan antecedentes calificados\u00bb\u2014 fue calificada de insuficiente, al quedar subordinada a un est\u00e1ndar probatorio elevado que la v\u00edctima raramente podr\u00e1 satisfacer.<\/span><\/p>\n<p><span style=\"font-weight: 400;\">La presentaci\u00f3n de Libera tambi\u00e9n situ\u00f3 el debate legislativo en su contexto internacional: el mismo Informe Nacional de Estimaci\u00f3n Comercial 2026 del gobierno de Estados Unidos (USTR) se\u00f1ala que Chile carece de una prohibici\u00f3n de importaci\u00f3n de bienes producidos con trabajo forzado, advirtiendo que los sectores que m\u00e1s dependen de mano de obra migrante irregular \u2014como la agricultura de exportaci\u00f3n\u2014 obtienen una ventaja de mercado injusta precisamente por esa ausencia de protecci\u00f3n. Criminalizar la migraci\u00f3n irregular sin proteger a las v\u00edctimas de la explotaci\u00f3n que ese mismo contexto favorece, se\u00f1al\u00f3 Rudnick, agrava directamente esa brecha.<\/span><\/p>\n<p><span style=\"font-weight: 400;\">En sus conclusiones, Libera recomend\u00f3 al Senado ponderar adecuadamente los riesgos de vulneraci\u00f3n de derechos humanos frente a las medidas de pol\u00edtica p\u00fablica, e incorporar al art\u00edculo 119 bis un inciso de no punibilidad expl\u00edcito para v\u00edctimas de trata, tr\u00e1fico de migrantes y delitos conexos \u2014inciso que exist\u00eda en el texto original del proyecto pero fue eliminado durante el primer tr\u00e1mite constitucional.<\/span><\/p>\n<p><a href=\"https:\/\/tv.senado.cl\/tvsenado\/comisiones\/permanentes\/gobierno\/comision-de-gobierno-descentralizacion-y-regionalizacion\/2026-04-17\/120244.html\"><b>Accede a la sesi\u00f3n de la Comisi\u00f3n de Gobierno del Senado aqu\u00ed<\/b><\/a><\/p>\n","protected":false},"excerpt":{"rendered":"<p>Fundaci\u00f3n Libera, integrante de la Plataforma Chilena de la Sociedad Civil sobre Derechos Humanos y Empresas,\u00a0 advirti\u00f3 en el Senado el pasado [&hellip;]<\/p>\n","protected":false},"author":1,"featured_media":0,"comment_status":"open","ping_status":"open","sticky":false,"template":"","format":"standard","meta":{"footnotes":""},"categories":[43],"tags":[169,167,168],"class_list":["post-3526","post","type-post","status-publish","format-standard","hentry","category-centro-de-informacion","tag-migracion","tag-migracion-irregular","tag-migrantes"],"yoast_head":"<!-- This site is optimized with the Yoast SEO plugin v27.4 - https:\/\/yoast.com\/product\/yoast-seo-wordpress\/ -->\n<title>Sociedad civil en Comisi\u00f3n de Gobierno del Senado: &quot;Si se criminaliza la migraci\u00f3n irregular, vamos a facilitar la trata y el trabajo forzoso en la agricultura&quot; - Plataforma Chilena de la Sociedad Civil de Derechos Humanos y Empresas<\/title>\n<meta name=\"description\" content=\"Sociedad civil advierte en el Senado que criminalizar la migraci\u00f3n irregular en Chile puede aumentar la trata de personas y el trabajo forzoso en la agricultura.\" \/>\n<meta name=\"robots\" content=\"index, follow, max-snippet:-1, max-image-preview:large, max-video-preview:-1\" \/>\n<link rel=\"canonical\" href=\"https:\/\/derechoshumanosyempresas.cl\/index.php\/2026\/04\/30\/sociedad-civil-en-comision-de-gobierno-del-senado-si-se-criminaliza-la-migracion-irregular-vamos-a-facilitar-la-trata-y-el-trabajo-forzoso-en-la-agricultura\/\" \/>\n<meta property=\"og:locale\" content=\"es_ES\" \/>\n<meta property=\"og:type\" content=\"article\" \/>\n<meta property=\"og:title\" content=\"Sociedad civil en Comisi\u00f3n de Gobierno del Senado: &quot;Si se criminaliza la migraci\u00f3n irregular, vamos a facilitar la trata y el trabajo forzoso en la agricultura&quot; - Plataforma Chilena de la Sociedad Civil de Derechos Humanos y Empresas\" \/>\n<meta property=\"og:description\" content=\"Sociedad civil advierte en el Senado que criminalizar la migraci\u00f3n irregular en Chile puede aumentar la trata de personas y el trabajo forzoso en la agricultura.\" \/>\n<meta property=\"og:url\" content=\"https:\/\/derechoshumanosyempresas.cl\/index.php\/2026\/04\/30\/sociedad-civil-en-comision-de-gobierno-del-senado-si-se-criminaliza-la-migracion-irregular-vamos-a-facilitar-la-trata-y-el-trabajo-forzoso-en-la-agricultura\/\" \/>\n<meta property=\"og:site_name\" content=\"Plataforma Chilena de la Sociedad Civil de Derechos Humanos y Empresas\" \/>\n<meta property=\"article:published_time\" content=\"2026-04-30T20:20:05+00:00\" \/>\n<meta name=\"author\" content=\"admin\" \/>\n<meta name=\"twitter:card\" content=\"summary_large_image\" \/>\n<meta name=\"twitter:label1\" content=\"Escrito por\" \/>\n\t<meta name=\"twitter:data1\" content=\"admin\" \/>\n\t<meta name=\"twitter:label2\" content=\"Tiempo de lectura\" \/>\n\t<meta name=\"twitter:data2\" content=\"3 minutos\" \/>\n<script type=\"application\/ld+json\" class=\"yoast-schema-graph\">{\"@context\":\"https:\\\/\\\/schema.org\",\"@graph\":[{\"@type\":\"Article\",\"@id\":\"https:\\\/\\\/derechoshumanosyempresas.cl\\\/index.php\\\/2026\\\/04\\\/30\\\/sociedad-civil-en-comision-de-gobierno-del-senado-si-se-criminaliza-la-migracion-irregular-vamos-a-facilitar-la-trata-y-el-trabajo-forzoso-en-la-agricultura\\\/#article\",\"isPartOf\":{\"@id\":\"https:\\\/\\\/derechoshumanosyempresas.cl\\\/index.php\\\/2026\\\/04\\\/30\\\/sociedad-civil-en-comision-de-gobierno-del-senado-si-se-criminaliza-la-migracion-irregular-vamos-a-facilitar-la-trata-y-el-trabajo-forzoso-en-la-agricultura\\\/\"},\"author\":{\"name\":\"admin\",\"@id\":\"https:\\\/\\\/derechoshumanosyempresas.cl\\\/#\\\/schema\\\/person\\\/6476dd2bd26bc2ab59a33de40c2c2baa\"},\"headline\":\"Sociedad civil en Comisi\u00f3n de Gobierno del Senado: \u00abSi se criminaliza la migraci\u00f3n irregular, vamos a facilitar la trata y el trabajo forzoso en la agricultura\u00bb\",\"datePublished\":\"2026-04-30T20:20:05+00:00\",\"mainEntityOfPage\":{\"@id\":\"https:\\\/\\\/derechoshumanosyempresas.cl\\\/index.php\\\/2026\\\/04\\\/30\\\/sociedad-civil-en-comision-de-gobierno-del-senado-si-se-criminaliza-la-migracion-irregular-vamos-a-facilitar-la-trata-y-el-trabajo-forzoso-en-la-agricultura\\\/\"},\"wordCount\":713,\"commentCount\":0,\"keywords\":[\"migraci\u00f3n\",\"migraci\u00f3n irregular\",\"migrantes\"],\"articleSection\":[\"Noticias\"],\"inLanguage\":\"es\",\"potentialAction\":[{\"@type\":\"CommentAction\",\"name\":\"Comment\",\"target\":[\"https:\\\/\\\/derechoshumanosyempresas.cl\\\/index.php\\\/2026\\\/04\\\/30\\\/sociedad-civil-en-comision-de-gobierno-del-senado-si-se-criminaliza-la-migracion-irregular-vamos-a-facilitar-la-trata-y-el-trabajo-forzoso-en-la-agricultura\\\/#respond\"]}]},{\"@type\":\"WebPage\",\"@id\":\"https:\\\/\\\/derechoshumanosyempresas.cl\\\/index.php\\\/2026\\\/04\\\/30\\\/sociedad-civil-en-comision-de-gobierno-del-senado-si-se-criminaliza-la-migracion-irregular-vamos-a-facilitar-la-trata-y-el-trabajo-forzoso-en-la-agricultura\\\/\",\"url\":\"https:\\\/\\\/derechoshumanosyempresas.cl\\\/index.php\\\/2026\\\/04\\\/30\\\/sociedad-civil-en-comision-de-gobierno-del-senado-si-se-criminaliza-la-migracion-irregular-vamos-a-facilitar-la-trata-y-el-trabajo-forzoso-en-la-agricultura\\\/\",\"name\":\"Sociedad civil en Comisi\u00f3n de Gobierno del Senado: \\\"Si se criminaliza la migraci\u00f3n irregular, vamos a facilitar la trata y el trabajo forzoso en la agricultura\\\" - Plataforma Chilena de la Sociedad Civil de Derechos Humanos y Empresas\",\"isPartOf\":{\"@id\":\"https:\\\/\\\/derechoshumanosyempresas.cl\\\/#website\"},\"datePublished\":\"2026-04-30T20:20:05+00:00\",\"author\":{\"@id\":\"https:\\\/\\\/derechoshumanosyempresas.cl\\\/#\\\/schema\\\/person\\\/6476dd2bd26bc2ab59a33de40c2c2baa\"},\"description\":\"Sociedad civil advierte en el Senado que criminalizar la migraci\u00f3n irregular en Chile puede aumentar la trata de personas y el trabajo forzoso en la agricultura.\",\"breadcrumb\":{\"@id\":\"https:\\\/\\\/derechoshumanosyempresas.cl\\\/index.php\\\/2026\\\/04\\\/30\\\/sociedad-civil-en-comision-de-gobierno-del-senado-si-se-criminaliza-la-migracion-irregular-vamos-a-facilitar-la-trata-y-el-trabajo-forzoso-en-la-agricultura\\\/#breadcrumb\"},\"inLanguage\":\"es\",\"potentialAction\":[{\"@type\":\"ReadAction\",\"target\":[\"https:\\\/\\\/derechoshumanosyempresas.cl\\\/index.php\\\/2026\\\/04\\\/30\\\/sociedad-civil-en-comision-de-gobierno-del-senado-si-se-criminaliza-la-migracion-irregular-vamos-a-facilitar-la-trata-y-el-trabajo-forzoso-en-la-agricultura\\\/\"]}]},{\"@type\":\"BreadcrumbList\",\"@id\":\"https:\\\/\\\/derechoshumanosyempresas.cl\\\/index.php\\\/2026\\\/04\\\/30\\\/sociedad-civil-en-comision-de-gobierno-del-senado-si-se-criminaliza-la-migracion-irregular-vamos-a-facilitar-la-trata-y-el-trabajo-forzoso-en-la-agricultura\\\/#breadcrumb\",\"itemListElement\":[{\"@type\":\"ListItem\",\"position\":1,\"name\":\"Portada\",\"item\":\"https:\\\/\\\/derechoshumanosyempresas.cl\\\/\"},{\"@type\":\"ListItem\",\"position\":2,\"name\":\"Sociedad civil en Comisi\u00f3n de Gobierno del Senado: \u00abSi se criminaliza la migraci\u00f3n irregular, vamos a facilitar la trata y el trabajo forzoso en la agricultura\u00bb\"}]},{\"@type\":\"WebSite\",\"@id\":\"https:\\\/\\\/derechoshumanosyempresas.cl\\\/#website\",\"url\":\"https:\\\/\\\/derechoshumanosyempresas.cl\\\/\",\"name\":\"Plataforma Chilena de la Sociedad Civil de Derechos Humanos y Empresas\",\"description\":\"\",\"potentialAction\":[{\"@type\":\"SearchAction\",\"target\":{\"@type\":\"EntryPoint\",\"urlTemplate\":\"https:\\\/\\\/derechoshumanosyempresas.cl\\\/?s={search_term_string}\"},\"query-input\":{\"@type\":\"PropertyValueSpecification\",\"valueRequired\":true,\"valueName\":\"search_term_string\"}}],\"inLanguage\":\"es\"},{\"@type\":\"Person\",\"@id\":\"https:\\\/\\\/derechoshumanosyempresas.cl\\\/#\\\/schema\\\/person\\\/6476dd2bd26bc2ab59a33de40c2c2baa\",\"name\":\"admin\",\"image\":{\"@type\":\"ImageObject\",\"inLanguage\":\"es\",\"@id\":\"https:\\\/\\\/secure.gravatar.com\\\/avatar\\\/e482226d0b315127399077d5c4b71da7603e497013d2412b38a9884e70d87e81?s=96&d=mm&r=g\",\"url\":\"https:\\\/\\\/secure.gravatar.com\\\/avatar\\\/e482226d0b315127399077d5c4b71da7603e497013d2412b38a9884e70d87e81?s=96&d=mm&r=g\",\"contentUrl\":\"https:\\\/\\\/secure.gravatar.com\\\/avatar\\\/e482226d0b315127399077d5c4b71da7603e497013d2412b38a9884e70d87e81?s=96&d=mm&r=g\",\"caption\":\"admin\"},\"sameAs\":[\"https:\\\/\\\/derechoshumanosyempresas.cl\"],\"url\":\"https:\\\/\\\/derechoshumanosyempresas.cl\\\/index.php\\\/author\\\/admin\\\/\"}]}<\/script>\n<!-- \/ Yoast SEO plugin. -->","yoast_head_json":{"title":"Sociedad civil en Comisi\u00f3n de Gobierno del Senado: \"Si se criminaliza la migraci\u00f3n irregular, vamos a facilitar la trata y el trabajo forzoso en la agricultura\" - Plataforma Chilena de la Sociedad Civil de Derechos Humanos y Empresas","description":"Sociedad civil advierte en el Senado que criminalizar la migraci\u00f3n irregular en Chile puede aumentar la trata de personas y el trabajo forzoso en la agricultura.","robots":{"index":"index","follow":"follow","max-snippet":"max-snippet:-1","max-image-preview":"max-image-preview:large","max-video-preview":"max-video-preview:-1"},"canonical":"https:\/\/derechoshumanosyempresas.cl\/index.php\/2026\/04\/30\/sociedad-civil-en-comision-de-gobierno-del-senado-si-se-criminaliza-la-migracion-irregular-vamos-a-facilitar-la-trata-y-el-trabajo-forzoso-en-la-agricultura\/","og_locale":"es_ES","og_type":"article","og_title":"Sociedad civil en Comisi\u00f3n de Gobierno del Senado: \"Si se criminaliza la migraci\u00f3n irregular, vamos a facilitar la trata y el trabajo forzoso en la agricultura\" - Plataforma Chilena de la Sociedad Civil de Derechos Humanos y Empresas","og_description":"Sociedad civil advierte en el Senado que criminalizar la migraci\u00f3n irregular en Chile puede aumentar la trata de personas y el trabajo forzoso en la agricultura.","og_url":"https:\/\/derechoshumanosyempresas.cl\/index.php\/2026\/04\/30\/sociedad-civil-en-comision-de-gobierno-del-senado-si-se-criminaliza-la-migracion-irregular-vamos-a-facilitar-la-trata-y-el-trabajo-forzoso-en-la-agricultura\/","og_site_name":"Plataforma Chilena de la Sociedad Civil de Derechos Humanos y Empresas","article_published_time":"2026-04-30T20:20:05+00:00","author":"admin","twitter_card":"summary_large_image","twitter_misc":{"Escrito por":"admin","Tiempo de lectura":"3 minutos"},"schema":{"@context":"https:\/\/schema.org","@graph":[{"@type":"Article","@id":"https:\/\/derechoshumanosyempresas.cl\/index.php\/2026\/04\/30\/sociedad-civil-en-comision-de-gobierno-del-senado-si-se-criminaliza-la-migracion-irregular-vamos-a-facilitar-la-trata-y-el-trabajo-forzoso-en-la-agricultura\/#article","isPartOf":{"@id":"https:\/\/derechoshumanosyempresas.cl\/index.php\/2026\/04\/30\/sociedad-civil-en-comision-de-gobierno-del-senado-si-se-criminaliza-la-migracion-irregular-vamos-a-facilitar-la-trata-y-el-trabajo-forzoso-en-la-agricultura\/"},"author":{"name":"admin","@id":"https:\/\/derechoshumanosyempresas.cl\/#\/schema\/person\/6476dd2bd26bc2ab59a33de40c2c2baa"},"headline":"Sociedad civil en Comisi\u00f3n de Gobierno del Senado: \u00abSi se criminaliza la migraci\u00f3n irregular, vamos a facilitar la trata y el trabajo forzoso en la agricultura\u00bb","datePublished":"2026-04-30T20:20:05+00:00","mainEntityOfPage":{"@id":"https:\/\/derechoshumanosyempresas.cl\/index.php\/2026\/04\/30\/sociedad-civil-en-comision-de-gobierno-del-senado-si-se-criminaliza-la-migracion-irregular-vamos-a-facilitar-la-trata-y-el-trabajo-forzoso-en-la-agricultura\/"},"wordCount":713,"commentCount":0,"keywords":["migraci\u00f3n","migraci\u00f3n irregular","migrantes"],"articleSection":["Noticias"],"inLanguage":"es","potentialAction":[{"@type":"CommentAction","name":"Comment","target":["https:\/\/derechoshumanosyempresas.cl\/index.php\/2026\/04\/30\/sociedad-civil-en-comision-de-gobierno-del-senado-si-se-criminaliza-la-migracion-irregular-vamos-a-facilitar-la-trata-y-el-trabajo-forzoso-en-la-agricultura\/#respond"]}]},{"@type":"WebPage","@id":"https:\/\/derechoshumanosyempresas.cl\/index.php\/2026\/04\/30\/sociedad-civil-en-comision-de-gobierno-del-senado-si-se-criminaliza-la-migracion-irregular-vamos-a-facilitar-la-trata-y-el-trabajo-forzoso-en-la-agricultura\/","url":"https:\/\/derechoshumanosyempresas.cl\/index.php\/2026\/04\/30\/sociedad-civil-en-comision-de-gobierno-del-senado-si-se-criminaliza-la-migracion-irregular-vamos-a-facilitar-la-trata-y-el-trabajo-forzoso-en-la-agricultura\/","name":"Sociedad civil en Comisi\u00f3n de Gobierno del Senado: \"Si se criminaliza la migraci\u00f3n irregular, vamos a facilitar la trata y el trabajo forzoso en la agricultura\" - Plataforma Chilena de la Sociedad Civil de Derechos Humanos y Empresas","isPartOf":{"@id":"https:\/\/derechoshumanosyempresas.cl\/#website"},"datePublished":"2026-04-30T20:20:05+00:00","author":{"@id":"https:\/\/derechoshumanosyempresas.cl\/#\/schema\/person\/6476dd2bd26bc2ab59a33de40c2c2baa"},"description":"Sociedad civil advierte en el Senado que criminalizar la migraci\u00f3n irregular en Chile puede aumentar la trata de personas y el trabajo forzoso en la agricultura.","breadcrumb":{"@id":"https:\/\/derechoshumanosyempresas.cl\/index.php\/2026\/04\/30\/sociedad-civil-en-comision-de-gobierno-del-senado-si-se-criminaliza-la-migracion-irregular-vamos-a-facilitar-la-trata-y-el-trabajo-forzoso-en-la-agricultura\/#breadcrumb"},"inLanguage":"es","potentialAction":[{"@type":"ReadAction","target":["https:\/\/derechoshumanosyempresas.cl\/index.php\/2026\/04\/30\/sociedad-civil-en-comision-de-gobierno-del-senado-si-se-criminaliza-la-migracion-irregular-vamos-a-facilitar-la-trata-y-el-trabajo-forzoso-en-la-agricultura\/"]}]},{"@type":"BreadcrumbList","@id":"https:\/\/derechoshumanosyempresas.cl\/index.php\/2026\/04\/30\/sociedad-civil-en-comision-de-gobierno-del-senado-si-se-criminaliza-la-migracion-irregular-vamos-a-facilitar-la-trata-y-el-trabajo-forzoso-en-la-agricultura\/#breadcrumb","itemListElement":[{"@type":"ListItem","position":1,"name":"Portada","item":"https:\/\/derechoshumanosyempresas.cl\/"},{"@type":"ListItem","position":2,"name":"Sociedad civil en Comisi\u00f3n de Gobierno del Senado: \u00abSi se criminaliza la migraci\u00f3n irregular, vamos a facilitar la trata y el trabajo forzoso en la agricultura\u00bb"}]},{"@type":"WebSite","@id":"https:\/\/derechoshumanosyempresas.cl\/#website","url":"https:\/\/derechoshumanosyempresas.cl\/","name":"Plataforma Chilena de la Sociedad Civil de Derechos Humanos y Empresas","description":"","potentialAction":[{"@type":"SearchAction","target":{"@type":"EntryPoint","urlTemplate":"https:\/\/derechoshumanosyempresas.cl\/?s={search_term_string}"},"query-input":{"@type":"PropertyValueSpecification","valueRequired":true,"valueName":"search_term_string"}}],"inLanguage":"es"},{"@type":"Person","@id":"https:\/\/derechoshumanosyempresas.cl\/#\/schema\/person\/6476dd2bd26bc2ab59a33de40c2c2baa","name":"admin","image":{"@type":"ImageObject","inLanguage":"es","@id":"https:\/\/secure.gravatar.com\/avatar\/e482226d0b315127399077d5c4b71da7603e497013d2412b38a9884e70d87e81?s=96&d=mm&r=g","url":"https:\/\/secure.gravatar.com\/avatar\/e482226d0b315127399077d5c4b71da7603e497013d2412b38a9884e70d87e81?s=96&d=mm&r=g","contentUrl":"https:\/\/secure.gravatar.com\/avatar\/e482226d0b315127399077d5c4b71da7603e497013d2412b38a9884e70d87e81?s=96&d=mm&r=g","caption":"admin"},"sameAs":["https:\/\/derechoshumanosyempresas.cl"],"url":"https:\/\/derechoshumanosyempresas.cl\/index.php\/author\/admin\/"}]}},"wpmagazine_modules_lite_featured_media_urls":{"thumbnail":"","cvmm-medium":"","cvmm-medium-plus":"","cvmm-portrait":"","cvmm-medium-square":"","cvmm-large":"","cvmm-small":"","full":""},"categories_names":{"43":{"name":"Noticias","link":"https:\/\/derechoshumanosyempresas.cl\/index.php\/category\/centro-de-informacion\/"}},"tags_names":{"169":{"name":"migraci\u00f3n","link":"https:\/\/derechoshumanosyempresas.cl\/index.php\/tag\/migracion\/"},"167":{"name":"migraci\u00f3n irregular","link":"https:\/\/derechoshumanosyempresas.cl\/index.php\/tag\/migracion-irregular\/"},"168":{"name":"migrantes","link":"https:\/\/derechoshumanosyempresas.cl\/index.php\/tag\/migrantes\/"}},"comments_number":"0","_links":{"self":[{"href":"https:\/\/derechoshumanosyempresas.cl\/index.php\/wp-json\/wp\/v2\/posts\/3526","targetHints":{"allow":["GET"]}}],"collection":[{"href":"https:\/\/derechoshumanosyempresas.cl\/index.php\/wp-json\/wp\/v2\/posts"}],"about":[{"href":"https:\/\/derechoshumanosyempresas.cl\/index.php\/wp-json\/wp\/v2\/types\/post"}],"author":[{"embeddable":true,"href":"https:\/\/derechoshumanosyempresas.cl\/index.php\/wp-json\/wp\/v2\/users\/1"}],"replies":[{"embeddable":true,"href":"https:\/\/derechoshumanosyempresas.cl\/index.php\/wp-json\/wp\/v2\/comments?post=3526"}],"version-history":[{"count":1,"href":"https:\/\/derechoshumanosyempresas.cl\/index.php\/wp-json\/wp\/v2\/posts\/3526\/revisions"}],"predecessor-version":[{"id":3527,"href":"https:\/\/derechoshumanosyempresas.cl\/index.php\/wp-json\/wp\/v2\/posts\/3526\/revisions\/3527"}],"wp:attachment":[{"href":"https:\/\/derechoshumanosyempresas.cl\/index.php\/wp-json\/wp\/v2\/media?parent=3526"}],"wp:term":[{"taxonomy":"category","embeddable":true,"href":"https:\/\/derechoshumanosyempresas.cl\/index.php\/wp-json\/wp\/v2\/categories?post=3526"},{"taxonomy":"post_tag","embeddable":true,"href":"https:\/\/derechoshumanosyempresas.cl\/index.php\/wp-json\/wp\/v2\/tags?post=3526"}],"curies":[{"name":"wp","href":"https:\/\/api.w.org\/{rel}","templated":true}]}}