{"id":3520,"date":"2026-04-30T16:14:04","date_gmt":"2026-04-30T20:14:04","guid":{"rendered":"https:\/\/derechoshumanosyempresas.cl\/?p=3520"},"modified":"2026-04-30T16:14:04","modified_gmt":"2026-04-30T20:14:04","slug":"opinion-trabajo-forzoso-en-chile-es-un-muy-mal-negocio","status":"publish","type":"post","link":"https:\/\/derechoshumanosyempresas.cl\/index.php\/2026\/04\/30\/opinion-trabajo-forzoso-en-chile-es-un-muy-mal-negocio\/","title":{"rendered":"Columna de Opini\u00f3n | El trabajo forzoso es muy mal negocio"},"content":{"rendered":"<h3><em><strong>Por Carolina Rudnick Vizcarra, presidenta de Fundaci\u00f3n Libera y miembro del Comit\u00e9 Coordinador de la Plataforma de Sociedad Civil Chilena de Derechos Humanos y Empresas. Publicada en <a href=\"https:\/\/www.elmostrador.cl\/noticias\/opinion\/columnas\/2026\/03\/29\/el-trabajo-forzoso-es-muy-mal-negocio\/\">El Mostrador.<\/a><\/strong><\/em><\/h3>\n<p><span style=\"font-weight: 400;\">El 12 de marzo de 2026, la Representaci\u00f3n Comercial de los Estados Unidos (USTR, por sus siglas en ingl\u00e9s) inici\u00f3 investigaciones formales contra 60 econom\u00edas en virtud de la Secci\u00f3n 301(b) de la Ley de Comercio de 1974. El objeto de <\/span><a href=\"https:\/\/ustr.gov\/about\/policy-offices\/press-office\/press-releases\/2026\/march\/ustr-initiates-60-section-301-investigations-relating-failures-take-action-forced-labor\"><span style=\"font-weight: 400;\">estas investigaciones<\/span><\/a><span style=\"font-weight: 400;\"> es determinar si los actos, pol\u00edticas y pr\u00e1cticas de cada una de estas econom\u00edas \u2014 en particular, la omisi\u00f3n de imponer y aplicar efectivamente una prohibici\u00f3n a la importaci\u00f3n de bienes producidos con trabajo forzado \u2014 constituyen pr\u00e1cticas irrazonables o discriminatorias que obstaculizan o restringen el comercio de los Estados Unidos.<\/span><\/p>\n<p><span style=\"font-weight: 400;\">El argumento es, m\u00e1s o menos, el siguiente: el uso de trabajo forzoso en la producci\u00f3n de bienes es un pr\u00e1ctica desleal en el marco del mercado global, toda vez que constituye una forma de dumping social y posible infracci\u00f3n a la libre competencia. El dumping social se produce cuando las empresas explotan costes laborales m\u00e1s bajos \u2014frecuentemente mediante la vulneraci\u00f3n de leyes laborales o derechos humanos\u2014 para obtener una ventaja injusta en el mercado. Cuando los trabajadores son sometidos a trabajo forzado, por lo general se les paga por debajo del salario legal, se les niegan sus derechos y se les obliga a trabajar en condiciones abusivas. Esto reduce artificialmente los costes empresariales, socavando a los competidores que s\u00ed respetan las normas laborales legales.\u00a0<\/span><\/p>\n<p><span style=\"font-weight: 400;\">Las 60 econom\u00edas investigadas corresponden a los principales socios comerciales de ese pa\u00eds. <\/span><a href=\"https:\/\/www.df.cl\/internacional\/economia\/eeuu-incluye-a-chile-en-investigacion-sobre-practicas-comerciales-desleales\"><span style=\"font-weight: 400;\">Chile<\/span><\/a><span style=\"font-weight: 400;\"> figura entre ellas.<\/span><\/p>\n<p><span style=\"font-weight: 400;\">Para nadie es desconocido que estas investigaciones surgen en momentos en que el presidente norteamericano intenta restablecer la presi\u00f3n arancelaria sobre pa\u00edses de todo el mundo despu\u00e9s de que la Corte Suprema de Estados Unidos declarara ilegales sus aranceles globales. Tambi\u00e9n es evidente que el t\u00e9rmino \u201cpr\u00e1ctica comercial desleal\u201d es un eufemismo en relaci\u00f3n con la naturaleza, sentido y alcance del concepto de trabajo forzoso. Hablar de trabajo forzoso como una mera pr\u00e1ctica comercial desleal no le hace justicia a su naturaleza de ser una de las m\u00e1s graves violaciones de derechos humanos socio-laborales, constituir un mercado ilegal que <\/span><a href=\"https:\/\/www.ilo.org\/publications\/major-publications\/profits-and-poverty-economics-forced-labour\"><span style=\"font-weight: 400;\">produce ganancias por m\u00e1s de 236 mil millones de d\u00f3lares<\/span><\/a><span style=\"font-weight: 400;\">, afecta a 28 millones de personas y est\u00e1 ocurriendo en los <\/span><a href=\"https:\/\/www.ilo.org\/sites\/default\/files\/wcmsp5\/groups\/public\/@ed_norm\/@ipec\/documents\/publication\/wcms_854733.pdf\"><span style=\"font-weight: 400;\">sectores productivos m\u00e1s relevantes del PIB de un pa\u00eds<\/span><\/a><span style=\"font-weight: 400;\">, de acuerdo a los \u00faltimos estudios de la OIT.\u00a0<\/span><\/p>\n<p><span style=\"font-weight: 400;\">Estados Unidos no es el \u00fanico pa\u00eds que tiene prohibiciones de importaci\u00f3n de productos elaborados con trabajo forzado. Canad\u00e1 y M\u00e9xico tambi\u00e9n tienen prohibiciones similares \u2013producto del tratado de libre comercio entre los tres pa\u00edses\u2013 y la Uni\u00f3n Europea recientemente aprob\u00f3 el <\/span><a href=\"https:\/\/single-market-economy.ec.europa.eu\/single-market\/goods\/forced-labour-regulation_en\"><span style=\"font-weight: 400;\">Reglamento contra el Trabajo Forzoso<\/span><\/a><span style=\"font-weight: 400;\"> que exige a la Comisi\u00f3n Europea y a los gobiernos de los Estados miembros impedir que cualquier producto vinculado al trabajo forzoso sea comercializado en el mercado europeo \u2013o, si fue producido dentro de la UE, exportado para su venta en terceros pa\u00edses\u2013. Entrar\u00e1 en plena vigencia en diciembre de 2027.<\/span><\/p>\n<p><span style=\"font-weight: 400;\">M\u00e1s all\u00e1 de las intenciones y la sinceridad de las convicciones sobre la ilicitud del trabajo forzoso, las investigaciones del USTR han logrado situar el concepto en el debate p\u00fablico y poner de manifiesto las deficiencias de los pa\u00edses en la materia. Con la pr\u00f3xima entrada en vigor del Reglamento europeo y la adopci\u00f3n de cl\u00e1usulas laborales en los tratados sobre tarifas,\u00a0 la tendencia global es inequ\u00edvoca: el mercado mundial avanza hacia la incorporaci\u00f3n del cumplimiento normativo en materia de trabajo forzoso como un requisito jur\u00eddico est\u00e1ndar.<\/span><\/p>\n<p><span style=\"font-weight: 400;\">Surge la pregunta, entonces. El Estado de Chile, \u00bfha abordado esta tem\u00e1tica?<\/span><\/p>\n<p><b>El trabajo forzoso y su abordaje en Chile<\/b><\/p>\n<p><span style=\"font-weight: 400;\">Desde al menos 2018, sindicatos, sociedad civil especializada y academia han alertado al Estado de Chile sobre denuncias cre\u00edbles de trabajo forzoso en sectores exportadores clave como la <\/span><a href=\"https:\/\/www.ciperchile.cl\/2021\/09\/28\/fiscalia-investiga-denuncia-de-trabajo-forzado-masivo-de-inmigrantes-en-cosecha-de-arandanos-y-mandarinas\/\"><span style=\"font-weight: 400;\">agricultura<\/span><\/a><span style=\"font-weight: 400;\"> y la <\/span><a href=\"https:\/\/www.theguardian.com\/global-development\/2025\/dec\/02\/chile-salmon-farms-fish-industry\"><span style=\"font-weight: 400;\">acuicultura<\/span><\/a><span style=\"font-weight: 400;\">. <\/span><a href=\"https:\/\/derechoshumanos.udp.cl\/cms\/wp-content\/uploads\/2024\/11\/INFORME-ANUAL-DDHH-UDP-2024-CAP-6.pdf\"><span style=\"font-weight: 400;\">Estudios acad\u00e9micos<\/span><\/a><span style=\"font-weight: 400;\">, <\/span><a href=\"https:\/\/bibliotecadigital.indh.cl\/items\/37b32e37-d88d-4a72-a3b5-f9213c74c36f\"><span style=\"font-weight: 400;\">informes de organismos internacionales<\/span><\/a><span style=\"font-weight: 400;\"> y <\/span><a href=\"https:\/\/www.ohchr.org\/es\/documents\/thematic-reports\/ahrc5033-trafficking-persons-agriculture-sector-human-rights-due\"><span style=\"font-weight: 400;\">relatores especiales<\/span><\/a><span style=\"font-weight: 400;\">, presentaciones ante tribunales y entidades extranjeras, y <\/span><a href=\"https:\/\/www.suseso.cl\/607\/w3-article-586071.html\"><span style=\"font-weight: 400;\">reportes del propio Estado<\/span><\/a><span style=\"font-weight: 400;\"> documentan la persistencia de indicadores concretos de trabajo forzoso de acuerdo a la OIT en estos sectores productivos: abuso de vulnerabilidad, enga\u00f1o, restricci\u00f3n de movimiento, aislamiento, violencia f\u00edsica y sexual, retenci\u00f3n de documentos y salarios, servidumbre por deudas, jornadas excesivas y condiciones de trabajo y de vida abusivas.<\/span><\/p>\n<p><span style=\"font-weight: 400;\">Ir\u00f3nicamente, la ausencia del tema en la discusi\u00f3n p\u00fablica no ha impedido que Chile haya sido protagonista global en la materia en los \u00faltimos ocho a\u00f1os, una gesti\u00f3n que ha abarcado las \u00faltimas dos administraciones. En 2018, Chile se integr\u00f3 como <\/span><a href=\"https:\/\/www.ilo.org\/es\/resource\/news\/chile-primer-pais-pionero-de-la-alianza-87-en-la-region\"><span style=\"font-weight: 400;\">primer Pa\u00eds Pionero de Am\u00e9rica Latina<\/span><\/a><span style=\"font-weight: 400;\"> a la Alianza 8.7 de la OIT, una iniciativa mundial para poner fin al trabajo forzoso, las formas modernas de esclavitud, la trata de personas y el trabajo infantil. En 2021 promulg\u00f3 el <\/span><a href=\"https:\/\/www.bcn.cl\/leychile\/navegar\/imprimir?idNorma=1165323&amp;idVersion=2021-09-16\"><span style=\"font-weight: 400;\">Convenio N\u00ba 29 y su Protocolo de 2014<\/span><\/a><span style=\"font-weight: 400;\"> \u2013los instrumentos claves en la materia\u2013 , incorpor\u00f3 la erradicaci\u00f3n del trabajo forzoso como objetivo estrat\u00e9gico del Ministerio del Trabajo y cre\u00f3 una <\/span><a href=\"http:\/\/tratadepersonas.subinterior.gov.cl\/noticias\/1a-sesion-de-comision-asesora-para-implementar-protocolo-n29-oit-sobre-trabajo-forzoso\/\"><span style=\"font-weight: 400;\">comisi\u00f3n asesora ministerial<\/span><\/a><span style=\"font-weight: 400;\"> para la eliminaci\u00f3n del trabajo forzoso.\u00a0 En 2022, se tom\u00f3 la posta y se dobl\u00f3 la apuesta. Se cre\u00f3 un departamento espec\u00edfico en la Subsecretaria del Trabajo para liderar el trabajo de la comisi\u00f3n asesora, y a nivel internacional, Chile <\/span><a href=\"https:\/\/www.minrel.gob.cl\/sala-de-prensa\/chile-asume-la-presidencia-de-la-alianza-mundial-8-7-contra-el-trabajo-0\"><span style=\"font-weight: 400;\">asumi\u00f3 la presidencia de la Alianza 8.7<\/span><\/a><span style=\"font-weight: 400;\">. Sin embargo, en julio de 2023, mientras Chile presid\u00eda esa instancia, <\/span><a href=\"https:\/\/www.youtube.com\/watch?v=1kY0TPyyTRI\"><span style=\"font-weight: 400;\">era denunciado ante la CIDH<\/span><\/a><span style=\"font-weight: 400;\"> por falta de debida diligencia en la prevenci\u00f3n y sanci\u00f3n de la trata y el trabajo forzado.\u00a0<\/span><\/p>\n<p><span style=\"font-weight: 400;\">Cual profec\u00eda autocumplida, en mayo de 2024, el Comit\u00e9 de Derechos Humanos de la ONU, en su evaluaci\u00f3n de Chile, se\u00f1al\u00f3 el abordaje de la trata de personas como uno de los <\/span><a href=\"https:\/\/docs.un.org\/es\/ccpr\/c\/chl\/co\/7\"><span style=\"font-weight: 400;\">principales motivos de preocupaci\u00f3n<\/span><\/a><span style=\"font-weight: 400;\"> respecto del pa\u00eds.<\/span><\/p>\n<p><span style=\"font-weight: 400;\">Durante los a\u00f1os que siguieron, la Subsecretar\u00eda del Trabajo rechaz\u00f3 sistem\u00e1ticamente la participaci\u00f3n de la sociedad civil en la elaboraci\u00f3n de la pol\u00edtica p\u00fablica. En octubre de 2025 <\/span><a href=\"https:\/\/www.subtrab.gob.cl\/comision-asesora-ministerial-aprobo-la-politica-y-el-plan-de-accion-para-la-eliminacion-del-trabajo-forzoso\/\"><span style=\"font-weight: 400;\">aprob\u00f3 una Pol\u00edtica Nacional y Plan de Acci\u00f3n contra el Trabajo Forzoso<\/span><\/a><span style=\"font-weight: 400;\">, pero ambos dejaron entregado a un plan de implementaci\u00f3n posterior la definici\u00f3n de acciones concretas, metas e indicadores. Ese plan nunca se elabor\u00f3.\u00a0<\/span><\/p>\n<p><span style=\"font-weight: 400;\">Las autoridades tampoco recogieron las demandas de fortalecer la legislaci\u00f3n laboral sectorial de los sectores econ\u00f3micos riesgosos, como la <\/span><a href=\"https:\/\/www.bcn.cl\/leychile\/navegar?idNorma=1220531\"><span style=\"font-weight: 400;\">Ley de Buceo<\/span><\/a><span style=\"font-weight: 400;\">, que dej\u00f3 entregado a un reglamento del Ministerio del Trabajo la definici\u00f3n de aspectos claves sobre derechos laborales y condiciones de seguridad y protecci\u00f3n de los buzos; y el <\/span><a href=\"https:\/\/tramitacion.senado.cl\/appsenado\/templates\/tramitacion\/index.php?boletin_ini=16072-06\"><span style=\"font-weight: 400;\">Bolet\u00edn 16072-06<\/span><\/a><span style=\"font-weight: 400;\"> que modifica la Ley N\u00b021.325 de migraci\u00f3n y criminaliza exactamente la condici\u00f3n de la que se abusa cuando se impone trabajo forzoso a trabajadores migrantes en el agro, esto es, su condici\u00f3n migratoria irregular.\u00a0<\/span><\/p>\n<p><span style=\"font-weight: 400;\">Finalmente, y quiz\u00e1s lo m\u00e1s paradojal de todo, Chile no ha tipificado el trabajo forzoso como delito aut\u00f3nomo: lo contempla \u00fanicamente como finalidad del delito de trata de personas. Aunque la distinci\u00f3n es m\u00e1s aparente que real \u2014la trata refiere al transporte y comercio de personas con fines de explotaci\u00f3n futura \u2014sin que esta deba materializarse\u2014, mientras que el trabajo forzoso alude a la explotaci\u00f3n efectivamente consumada, y pr\u00e1cticamente todos los casos se detectan en etapa de explotaci\u00f3n\u2014, los quince a\u00f1os de vigencia de la Ley 20.507 arrojan estad\u00edsticas de detecci\u00f3n, formalizaci\u00f3n y condena <\/span><a href=\"https:\/\/www.politicasmigratorias.org\/publicaciones\/informe-trata-de-personas-en-chile\"><span style=\"font-weight: 400;\">llamativamente bajas<\/span><\/a><span style=\"font-weight: 400;\">, sobre todo frente a las estimaciones del <\/span><a href=\"https:\/\/cdn.walkfree.org\/content\/uploads\/2023\/09\/28133552\/GSI-Snapshot-Chile.pdf\"><span style=\"font-weight: 400;\">\u00cdndice Global de Esclavitud<\/span><\/a><span style=\"font-weight: 400;\">, que sit\u00faa en 61.000 el n\u00famero de personas en situaci\u00f3n de esclavitud moderna en Chile.<\/span><\/p>\n<p><b>El desaf\u00edo y la oportunidad<\/b><\/p>\n<p><span style=\"font-weight: 400;\">La investigaci\u00f3n del USTR nos encuentra con un r\u00e9gimen jur\u00eddico d\u00e9bil, fiscalizaci\u00f3n superficial y un historial de registros serios y coherentes de trabajo forzado en sectores claves de la econom\u00eda. Para Chile, cuya econom\u00eda exportadora depende del acceso al mercado global, esto no es solo una cuesti\u00f3n de pol\u00edtica comercial: es una oportunidad \u2014y una urgencia\u2014 para fortalecer sus marcos normativos e institucionales.<\/span><\/p>\n<p><span style=\"font-weight: 400;\">El primer desaf\u00edo es acabar con la invisibilizaci\u00f3n y normalizaci\u00f3n del trabajo forzoso y asumir que recae preferentemente sobre los trabajadores m\u00e1s vulnerables: migrantes y nacionales de zonas extremas y rurales. No hay posibilidad de enfrentar un fen\u00f3meno si no se reconoce su existencia \u2014y esto vale para el Estado, las empresas y los individuos.<\/span><\/p>\n<p><span style=\"font-weight: 400;\">El segundo desaf\u00edo es abordar causas estructurales. Se requiere una transformaci\u00f3n en los esquemas de subcontrataci\u00f3n y su r\u00e9gimen de fiscalizaci\u00f3n, principal factor impulsor del trabajo forzoso en las cadenas de suministro: funcionan como cortafuegos para las empresas principales, las separan de sus obligaciones laborales y exigencias internacionales, y promueven una competencia de precios entre contratistas que, en ausencia de fiscalizaci\u00f3n efectiva, afecta est\u00e1ndares de seguridad y deteriora las condiciones de trabajo decente.<\/span><\/p>\n<p><span style=\"font-weight: 400;\">El tercer desaf\u00edo es vencer la <\/span><a href=\"https:\/\/derechoshumanosyempresas.cl\/index.php\/2026\/03\/12\/columna-de-opinion-gobierno-de-kast-y-el-peligro-de-una-captura-corporativa\/\"><span style=\"font-weight: 400;\">captura corporativa<\/span><\/a><span style=\"font-weight: 400;\"> y proteger a los defensores de derechos humanos. Con representantes del empresariado en puestos clave que determinan la pol\u00edtica comercial, los est\u00e1ndares laborales y los compromisos internacionales, ser\u00e1 crucial que las autoridades entrantes cumplan en\u00e9rgicamente el deber de ingratitud y ejerzan la debida imparcialidad en sus decisiones.<\/span><\/p>\n<p><span style=\"font-weight: 400;\">El acento de la nueva administraci\u00f3n est\u00e1 puesto en seguridad y crecimiento. Pues bien, ambos son incompatibles con la impunidad del trabajo forzoso. La trata de personas y el trabajo forzoso son extremadamente crimin\u00f3genos: corrompen la institucionalidad y deterioran el tejido social. No habr\u00e1 seguridad ni crecimiento si permitimos que coexistan seres humanos bajo sistemas diferenciados de protecci\u00f3n jur\u00eddica. Esto <\/span><i><span style=\"font-weight: 400;\">es<\/span><\/i><span style=\"font-weight: 400;\"> una emergencia. Y no hay m\u00e1s tiempo que perder.<\/span><\/p>\n","protected":false},"excerpt":{"rendered":"<p>Por Carolina Rudnick Vizcarra, presidenta de Fundaci\u00f3n Libera y miembro del Comit\u00e9 Coordinador de la Plataforma de Sociedad Civil Chilena de Derechos [&hellip;]<\/p>\n","protected":false},"author":1,"featured_media":3521,"comment_status":"open","ping_status":"open","sticky":false,"template":"","format":"standard","meta":{"footnotes":""},"categories":[43],"tags":[140,163,162],"class_list":["post-3520","post","type-post","status-publish","format-standard","has-post-thumbnail","hentry","category-centro-de-informacion","tag-captura-corporativa","tag-cidh","tag-trabajo-forzoso"],"yoast_head":"<!-- This site is optimized with the Yoast SEO plugin v27.4 - https:\/\/yoast.com\/product\/yoast-seo-wordpress\/ -->\n<title>Columna de Opini\u00f3n | El trabajo forzoso es muy mal negocio - Plataforma Chilena de la Sociedad Civil de Derechos Humanos y Empresas<\/title>\n<meta name=\"description\" content=\"El trabajo forzoso en Chile no solo vulnera derechos humanos: tambi\u00e9n amenaza el comercio internacional y expone debilidades estructurales urgentes de abordar.\" \/>\n<meta name=\"robots\" content=\"index, follow, max-snippet:-1, max-image-preview:large, max-video-preview:-1\" \/>\n<link rel=\"canonical\" href=\"https:\/\/derechoshumanosyempresas.cl\/index.php\/2026\/04\/30\/opinion-trabajo-forzoso-en-chile-es-un-muy-mal-negocio\/\" \/>\n<meta property=\"og:locale\" content=\"es_ES\" \/>\n<meta property=\"og:type\" content=\"article\" \/>\n<meta property=\"og:title\" content=\"Columna de Opini\u00f3n | El trabajo forzoso es muy mal negocio - Plataforma Chilena de la Sociedad Civil de Derechos Humanos y Empresas\" \/>\n<meta property=\"og:description\" content=\"El trabajo forzoso en Chile no solo vulnera derechos humanos: tambi\u00e9n amenaza el comercio internacional y expone debilidades estructurales urgentes de abordar.\" \/>\n<meta property=\"og:url\" content=\"https:\/\/derechoshumanosyempresas.cl\/index.php\/2026\/04\/30\/opinion-trabajo-forzoso-en-chile-es-un-muy-mal-negocio\/\" \/>\n<meta property=\"og:site_name\" content=\"Plataforma Chilena de la Sociedad Civil de Derechos Humanos y Empresas\" \/>\n<meta property=\"article:published_time\" content=\"2026-04-30T20:14:04+00:00\" \/>\n<meta property=\"og:image\" content=\"https:\/\/derechoshumanosyempresas.cl\/wp-content\/uploads\/2026\/04\/esclavos.jpg\" \/>\n\t<meta property=\"og:image:width\" content=\"624\" \/>\n\t<meta property=\"og:image:height\" content=\"314\" \/>\n\t<meta property=\"og:image:type\" content=\"image\/jpeg\" \/>\n<meta name=\"author\" content=\"admin\" \/>\n<meta name=\"twitter:card\" content=\"summary_large_image\" \/>\n<meta name=\"twitter:label1\" content=\"Escrito por\" \/>\n\t<meta name=\"twitter:data1\" content=\"admin\" \/>\n\t<meta name=\"twitter:label2\" content=\"Tiempo de lectura\" \/>\n\t<meta name=\"twitter:data2\" content=\"8 minutos\" \/>\n<script type=\"application\/ld+json\" class=\"yoast-schema-graph\">{\"@context\":\"https:\\\/\\\/schema.org\",\"@graph\":[{\"@type\":\"Article\",\"@id\":\"https:\\\/\\\/derechoshumanosyempresas.cl\\\/index.php\\\/2026\\\/04\\\/30\\\/opinion-trabajo-forzoso-en-chile-es-un-muy-mal-negocio\\\/#article\",\"isPartOf\":{\"@id\":\"https:\\\/\\\/derechoshumanosyempresas.cl\\\/index.php\\\/2026\\\/04\\\/30\\\/opinion-trabajo-forzoso-en-chile-es-un-muy-mal-negocio\\\/\"},\"author\":{\"name\":\"admin\",\"@id\":\"https:\\\/\\\/derechoshumanosyempresas.cl\\\/#\\\/schema\\\/person\\\/6476dd2bd26bc2ab59a33de40c2c2baa\"},\"headline\":\"Columna de Opini\u00f3n | El trabajo forzoso es muy mal negocio\",\"datePublished\":\"2026-04-30T20:14:04+00:00\",\"mainEntityOfPage\":{\"@id\":\"https:\\\/\\\/derechoshumanosyempresas.cl\\\/index.php\\\/2026\\\/04\\\/30\\\/opinion-trabajo-forzoso-en-chile-es-un-muy-mal-negocio\\\/\"},\"wordCount\":1666,\"commentCount\":0,\"image\":{\"@id\":\"https:\\\/\\\/derechoshumanosyempresas.cl\\\/index.php\\\/2026\\\/04\\\/30\\\/opinion-trabajo-forzoso-en-chile-es-un-muy-mal-negocio\\\/#primaryimage\"},\"thumbnailUrl\":\"https:\\\/\\\/derechoshumanosyempresas.cl\\\/wp-content\\\/uploads\\\/2026\\\/04\\\/esclavos.jpg\",\"keywords\":[\"Captura corporativa\",\"CIDH\",\"trabajo forzoso\"],\"articleSection\":[\"Noticias\"],\"inLanguage\":\"es\",\"potentialAction\":[{\"@type\":\"CommentAction\",\"name\":\"Comment\",\"target\":[\"https:\\\/\\\/derechoshumanosyempresas.cl\\\/index.php\\\/2026\\\/04\\\/30\\\/opinion-trabajo-forzoso-en-chile-es-un-muy-mal-negocio\\\/#respond\"]}]},{\"@type\":\"WebPage\",\"@id\":\"https:\\\/\\\/derechoshumanosyempresas.cl\\\/index.php\\\/2026\\\/04\\\/30\\\/opinion-trabajo-forzoso-en-chile-es-un-muy-mal-negocio\\\/\",\"url\":\"https:\\\/\\\/derechoshumanosyempresas.cl\\\/index.php\\\/2026\\\/04\\\/30\\\/opinion-trabajo-forzoso-en-chile-es-un-muy-mal-negocio\\\/\",\"name\":\"Columna de Opini\u00f3n | El trabajo forzoso es muy mal negocio - Plataforma Chilena de la Sociedad Civil de Derechos Humanos y Empresas\",\"isPartOf\":{\"@id\":\"https:\\\/\\\/derechoshumanosyempresas.cl\\\/#website\"},\"primaryImageOfPage\":{\"@id\":\"https:\\\/\\\/derechoshumanosyempresas.cl\\\/index.php\\\/2026\\\/04\\\/30\\\/opinion-trabajo-forzoso-en-chile-es-un-muy-mal-negocio\\\/#primaryimage\"},\"image\":{\"@id\":\"https:\\\/\\\/derechoshumanosyempresas.cl\\\/index.php\\\/2026\\\/04\\\/30\\\/opinion-trabajo-forzoso-en-chile-es-un-muy-mal-negocio\\\/#primaryimage\"},\"thumbnailUrl\":\"https:\\\/\\\/derechoshumanosyempresas.cl\\\/wp-content\\\/uploads\\\/2026\\\/04\\\/esclavos.jpg\",\"datePublished\":\"2026-04-30T20:14:04+00:00\",\"author\":{\"@id\":\"https:\\\/\\\/derechoshumanosyempresas.cl\\\/#\\\/schema\\\/person\\\/6476dd2bd26bc2ab59a33de40c2c2baa\"},\"description\":\"El trabajo forzoso en Chile no solo vulnera derechos humanos: tambi\u00e9n amenaza el comercio internacional y expone debilidades estructurales urgentes de abordar.\",\"breadcrumb\":{\"@id\":\"https:\\\/\\\/derechoshumanosyempresas.cl\\\/index.php\\\/2026\\\/04\\\/30\\\/opinion-trabajo-forzoso-en-chile-es-un-muy-mal-negocio\\\/#breadcrumb\"},\"inLanguage\":\"es\",\"potentialAction\":[{\"@type\":\"ReadAction\",\"target\":[\"https:\\\/\\\/derechoshumanosyempresas.cl\\\/index.php\\\/2026\\\/04\\\/30\\\/opinion-trabajo-forzoso-en-chile-es-un-muy-mal-negocio\\\/\"]}]},{\"@type\":\"ImageObject\",\"inLanguage\":\"es\",\"@id\":\"https:\\\/\\\/derechoshumanosyempresas.cl\\\/index.php\\\/2026\\\/04\\\/30\\\/opinion-trabajo-forzoso-en-chile-es-un-muy-mal-negocio\\\/#primaryimage\",\"url\":\"https:\\\/\\\/derechoshumanosyempresas.cl\\\/wp-content\\\/uploads\\\/2026\\\/04\\\/esclavos.jpg\",\"contentUrl\":\"https:\\\/\\\/derechoshumanosyempresas.cl\\\/wp-content\\\/uploads\\\/2026\\\/04\\\/esclavos.jpg\",\"width\":624,\"height\":314},{\"@type\":\"BreadcrumbList\",\"@id\":\"https:\\\/\\\/derechoshumanosyempresas.cl\\\/index.php\\\/2026\\\/04\\\/30\\\/opinion-trabajo-forzoso-en-chile-es-un-muy-mal-negocio\\\/#breadcrumb\",\"itemListElement\":[{\"@type\":\"ListItem\",\"position\":1,\"name\":\"Portada\",\"item\":\"https:\\\/\\\/derechoshumanosyempresas.cl\\\/\"},{\"@type\":\"ListItem\",\"position\":2,\"name\":\"Columna de Opini\u00f3n | El trabajo forzoso es muy mal negocio\"}]},{\"@type\":\"WebSite\",\"@id\":\"https:\\\/\\\/derechoshumanosyempresas.cl\\\/#website\",\"url\":\"https:\\\/\\\/derechoshumanosyempresas.cl\\\/\",\"name\":\"Plataforma Chilena de la Sociedad Civil de Derechos Humanos y Empresas\",\"description\":\"\",\"potentialAction\":[{\"@type\":\"SearchAction\",\"target\":{\"@type\":\"EntryPoint\",\"urlTemplate\":\"https:\\\/\\\/derechoshumanosyempresas.cl\\\/?s={search_term_string}\"},\"query-input\":{\"@type\":\"PropertyValueSpecification\",\"valueRequired\":true,\"valueName\":\"search_term_string\"}}],\"inLanguage\":\"es\"},{\"@type\":\"Person\",\"@id\":\"https:\\\/\\\/derechoshumanosyempresas.cl\\\/#\\\/schema\\\/person\\\/6476dd2bd26bc2ab59a33de40c2c2baa\",\"name\":\"admin\",\"image\":{\"@type\":\"ImageObject\",\"inLanguage\":\"es\",\"@id\":\"https:\\\/\\\/secure.gravatar.com\\\/avatar\\\/e482226d0b315127399077d5c4b71da7603e497013d2412b38a9884e70d87e81?s=96&d=mm&r=g\",\"url\":\"https:\\\/\\\/secure.gravatar.com\\\/avatar\\\/e482226d0b315127399077d5c4b71da7603e497013d2412b38a9884e70d87e81?s=96&d=mm&r=g\",\"contentUrl\":\"https:\\\/\\\/secure.gravatar.com\\\/avatar\\\/e482226d0b315127399077d5c4b71da7603e497013d2412b38a9884e70d87e81?s=96&d=mm&r=g\",\"caption\":\"admin\"},\"sameAs\":[\"https:\\\/\\\/derechoshumanosyempresas.cl\"],\"url\":\"https:\\\/\\\/derechoshumanosyempresas.cl\\\/index.php\\\/author\\\/admin\\\/\"}]}<\/script>\n<!-- \/ Yoast SEO plugin. -->","yoast_head_json":{"title":"Columna de Opini\u00f3n | El trabajo forzoso es muy mal negocio - Plataforma Chilena de la Sociedad Civil de Derechos Humanos y Empresas","description":"El trabajo forzoso en Chile no solo vulnera derechos humanos: tambi\u00e9n amenaza el comercio internacional y expone debilidades estructurales urgentes de abordar.","robots":{"index":"index","follow":"follow","max-snippet":"max-snippet:-1","max-image-preview":"max-image-preview:large","max-video-preview":"max-video-preview:-1"},"canonical":"https:\/\/derechoshumanosyempresas.cl\/index.php\/2026\/04\/30\/opinion-trabajo-forzoso-en-chile-es-un-muy-mal-negocio\/","og_locale":"es_ES","og_type":"article","og_title":"Columna de Opini\u00f3n | El trabajo forzoso es muy mal negocio - Plataforma Chilena de la Sociedad Civil de Derechos Humanos y Empresas","og_description":"El trabajo forzoso en Chile no solo vulnera derechos humanos: tambi\u00e9n amenaza el comercio internacional y expone debilidades estructurales urgentes de abordar.","og_url":"https:\/\/derechoshumanosyempresas.cl\/index.php\/2026\/04\/30\/opinion-trabajo-forzoso-en-chile-es-un-muy-mal-negocio\/","og_site_name":"Plataforma Chilena de la Sociedad Civil de Derechos Humanos y Empresas","article_published_time":"2026-04-30T20:14:04+00:00","og_image":[{"width":624,"height":314,"url":"https:\/\/derechoshumanosyempresas.cl\/wp-content\/uploads\/2026\/04\/esclavos.jpg","type":"image\/jpeg"}],"author":"admin","twitter_card":"summary_large_image","twitter_misc":{"Escrito por":"admin","Tiempo de lectura":"8 minutos"},"schema":{"@context":"https:\/\/schema.org","@graph":[{"@type":"Article","@id":"https:\/\/derechoshumanosyempresas.cl\/index.php\/2026\/04\/30\/opinion-trabajo-forzoso-en-chile-es-un-muy-mal-negocio\/#article","isPartOf":{"@id":"https:\/\/derechoshumanosyempresas.cl\/index.php\/2026\/04\/30\/opinion-trabajo-forzoso-en-chile-es-un-muy-mal-negocio\/"},"author":{"name":"admin","@id":"https:\/\/derechoshumanosyempresas.cl\/#\/schema\/person\/6476dd2bd26bc2ab59a33de40c2c2baa"},"headline":"Columna de Opini\u00f3n | El trabajo forzoso es muy mal negocio","datePublished":"2026-04-30T20:14:04+00:00","mainEntityOfPage":{"@id":"https:\/\/derechoshumanosyempresas.cl\/index.php\/2026\/04\/30\/opinion-trabajo-forzoso-en-chile-es-un-muy-mal-negocio\/"},"wordCount":1666,"commentCount":0,"image":{"@id":"https:\/\/derechoshumanosyempresas.cl\/index.php\/2026\/04\/30\/opinion-trabajo-forzoso-en-chile-es-un-muy-mal-negocio\/#primaryimage"},"thumbnailUrl":"https:\/\/derechoshumanosyempresas.cl\/wp-content\/uploads\/2026\/04\/esclavos.jpg","keywords":["Captura corporativa","CIDH","trabajo forzoso"],"articleSection":["Noticias"],"inLanguage":"es","potentialAction":[{"@type":"CommentAction","name":"Comment","target":["https:\/\/derechoshumanosyempresas.cl\/index.php\/2026\/04\/30\/opinion-trabajo-forzoso-en-chile-es-un-muy-mal-negocio\/#respond"]}]},{"@type":"WebPage","@id":"https:\/\/derechoshumanosyempresas.cl\/index.php\/2026\/04\/30\/opinion-trabajo-forzoso-en-chile-es-un-muy-mal-negocio\/","url":"https:\/\/derechoshumanosyempresas.cl\/index.php\/2026\/04\/30\/opinion-trabajo-forzoso-en-chile-es-un-muy-mal-negocio\/","name":"Columna de Opini\u00f3n | El trabajo forzoso es muy mal negocio - Plataforma Chilena de la Sociedad Civil de Derechos Humanos y Empresas","isPartOf":{"@id":"https:\/\/derechoshumanosyempresas.cl\/#website"},"primaryImageOfPage":{"@id":"https:\/\/derechoshumanosyempresas.cl\/index.php\/2026\/04\/30\/opinion-trabajo-forzoso-en-chile-es-un-muy-mal-negocio\/#primaryimage"},"image":{"@id":"https:\/\/derechoshumanosyempresas.cl\/index.php\/2026\/04\/30\/opinion-trabajo-forzoso-en-chile-es-un-muy-mal-negocio\/#primaryimage"},"thumbnailUrl":"https:\/\/derechoshumanosyempresas.cl\/wp-content\/uploads\/2026\/04\/esclavos.jpg","datePublished":"2026-04-30T20:14:04+00:00","author":{"@id":"https:\/\/derechoshumanosyempresas.cl\/#\/schema\/person\/6476dd2bd26bc2ab59a33de40c2c2baa"},"description":"El trabajo forzoso en Chile no solo vulnera derechos humanos: tambi\u00e9n amenaza el comercio internacional y expone debilidades estructurales urgentes de abordar.","breadcrumb":{"@id":"https:\/\/derechoshumanosyempresas.cl\/index.php\/2026\/04\/30\/opinion-trabajo-forzoso-en-chile-es-un-muy-mal-negocio\/#breadcrumb"},"inLanguage":"es","potentialAction":[{"@type":"ReadAction","target":["https:\/\/derechoshumanosyempresas.cl\/index.php\/2026\/04\/30\/opinion-trabajo-forzoso-en-chile-es-un-muy-mal-negocio\/"]}]},{"@type":"ImageObject","inLanguage":"es","@id":"https:\/\/derechoshumanosyempresas.cl\/index.php\/2026\/04\/30\/opinion-trabajo-forzoso-en-chile-es-un-muy-mal-negocio\/#primaryimage","url":"https:\/\/derechoshumanosyempresas.cl\/wp-content\/uploads\/2026\/04\/esclavos.jpg","contentUrl":"https:\/\/derechoshumanosyempresas.cl\/wp-content\/uploads\/2026\/04\/esclavos.jpg","width":624,"height":314},{"@type":"BreadcrumbList","@id":"https:\/\/derechoshumanosyempresas.cl\/index.php\/2026\/04\/30\/opinion-trabajo-forzoso-en-chile-es-un-muy-mal-negocio\/#breadcrumb","itemListElement":[{"@type":"ListItem","position":1,"name":"Portada","item":"https:\/\/derechoshumanosyempresas.cl\/"},{"@type":"ListItem","position":2,"name":"Columna de Opini\u00f3n | El trabajo forzoso es muy mal negocio"}]},{"@type":"WebSite","@id":"https:\/\/derechoshumanosyempresas.cl\/#website","url":"https:\/\/derechoshumanosyempresas.cl\/","name":"Plataforma Chilena de la Sociedad Civil de Derechos Humanos y Empresas","description":"","potentialAction":[{"@type":"SearchAction","target":{"@type":"EntryPoint","urlTemplate":"https:\/\/derechoshumanosyempresas.cl\/?s={search_term_string}"},"query-input":{"@type":"PropertyValueSpecification","valueRequired":true,"valueName":"search_term_string"}}],"inLanguage":"es"},{"@type":"Person","@id":"https:\/\/derechoshumanosyempresas.cl\/#\/schema\/person\/6476dd2bd26bc2ab59a33de40c2c2baa","name":"admin","image":{"@type":"ImageObject","inLanguage":"es","@id":"https:\/\/secure.gravatar.com\/avatar\/e482226d0b315127399077d5c4b71da7603e497013d2412b38a9884e70d87e81?s=96&d=mm&r=g","url":"https:\/\/secure.gravatar.com\/avatar\/e482226d0b315127399077d5c4b71da7603e497013d2412b38a9884e70d87e81?s=96&d=mm&r=g","contentUrl":"https:\/\/secure.gravatar.com\/avatar\/e482226d0b315127399077d5c4b71da7603e497013d2412b38a9884e70d87e81?s=96&d=mm&r=g","caption":"admin"},"sameAs":["https:\/\/derechoshumanosyempresas.cl"],"url":"https:\/\/derechoshumanosyempresas.cl\/index.php\/author\/admin\/"}]}},"wpmagazine_modules_lite_featured_media_urls":{"thumbnail":["https:\/\/derechoshumanosyempresas.cl\/wp-content\/uploads\/2026\/04\/esclavos-150x150.jpg",150,150,true],"cvmm-medium":["https:\/\/derechoshumanosyempresas.cl\/wp-content\/uploads\/2026\/04\/esclavos-300x300.jpg",300,300,true],"cvmm-medium-plus":["https:\/\/derechoshumanosyempresas.cl\/wp-content\/uploads\/2026\/04\/esclavos-305x207.jpg",305,207,true],"cvmm-portrait":["https:\/\/derechoshumanosyempresas.cl\/wp-content\/uploads\/2026\/04\/esclavos-400x314.jpg",400,314,true],"cvmm-medium-square":["https:\/\/derechoshumanosyempresas.cl\/wp-content\/uploads\/2026\/04\/esclavos-600x314.jpg",600,314,true],"cvmm-large":["https:\/\/derechoshumanosyempresas.cl\/wp-content\/uploads\/2026\/04\/esclavos.jpg",624,314,false],"cvmm-small":["https:\/\/derechoshumanosyempresas.cl\/wp-content\/uploads\/2026\/04\/esclavos-130x95.jpg",130,95,true],"full":["https:\/\/derechoshumanosyempresas.cl\/wp-content\/uploads\/2026\/04\/esclavos.jpg",624,314,false]},"categories_names":{"43":{"name":"Noticias","link":"https:\/\/derechoshumanosyempresas.cl\/index.php\/category\/centro-de-informacion\/"}},"tags_names":{"140":{"name":"Captura corporativa","link":"https:\/\/derechoshumanosyempresas.cl\/index.php\/tag\/captura-corporativa\/"},"163":{"name":"CIDH","link":"https:\/\/derechoshumanosyempresas.cl\/index.php\/tag\/cidh\/"},"162":{"name":"trabajo forzoso","link":"https:\/\/derechoshumanosyempresas.cl\/index.php\/tag\/trabajo-forzoso\/"}},"comments_number":"0","_links":{"self":[{"href":"https:\/\/derechoshumanosyempresas.cl\/index.php\/wp-json\/wp\/v2\/posts\/3520","targetHints":{"allow":["GET"]}}],"collection":[{"href":"https:\/\/derechoshumanosyempresas.cl\/index.php\/wp-json\/wp\/v2\/posts"}],"about":[{"href":"https:\/\/derechoshumanosyempresas.cl\/index.php\/wp-json\/wp\/v2\/types\/post"}],"author":[{"embeddable":true,"href":"https:\/\/derechoshumanosyempresas.cl\/index.php\/wp-json\/wp\/v2\/users\/1"}],"replies":[{"embeddable":true,"href":"https:\/\/derechoshumanosyempresas.cl\/index.php\/wp-json\/wp\/v2\/comments?post=3520"}],"version-history":[{"count":1,"href":"https:\/\/derechoshumanosyempresas.cl\/index.php\/wp-json\/wp\/v2\/posts\/3520\/revisions"}],"predecessor-version":[{"id":3522,"href":"https:\/\/derechoshumanosyempresas.cl\/index.php\/wp-json\/wp\/v2\/posts\/3520\/revisions\/3522"}],"wp:featuredmedia":[{"embeddable":true,"href":"https:\/\/derechoshumanosyempresas.cl\/index.php\/wp-json\/wp\/v2\/media\/3521"}],"wp:attachment":[{"href":"https:\/\/derechoshumanosyempresas.cl\/index.php\/wp-json\/wp\/v2\/media?parent=3520"}],"wp:term":[{"taxonomy":"category","embeddable":true,"href":"https:\/\/derechoshumanosyempresas.cl\/index.php\/wp-json\/wp\/v2\/categories?post=3520"},{"taxonomy":"post_tag","embeddable":true,"href":"https:\/\/derechoshumanosyempresas.cl\/index.php\/wp-json\/wp\/v2\/tags?post=3520"}],"curies":[{"name":"wp","href":"https:\/\/api.w.org\/{rel}","templated":true}]}}