{"id":3480,"date":"2026-03-19T13:19:47","date_gmt":"2026-03-19T16:19:47","guid":{"rendered":"https:\/\/derechoshumanosyempresas.cl\/?p=3480"},"modified":"2026-03-19T15:14:08","modified_gmt":"2026-03-19T18:14:08","slug":"convocatoria-investigador-a-de-contenido","status":"publish","type":"post","link":"https:\/\/derechoshumanosyempresas.cl\/index.php\/2026\/03\/19\/convocatoria-investigador-a-de-contenido\/","title":{"rendered":"Convocatoria: Investigador\/a de Contenido"},"content":{"rendered":"<h4><span style=\"font-weight: 400;\">La Plataforma Chilena de Sociedad Civil sobre Derechos Humanos y Empresas abre convocatoria para el cargo de <\/span><b>Investigador\/a de Contenido<\/b><span style=\"font-weight: 400;\">, en el marco del <\/span><b>Proyecto REDAR (Respeto Empresarial, Derechos, Ambiente y Responsabilidad)<\/b><span style=\"font-weight: 400;\">.<\/span><\/h4>\n<h3><b>Sobre el proyecto<\/b><\/h3>\n<p><span style=\"font-weight: 400;\">El Proyecto REDAR busca fortalecer la protecci\u00f3n de los derechos humanos y ambientales frente a la actividad empresarial en Chile, promoviendo una mayor incidencia de la sociedad civil en el marco institucional de DD.HH. y Empresas.<\/span><\/p>\n<p><span style=\"font-weight: 400;\">Es coejecutado por ONG FIMA, el Observatorio Ciudadano y el Centro de Derechos Humanos de la Universidad Diego Portales, y cuenta con el cofinanciamiento de la Uni\u00f3n Europea. Se estructura en cuatro componentes:<\/span><\/p>\n<ol>\n<li style=\"font-weight: 400;\" aria-level=\"1\"><b>Articulaci\u00f3n de la sociedad civil<\/b><span style=\"font-weight: 400;\">, mediante el fortalecimiento de la Plataforma Chilena de Sociedad Civil sobre Derechos Humanos y Empresas. <\/span><\/li>\n<li style=\"font-weight: 400;\" aria-level=\"1\"><b>Formaci\u00f3n de comunidades locales<\/b><span style=\"font-weight: 400;\">, a trav\u00e9s del desarrollo de una escuela\u00a0 de \u201cformaci\u00f3n de formadores\u201d, orientada a dirigentes comunitarios enfrentados a riesgos o vulneraciones de derechos humanos en contexto de actividad empresarial.<\/span><\/li>\n<li style=\"font-weight: 400;\" aria-level=\"1\"><b>Di\u00e1logo con tomadores de decisi\u00f3n<\/b><span style=\"font-weight: 400;\"> para informar y sensibilizar a las autoridades involucradas en el desarrollo de los marcos normativos y de pol\u00edtica p\u00fablica vinculados a la debida diligencia empresarial en materia de derechos humanos.<\/span><\/li>\n<li style=\"font-weight: 400;\" aria-level=\"1\"><b>Informaci\u00f3n y sensibilizaci\u00f3n del p\u00fablico<\/b><span style=\"font-weight: 400;\">, mediante actividades que incrementen el conocimiento de la ciudadan\u00eda y potencien el debate p\u00fablico sobre las vulneraciones de derechos humanos en el contexto de la actividad empresarial, y las herramientas disponibles para su identificaci\u00f3n, prevenci\u00f3n y reparaci\u00f3n.<\/span><\/li>\n<\/ol>\n<h3><b>Descripci\u00f3n del cargo<\/b><\/h3>\n<p><span style=\"font-weight: 400;\">El\/la Investigador\/a ser\u00e1 responsable de <\/span><b>desarrollar contenidos y recursos educativos<\/b><span style=\"font-weight: 400;\"> sobre derechos humanos y empresas, contribuyendo a la generaci\u00f3n de conocimiento y a las estrategias de incidencia de la Plataforma de Derechos Humanos y Empresas.<\/span><\/p>\n<p><span style=\"font-weight: 400;\">Trabajar\u00e1 en coordinaci\u00f3n con las organizaciones del proyecto, integrando el equipo del Centro de Derechos Humanos de la Universidad Diego Portales y reportar\u00e1 a ONG FIMA.<\/span><\/p>\n<h4><b>Funciones principales<\/b><\/h4>\n<ul>\n<li style=\"font-weight: 400;\" aria-level=\"1\"><span style=\"font-weight: 400;\">Investigaci\u00f3n y an\u00e1lisis de informaci\u00f3n relevante<\/span><\/li>\n<li style=\"font-weight: 400;\" aria-level=\"1\"><span style=\"font-weight: 400;\">Redacci\u00f3n de contenidos (policy briefs, informes, minutas, etc.)<\/span><\/li>\n<li style=\"font-weight: 400;\" aria-level=\"1\"><span style=\"font-weight: 400;\">Apoyo en la elaboraci\u00f3n de materiales educativos y comunicacionales<\/span><\/li>\n<li style=\"font-weight: 400;\" aria-level=\"1\"><span style=\"font-weight: 400;\">Participaci\u00f3n en actividades del proyecto (virtuales y presenciales)<\/span><\/li>\n<li style=\"font-weight: 400;\" aria-level=\"1\"><span style=\"font-weight: 400;\">Coordinaci\u00f3n con equipos y reporte mensual de actividades<\/span><\/li>\n<\/ul>\n<h4><b>Perfil requerido<\/b><\/h4>\n<ul>\n<li style=\"font-weight: 400;\" aria-level=\"1\"><span style=\"font-weight: 400;\">T\u00edtulo en Derecho o Ciencias Sociales<\/span><\/li>\n<li style=\"font-weight: 400;\" aria-level=\"1\"><span style=\"font-weight: 400;\">Conocimiento en derechos humanos y empresas (deseable en \u00e1reas como derecho ambiental, laboral o ind\u00edgena)<\/span><\/li>\n<li style=\"font-weight: 400;\" aria-level=\"1\"><span style=\"font-weight: 400;\">Experiencia en investigaci\u00f3n y elaboraci\u00f3n de documentos t\u00e9cnicos<\/span><\/li>\n<li style=\"font-weight: 400;\" aria-level=\"1\"><span style=\"font-weight: 400;\">Deseable experiencia en trabajo con organizaciones o redes de sociedad civil<\/span><\/li>\n<\/ul>\n<h4><b>Condiciones<\/b><\/h4>\n<ul>\n<li style=\"font-weight: 400;\" aria-level=\"1\"><span style=\"font-weight: 400;\">Modalidad: h\u00edbrida, <\/span><span style=\"font-weight: 400;\">combinando trabajo remoto con instancias presenciales en Santiago o en otras regiones del pa\u00eds, seg\u00fan lo requieran.<\/span><\/li>\n<li style=\"font-weight: 400;\" aria-level=\"1\"><span style=\"font-weight: 400;\">Jornada: 22 horas semanales.<\/span><\/li>\n<li style=\"font-weight: 400;\" aria-level=\"1\"><span style=\"font-weight: 400;\">Tipo de contrato: prestaci\u00f3n de servicios a plazo fijo.<\/span><\/li>\n<li style=\"font-weight: 400;\" aria-level=\"1\"><span style=\"font-weight: 400;\">Duraci\u00f3n: desde abril 2026 hasta marzo de 2027.<\/span><\/li>\n<\/ul>\n<h3><b>Principios del proyecto<\/b><\/h3>\n<p><span style=\"font-weight: 400;\">El trabajo se desarrollar\u00e1 bajo enfoques de:<\/span><\/p>\n<ul>\n<li style=\"font-weight: 400;\" aria-level=\"1\"><span style=\"font-weight: 400;\">Derechos humanos<\/span><\/li>\n<li style=\"font-weight: 400;\" aria-level=\"1\"><span style=\"font-weight: 400;\">Participaci\u00f3n y di\u00e1logo democr\u00e1tico<\/span><\/li>\n<li style=\"font-weight: 400;\" aria-level=\"1\"><span style=\"font-weight: 400;\">Equidad de g\u00e9nero y no discriminaci\u00f3n<\/span><\/li>\n<li style=\"font-weight: 400;\" aria-level=\"1\"><span style=\"font-weight: 400;\">Territorialidad y descentralizaci\u00f3n<\/span><\/li>\n<li style=\"font-weight: 400;\" aria-level=\"1\"><span style=\"font-weight: 400;\">Transparencia y rendici\u00f3n de cuentas<\/span><\/li>\n<\/ul>\n<p><span style=\"font-weight: 400;\">Para postular, se debe completar el siguiente formulario. <\/span><b>Se recibir\u00e1n postulaciones hasta el mi\u00e9rcoles 25 de marzo.<\/b><\/p>\n<h3><span style=\"font-weight: 400;\"><a href=\"https:\/\/docs.google.com\/forms\/d\/e\/1FAIpQLSc8xes2sL-daKUebF1kaeGi7qi0G6IT9Aqudlc5740o378Y4A\/viewform\"><strong>Formulario de postulaci\u00f3n aqu\u00ed<\/strong><\/a>.<\/span><\/h3>\n","protected":false},"excerpt":{"rendered":"<p>La Plataforma Chilena de Sociedad Civil sobre Derechos Humanos y Empresas abre convocatoria para el cargo de Investigador\/a de Contenido, en el [&hellip;]<\/p>\n","protected":false},"author":1,"featured_media":3481,"comment_status":"open","ping_status":"open","sticky":false,"template":"","format":"standard","meta":{"footnotes":""},"categories":[43,47],"tags":[156,155,157],"class_list":["post-3480","post","type-post","status-publish","format-standard","has-post-thumbnail","hentry","category-centro-de-informacion","category-portada","tag-contenidos","tag-convocatoria","tag-redar"],"yoast_head":"<!-- This site is optimized with the Yoast SEO plugin v27.4 - https:\/\/yoast.com\/product\/yoast-seo-wordpress\/ -->\n<title>Convocatoria: Investigador\/a de Contenido - Plataforma Chilena de la Sociedad Civil de Derechos Humanos y Empresas<\/title>\n<meta name=\"description\" content=\"Desde la Plataforma de Derechos Humanos y Empresas buscamos una persona para el cargo de investigador\/a de contenidos.\" \/>\n<meta name=\"robots\" content=\"index, follow, max-snippet:-1, max-image-preview:large, max-video-preview:-1\" \/>\n<link rel=\"canonical\" href=\"https:\/\/derechoshumanosyempresas.cl\/index.php\/2026\/03\/19\/convocatoria-investigador-a-de-contenido\/\" \/>\n<meta property=\"og:locale\" content=\"es_ES\" \/>\n<meta property=\"og:type\" content=\"article\" \/>\n<meta property=\"og:title\" content=\"Convocatoria: Investigador\/a de Contenido - Plataforma Chilena de la Sociedad Civil de Derechos Humanos y Empresas\" \/>\n<meta property=\"og:description\" content=\"Desde la Plataforma de Derechos Humanos y Empresas buscamos una persona para el cargo de investigador\/a de contenidos.\" \/>\n<meta property=\"og:url\" content=\"https:\/\/derechoshumanosyempresas.cl\/index.php\/2026\/03\/19\/convocatoria-investigador-a-de-contenido\/\" \/>\n<meta property=\"og:site_name\" content=\"Plataforma Chilena de la Sociedad Civil de Derechos Humanos y Empresas\" \/>\n<meta property=\"article:published_time\" content=\"2026-03-19T16:19:47+00:00\" \/>\n<meta property=\"article:modified_time\" content=\"2026-03-19T18:14:08+00:00\" \/>\n<meta property=\"og:image\" content=\"https:\/\/derechoshumanosyempresas.cl\/wp-content\/uploads\/2026\/03\/nota-encabezado-1.jpg\" \/>\n\t<meta property=\"og:image:width\" content=\"1024\" \/>\n\t<meta property=\"og:image:height\" content=\"768\" \/>\n\t<meta property=\"og:image:type\" content=\"image\/jpeg\" \/>\n<meta name=\"author\" content=\"admin\" \/>\n<meta name=\"twitter:card\" content=\"summary_large_image\" \/>\n<meta name=\"twitter:label1\" content=\"Escrito por\" \/>\n\t<meta name=\"twitter:data1\" content=\"admin\" \/>\n\t<meta name=\"twitter:label2\" content=\"Tiempo de lectura\" \/>\n\t<meta name=\"twitter:data2\" content=\"3 minutos\" \/>\n<script type=\"application\/ld+json\" class=\"yoast-schema-graph\">{\"@context\":\"https:\\\/\\\/schema.org\",\"@graph\":[{\"@type\":\"Article\",\"@id\":\"https:\\\/\\\/derechoshumanosyempresas.cl\\\/index.php\\\/2026\\\/03\\\/19\\\/convocatoria-investigador-a-de-contenido\\\/#article\",\"isPartOf\":{\"@id\":\"https:\\\/\\\/derechoshumanosyempresas.cl\\\/index.php\\\/2026\\\/03\\\/19\\\/convocatoria-investigador-a-de-contenido\\\/\"},\"author\":{\"name\":\"admin\",\"@id\":\"https:\\\/\\\/derechoshumanosyempresas.cl\\\/#\\\/schema\\\/person\\\/6476dd2bd26bc2ab59a33de40c2c2baa\"},\"headline\":\"Convocatoria: Investigador\\\/a de Contenido\",\"datePublished\":\"2026-03-19T16:19:47+00:00\",\"dateModified\":\"2026-03-19T18:14:08+00:00\",\"mainEntityOfPage\":{\"@id\":\"https:\\\/\\\/derechoshumanosyempresas.cl\\\/index.php\\\/2026\\\/03\\\/19\\\/convocatoria-investigador-a-de-contenido\\\/\"},\"wordCount\":525,\"commentCount\":0,\"image\":{\"@id\":\"https:\\\/\\\/derechoshumanosyempresas.cl\\\/index.php\\\/2026\\\/03\\\/19\\\/convocatoria-investigador-a-de-contenido\\\/#primaryimage\"},\"thumbnailUrl\":\"https:\\\/\\\/derechoshumanosyempresas.cl\\\/wp-content\\\/uploads\\\/2026\\\/03\\\/nota-encabezado-1.jpg\",\"keywords\":[\"contenidos\",\"convocatoria\",\"redar\"],\"articleSection\":[\"Noticias\",\"Portada\"],\"inLanguage\":\"es\",\"potentialAction\":[{\"@type\":\"CommentAction\",\"name\":\"Comment\",\"target\":[\"https:\\\/\\\/derechoshumanosyempresas.cl\\\/index.php\\\/2026\\\/03\\\/19\\\/convocatoria-investigador-a-de-contenido\\\/#respond\"]}]},{\"@type\":\"WebPage\",\"@id\":\"https:\\\/\\\/derechoshumanosyempresas.cl\\\/index.php\\\/2026\\\/03\\\/19\\\/convocatoria-investigador-a-de-contenido\\\/\",\"url\":\"https:\\\/\\\/derechoshumanosyempresas.cl\\\/index.php\\\/2026\\\/03\\\/19\\\/convocatoria-investigador-a-de-contenido\\\/\",\"name\":\"Convocatoria: Investigador\\\/a de Contenido - Plataforma Chilena de la Sociedad Civil de Derechos Humanos y Empresas\",\"isPartOf\":{\"@id\":\"https:\\\/\\\/derechoshumanosyempresas.cl\\\/#website\"},\"primaryImageOfPage\":{\"@id\":\"https:\\\/\\\/derechoshumanosyempresas.cl\\\/index.php\\\/2026\\\/03\\\/19\\\/convocatoria-investigador-a-de-contenido\\\/#primaryimage\"},\"image\":{\"@id\":\"https:\\\/\\\/derechoshumanosyempresas.cl\\\/index.php\\\/2026\\\/03\\\/19\\\/convocatoria-investigador-a-de-contenido\\\/#primaryimage\"},\"thumbnailUrl\":\"https:\\\/\\\/derechoshumanosyempresas.cl\\\/wp-content\\\/uploads\\\/2026\\\/03\\\/nota-encabezado-1.jpg\",\"datePublished\":\"2026-03-19T16:19:47+00:00\",\"dateModified\":\"2026-03-19T18:14:08+00:00\",\"author\":{\"@id\":\"https:\\\/\\\/derechoshumanosyempresas.cl\\\/#\\\/schema\\\/person\\\/6476dd2bd26bc2ab59a33de40c2c2baa\"},\"description\":\"Desde la Plataforma de Derechos Humanos y Empresas buscamos una persona para el cargo de investigador\\\/a de contenidos.\",\"breadcrumb\":{\"@id\":\"https:\\\/\\\/derechoshumanosyempresas.cl\\\/index.php\\\/2026\\\/03\\\/19\\\/convocatoria-investigador-a-de-contenido\\\/#breadcrumb\"},\"inLanguage\":\"es\",\"potentialAction\":[{\"@type\":\"ReadAction\",\"target\":[\"https:\\\/\\\/derechoshumanosyempresas.cl\\\/index.php\\\/2026\\\/03\\\/19\\\/convocatoria-investigador-a-de-contenido\\\/\"]}]},{\"@type\":\"ImageObject\",\"inLanguage\":\"es\",\"@id\":\"https:\\\/\\\/derechoshumanosyempresas.cl\\\/index.php\\\/2026\\\/03\\\/19\\\/convocatoria-investigador-a-de-contenido\\\/#primaryimage\",\"url\":\"https:\\\/\\\/derechoshumanosyempresas.cl\\\/wp-content\\\/uploads\\\/2026\\\/03\\\/nota-encabezado-1.jpg\",\"contentUrl\":\"https:\\\/\\\/derechoshumanosyempresas.cl\\\/wp-content\\\/uploads\\\/2026\\\/03\\\/nota-encabezado-1.jpg\",\"width\":1024,\"height\":768},{\"@type\":\"BreadcrumbList\",\"@id\":\"https:\\\/\\\/derechoshumanosyempresas.cl\\\/index.php\\\/2026\\\/03\\\/19\\\/convocatoria-investigador-a-de-contenido\\\/#breadcrumb\",\"itemListElement\":[{\"@type\":\"ListItem\",\"position\":1,\"name\":\"Portada\",\"item\":\"https:\\\/\\\/derechoshumanosyempresas.cl\\\/\"},{\"@type\":\"ListItem\",\"position\":2,\"name\":\"Convocatoria: Investigador\\\/a de Contenido\"}]},{\"@type\":\"WebSite\",\"@id\":\"https:\\\/\\\/derechoshumanosyempresas.cl\\\/#website\",\"url\":\"https:\\\/\\\/derechoshumanosyempresas.cl\\\/\",\"name\":\"Plataforma Chilena de la Sociedad Civil de Derechos Humanos y Empresas\",\"description\":\"\",\"potentialAction\":[{\"@type\":\"SearchAction\",\"target\":{\"@type\":\"EntryPoint\",\"urlTemplate\":\"https:\\\/\\\/derechoshumanosyempresas.cl\\\/?s={search_term_string}\"},\"query-input\":{\"@type\":\"PropertyValueSpecification\",\"valueRequired\":true,\"valueName\":\"search_term_string\"}}],\"inLanguage\":\"es\"},{\"@type\":\"Person\",\"@id\":\"https:\\\/\\\/derechoshumanosyempresas.cl\\\/#\\\/schema\\\/person\\\/6476dd2bd26bc2ab59a33de40c2c2baa\",\"name\":\"admin\",\"image\":{\"@type\":\"ImageObject\",\"inLanguage\":\"es\",\"@id\":\"https:\\\/\\\/secure.gravatar.com\\\/avatar\\\/e482226d0b315127399077d5c4b71da7603e497013d2412b38a9884e70d87e81?s=96&d=mm&r=g\",\"url\":\"https:\\\/\\\/secure.gravatar.com\\\/avatar\\\/e482226d0b315127399077d5c4b71da7603e497013d2412b38a9884e70d87e81?s=96&d=mm&r=g\",\"contentUrl\":\"https:\\\/\\\/secure.gravatar.com\\\/avatar\\\/e482226d0b315127399077d5c4b71da7603e497013d2412b38a9884e70d87e81?s=96&d=mm&r=g\",\"caption\":\"admin\"},\"sameAs\":[\"https:\\\/\\\/derechoshumanosyempresas.cl\"],\"url\":\"https:\\\/\\\/derechoshumanosyempresas.cl\\\/index.php\\\/author\\\/admin\\\/\"}]}<\/script>\n<!-- \/ Yoast SEO plugin. -->","yoast_head_json":{"title":"Convocatoria: Investigador\/a de Contenido - Plataforma Chilena de la Sociedad Civil de Derechos Humanos y Empresas","description":"Desde la Plataforma de Derechos Humanos y Empresas buscamos una persona para el cargo de investigador\/a de contenidos.","robots":{"index":"index","follow":"follow","max-snippet":"max-snippet:-1","max-image-preview":"max-image-preview:large","max-video-preview":"max-video-preview:-1"},"canonical":"https:\/\/derechoshumanosyempresas.cl\/index.php\/2026\/03\/19\/convocatoria-investigador-a-de-contenido\/","og_locale":"es_ES","og_type":"article","og_title":"Convocatoria: Investigador\/a de Contenido - Plataforma Chilena de la Sociedad Civil de Derechos Humanos y Empresas","og_description":"Desde la Plataforma de Derechos Humanos y Empresas buscamos una persona para el cargo de investigador\/a de contenidos.","og_url":"https:\/\/derechoshumanosyempresas.cl\/index.php\/2026\/03\/19\/convocatoria-investigador-a-de-contenido\/","og_site_name":"Plataforma Chilena de la Sociedad Civil de Derechos Humanos y Empresas","article_published_time":"2026-03-19T16:19:47+00:00","article_modified_time":"2026-03-19T18:14:08+00:00","og_image":[{"width":1024,"height":768,"url":"https:\/\/derechoshumanosyempresas.cl\/wp-content\/uploads\/2026\/03\/nota-encabezado-1.jpg","type":"image\/jpeg"}],"author":"admin","twitter_card":"summary_large_image","twitter_misc":{"Escrito por":"admin","Tiempo de lectura":"3 minutos"},"schema":{"@context":"https:\/\/schema.org","@graph":[{"@type":"Article","@id":"https:\/\/derechoshumanosyempresas.cl\/index.php\/2026\/03\/19\/convocatoria-investigador-a-de-contenido\/#article","isPartOf":{"@id":"https:\/\/derechoshumanosyempresas.cl\/index.php\/2026\/03\/19\/convocatoria-investigador-a-de-contenido\/"},"author":{"name":"admin","@id":"https:\/\/derechoshumanosyempresas.cl\/#\/schema\/person\/6476dd2bd26bc2ab59a33de40c2c2baa"},"headline":"Convocatoria: Investigador\/a de Contenido","datePublished":"2026-03-19T16:19:47+00:00","dateModified":"2026-03-19T18:14:08+00:00","mainEntityOfPage":{"@id":"https:\/\/derechoshumanosyempresas.cl\/index.php\/2026\/03\/19\/convocatoria-investigador-a-de-contenido\/"},"wordCount":525,"commentCount":0,"image":{"@id":"https:\/\/derechoshumanosyempresas.cl\/index.php\/2026\/03\/19\/convocatoria-investigador-a-de-contenido\/#primaryimage"},"thumbnailUrl":"https:\/\/derechoshumanosyempresas.cl\/wp-content\/uploads\/2026\/03\/nota-encabezado-1.jpg","keywords":["contenidos","convocatoria","redar"],"articleSection":["Noticias","Portada"],"inLanguage":"es","potentialAction":[{"@type":"CommentAction","name":"Comment","target":["https:\/\/derechoshumanosyempresas.cl\/index.php\/2026\/03\/19\/convocatoria-investigador-a-de-contenido\/#respond"]}]},{"@type":"WebPage","@id":"https:\/\/derechoshumanosyempresas.cl\/index.php\/2026\/03\/19\/convocatoria-investigador-a-de-contenido\/","url":"https:\/\/derechoshumanosyempresas.cl\/index.php\/2026\/03\/19\/convocatoria-investigador-a-de-contenido\/","name":"Convocatoria: Investigador\/a de Contenido - Plataforma Chilena de la Sociedad Civil de Derechos Humanos y Empresas","isPartOf":{"@id":"https:\/\/derechoshumanosyempresas.cl\/#website"},"primaryImageOfPage":{"@id":"https:\/\/derechoshumanosyempresas.cl\/index.php\/2026\/03\/19\/convocatoria-investigador-a-de-contenido\/#primaryimage"},"image":{"@id":"https:\/\/derechoshumanosyempresas.cl\/index.php\/2026\/03\/19\/convocatoria-investigador-a-de-contenido\/#primaryimage"},"thumbnailUrl":"https:\/\/derechoshumanosyempresas.cl\/wp-content\/uploads\/2026\/03\/nota-encabezado-1.jpg","datePublished":"2026-03-19T16:19:47+00:00","dateModified":"2026-03-19T18:14:08+00:00","author":{"@id":"https:\/\/derechoshumanosyempresas.cl\/#\/schema\/person\/6476dd2bd26bc2ab59a33de40c2c2baa"},"description":"Desde la Plataforma de Derechos Humanos y Empresas buscamos una persona para el cargo de investigador\/a de contenidos.","breadcrumb":{"@id":"https:\/\/derechoshumanosyempresas.cl\/index.php\/2026\/03\/19\/convocatoria-investigador-a-de-contenido\/#breadcrumb"},"inLanguage":"es","potentialAction":[{"@type":"ReadAction","target":["https:\/\/derechoshumanosyempresas.cl\/index.php\/2026\/03\/19\/convocatoria-investigador-a-de-contenido\/"]}]},{"@type":"ImageObject","inLanguage":"es","@id":"https:\/\/derechoshumanosyempresas.cl\/index.php\/2026\/03\/19\/convocatoria-investigador-a-de-contenido\/#primaryimage","url":"https:\/\/derechoshumanosyempresas.cl\/wp-content\/uploads\/2026\/03\/nota-encabezado-1.jpg","contentUrl":"https:\/\/derechoshumanosyempresas.cl\/wp-content\/uploads\/2026\/03\/nota-encabezado-1.jpg","width":1024,"height":768},{"@type":"BreadcrumbList","@id":"https:\/\/derechoshumanosyempresas.cl\/index.php\/2026\/03\/19\/convocatoria-investigador-a-de-contenido\/#breadcrumb","itemListElement":[{"@type":"ListItem","position":1,"name":"Portada","item":"https:\/\/derechoshumanosyempresas.cl\/"},{"@type":"ListItem","position":2,"name":"Convocatoria: Investigador\/a de Contenido"}]},{"@type":"WebSite","@id":"https:\/\/derechoshumanosyempresas.cl\/#website","url":"https:\/\/derechoshumanosyempresas.cl\/","name":"Plataforma Chilena de la Sociedad Civil de Derechos Humanos y Empresas","description":"","potentialAction":[{"@type":"SearchAction","target":{"@type":"EntryPoint","urlTemplate":"https:\/\/derechoshumanosyempresas.cl\/?s={search_term_string}"},"query-input":{"@type":"PropertyValueSpecification","valueRequired":true,"valueName":"search_term_string"}}],"inLanguage":"es"},{"@type":"Person","@id":"https:\/\/derechoshumanosyempresas.cl\/#\/schema\/person\/6476dd2bd26bc2ab59a33de40c2c2baa","name":"admin","image":{"@type":"ImageObject","inLanguage":"es","@id":"https:\/\/secure.gravatar.com\/avatar\/e482226d0b315127399077d5c4b71da7603e497013d2412b38a9884e70d87e81?s=96&d=mm&r=g","url":"https:\/\/secure.gravatar.com\/avatar\/e482226d0b315127399077d5c4b71da7603e497013d2412b38a9884e70d87e81?s=96&d=mm&r=g","contentUrl":"https:\/\/secure.gravatar.com\/avatar\/e482226d0b315127399077d5c4b71da7603e497013d2412b38a9884e70d87e81?s=96&d=mm&r=g","caption":"admin"},"sameAs":["https:\/\/derechoshumanosyempresas.cl"],"url":"https:\/\/derechoshumanosyempresas.cl\/index.php\/author\/admin\/"}]}},"wpmagazine_modules_lite_featured_media_urls":{"thumbnail":["https:\/\/derechoshumanosyempresas.cl\/wp-content\/uploads\/2026\/03\/nota-encabezado-1-150x150.jpg",150,150,true],"cvmm-medium":["https:\/\/derechoshumanosyempresas.cl\/wp-content\/uploads\/2026\/03\/nota-encabezado-1-300x300.jpg",300,300,true],"cvmm-medium-plus":["https:\/\/derechoshumanosyempresas.cl\/wp-content\/uploads\/2026\/03\/nota-encabezado-1-305x207.jpg",305,207,true],"cvmm-portrait":["https:\/\/derechoshumanosyempresas.cl\/wp-content\/uploads\/2026\/03\/nota-encabezado-1-400x600.jpg",400,600,true],"cvmm-medium-square":["https:\/\/derechoshumanosyempresas.cl\/wp-content\/uploads\/2026\/03\/nota-encabezado-1-600x600.jpg",600,600,true],"cvmm-large":["https:\/\/derechoshumanosyempresas.cl\/wp-content\/uploads\/2026\/03\/nota-encabezado-1.jpg",1024,768,false],"cvmm-small":["https:\/\/derechoshumanosyempresas.cl\/wp-content\/uploads\/2026\/03\/nota-encabezado-1-130x95.jpg",130,95,true],"full":["https:\/\/derechoshumanosyempresas.cl\/wp-content\/uploads\/2026\/03\/nota-encabezado-1.jpg",1024,768,false]},"categories_names":{"43":{"name":"Noticias","link":"https:\/\/derechoshumanosyempresas.cl\/index.php\/category\/centro-de-informacion\/"},"47":{"name":"Portada","link":"https:\/\/derechoshumanosyempresas.cl\/index.php\/category\/portada\/"}},"tags_names":{"156":{"name":"contenidos","link":"https:\/\/derechoshumanosyempresas.cl\/index.php\/tag\/contenidos\/"},"155":{"name":"convocatoria","link":"https:\/\/derechoshumanosyempresas.cl\/index.php\/tag\/convocatoria\/"},"157":{"name":"redar","link":"https:\/\/derechoshumanosyempresas.cl\/index.php\/tag\/redar\/"}},"comments_number":"0","_links":{"self":[{"href":"https:\/\/derechoshumanosyempresas.cl\/index.php\/wp-json\/wp\/v2\/posts\/3480","targetHints":{"allow":["GET"]}}],"collection":[{"href":"https:\/\/derechoshumanosyempresas.cl\/index.php\/wp-json\/wp\/v2\/posts"}],"about":[{"href":"https:\/\/derechoshumanosyempresas.cl\/index.php\/wp-json\/wp\/v2\/types\/post"}],"author":[{"embeddable":true,"href":"https:\/\/derechoshumanosyempresas.cl\/index.php\/wp-json\/wp\/v2\/users\/1"}],"replies":[{"embeddable":true,"href":"https:\/\/derechoshumanosyempresas.cl\/index.php\/wp-json\/wp\/v2\/comments?post=3480"}],"version-history":[{"count":3,"href":"https:\/\/derechoshumanosyempresas.cl\/index.php\/wp-json\/wp\/v2\/posts\/3480\/revisions"}],"predecessor-version":[{"id":3484,"href":"https:\/\/derechoshumanosyempresas.cl\/index.php\/wp-json\/wp\/v2\/posts\/3480\/revisions\/3484"}],"wp:featuredmedia":[{"embeddable":true,"href":"https:\/\/derechoshumanosyempresas.cl\/index.php\/wp-json\/wp\/v2\/media\/3481"}],"wp:attachment":[{"href":"https:\/\/derechoshumanosyempresas.cl\/index.php\/wp-json\/wp\/v2\/media?parent=3480"}],"wp:term":[{"taxonomy":"category","embeddable":true,"href":"https:\/\/derechoshumanosyempresas.cl\/index.php\/wp-json\/wp\/v2\/categories?post=3480"},{"taxonomy":"post_tag","embeddable":true,"href":"https:\/\/derechoshumanosyempresas.cl\/index.php\/wp-json\/wp\/v2\/tags?post=3480"}],"curies":[{"name":"wp","href":"https:\/\/api.w.org\/{rel}","templated":true}]}}