{"id":3475,"date":"2026-03-18T14:02:27","date_gmt":"2026-03-18T17:02:27","guid":{"rendered":"https:\/\/derechoshumanosyempresas.cl\/?p=3475"},"modified":"2026-03-19T11:19:10","modified_gmt":"2026-03-19T14:19:10","slug":"declaracion-publica-alerta-ante-retrocesos-ambientales-del-gobierno-del-presidente-kast","status":"publish","type":"post","link":"https:\/\/derechoshumanosyempresas.cl\/index.php\/2026\/03\/18\/declaracion-publica-alerta-ante-retrocesos-ambientales-del-gobierno-del-presidente-kast\/","title":{"rendered":"Declaraci\u00f3n p\u00fablica: Alerta ante retrocesos ambientales del gobierno del presidente Kast"},"content":{"rendered":"<p data-start=\"209\" data-end=\"595\">Ante el retiro de 43 decretos ambientales que regulan temas tan importantes como planes de descontaminaci\u00f3n y calidad del aire, entre otras materias, las organizaciones socioambientales y sociedades cient\u00edficas que firmamos esta declaraci\u00f3n hacemos un llamado de alerta frente a los posibles retrocesos ambientales, en la salud y en la vida de las comunidades que esto puede significar.<\/p>\n<p data-start=\"597\" data-end=\"1376\">Entre los decretos afectados \u2014los cuales fueron ingresados entre los a\u00f1os 2023 y 2026, en su mayor\u00eda tras largos procesos t\u00e9cnicos, acuerdos administrativos y procesos participativos\u2014 se encuentran normas de calidad ambiental (incluyendo material particulado fino y plomo), normas de emisi\u00f3n para industrias, planes de descontaminaci\u00f3n, instrumentos de adaptaci\u00f3n al cambio clim\u00e1tico y reglamentos clave para la implementaci\u00f3n del Servicio de Biodiversidad y \u00c1reas Protegidas (SBAP). Tambi\u00e9n se ven comprometidos instrumentos y medidas relevantes para la protecci\u00f3n de especies, como la declaraci\u00f3n del ping\u00fcino de Humboldt como monumento natural o el plan de recuperaci\u00f3n de la ranita de Darwin, as\u00ed como la creaci\u00f3n de m\u00faltiples \u00e1reas protegidas en distintas regiones del pa\u00eds.<\/p>\n<p data-start=\"1378\" data-end=\"1843\">El retiro de estos actos implica suspender el avance de su entrada en vigencia, lo que significa un retraso en la implementaci\u00f3n de medidas que, en muchos casos, son urgentes para avanzar hacia est\u00e1ndares ambientales m\u00e1s exigentes y fortalecer la institucionalidad, en beneficio directo de la vida y la salud de las personas, la realizaci\u00f3n de sus derechos humanos y el resguardo de los territorios en que habitan, para responder a la triple crisis que atravesamos.<\/p>\n<p data-start=\"1845\" data-end=\"2171\">Este retiro masivo env\u00eda una se\u00f1al preocupante a nuestra sociedad: en lugar de acelerar la implementaci\u00f3n de herramientas acordadas y largamente esperadas, se opta por retroceder y postergarlas. Constituye adem\u00e1s una falta de respeto para organizaciones, personas y empresas que han contribuido en estos procesos democr\u00e1ticos.<\/p>\n<p data-start=\"2173\" data-end=\"2657\">Hacemos un llamado al Gobierno de Jos\u00e9 Antonio Kast a transparentar los procesos y abrir el di\u00e1logo con la sociedad civil y las sociedades cient\u00edficas, reafirmando la necesidad de contar con estos instrumentos que nos permitan sobrellevar la grave crisis clim\u00e1tica, ecol\u00f3gica y de contaminaci\u00f3n que enfrentamos. La ciudadan\u00eda no puede quedar en la incertidumbre frente a decisiones que afectan directamente su calidad de vida y el futuro de los ecosistemas del pa\u00eds que nos sustentan.<\/p>\n<h4 data-start=\"2173\" data-end=\"2657\">Firman esta declaraci\u00f3n, organizaciones de la sociedad civil:<\/h4>\n<p data-start=\"2173\" data-end=\"2657\">1. Oceana Chile<br \/>\n2. ONG FIMA<br \/>\n3. Fundaci\u00f3n Ecosur<br \/>\n4. Futaleufu Riverkeeper<br \/>\n5. Colocolo Conservation Project<br \/>\n6. Observatorio Ciudadano<br \/>\n7. Centro de Derechos Humanos UDP<br \/>\n8. Plataforma Chilena de la Sociedad Civil sobre Derechos Humanos y Empresas<br \/>\n9. ONG Defensa Ambiental<br \/>\n10. ONG Uno Punto Cinco<br \/>\n11. Greenpeace Chile<br \/>\n12. Fundaci\u00f3n Terram<br \/>\n13. SCAC Magallanes<br \/>\n14. Mujeres de Zona de Sacrificio en Resistencia<br \/>\n15. Rumbo Colectivo<br \/>\n16. Fundaci\u00f3n Multitudes<br \/>\n17. Fundaci\u00f3n Ecociencias<br \/>\n18. ONG Panthalassa<br \/>\n19. @Cambiaelswitch<br \/>\n20. ACCEDU Educaci\u00f3n Inclusiva<br \/>\n21. Acci\u00f3n ambiental<br \/>\n22. Acci\u00f3n ambiental y salud Rungue<br \/>\n23. AFYAEPYDD<br \/>\n24. Agrupaci\u00f3n Animalista<br \/>\n25. Agrupaci\u00f3n Bi\u00f3sfera<br \/>\n26. Agrupaci\u00f3n Comunitaria y Ecol\u00f3gica Playa Isla los Reyes &#8211; Rocuant<br \/>\n27. Agrupaci\u00f3n cultural por los humedales y entornos naturales (Gayi)<br \/>\n28. Agrupaci\u00f3n Cultural y Medioambiental de Curacaut\u00edn<br \/>\n29. Agrupaci\u00f3n de teatristas y cuenteros de Elqui ATEL<br \/>\n30. Agrupaci\u00f3n Ecol\u00f3gica Canal Ifarle<br \/>\n31. Agrupaci\u00f3n PRAIS de Vallenar<br \/>\n33. AJNINI adultos j\u00f3venes nini<br \/>\n34. Antupewu Ambiental<br \/>\n35. Barra de pickles<br \/>\n36. As\u00ed Conserva Chile A.G.<br \/>\n37. Asociaci\u00f3n Ambiental ReverdeSer Puerto Montt<br \/>\n38. Asociaci\u00f3n de mujeres ind\u00edgenas Taihuel<br \/>\n39. CECADES UPLA<br \/>\n40. Asociaci\u00f3n Dosel<br \/>\n41. BIO MSC<br \/>\n42. BIOAGROTIPS<br \/>\n43. Biob\u00edo Rebelde<br \/>\n44. BiodiverisUP SpA<br \/>\n45. Birders.st<br \/>\n46. Bit\u00e1cora de mar y monte<br \/>\n47. Asociaci\u00f3n Educativa y de Incidencia P\u00fablica Otros Cruces<br \/>\n48. Asociaci\u00f3n Escuela de Monta\u00f1a Camino a Farellones<br \/>\n49. Asociaci\u00f3n ind\u00edgena Tai\u00f1 Adkimn<br \/>\n50. Bichas del B\u00edo-B\u00edo<br \/>\n52. Biblioteca Popular Guillermo L\u00f3pez<br \/>\n53. Baldosas por la Memoria IV Regi\u00f3n<br \/>\n54. Bosque Pullico<br \/>\n55. Bosques para Cachapoal<br \/>\n56. Brigada Textil<br \/>\n57. CAC TILTIL<br \/>\n58. Casa en la quebrada<br \/>\n59. Casa Memoria Jos\u00e9 Domingo Ca\u00f1as<br \/>\n60. CASAM SpA Capacitaci\u00f3n y Asesor\u00eda Ambiental<br \/>\n61. CeMABio Centro de Muestreo y An\u00e1lisis Biol\u00f3gico<br \/>\n62. Centinela Ambiental Tongoy<br \/>\n63. Centro Cultural Am\u00e9rica Latina<br \/>\n64. Centro Cultural Caleta Horc\u00f3n<br \/>\n65. Centro Cultural Cerrillos<br \/>\n66. Centro de alumnos de psicolog\u00eda UACh<br \/>\n67. Centro de Estudiantes de Ingenier\u00eda Ambiental (UOH)<br \/>\n68. Centro de Estudios Agrarios y Ambientales<br \/>\n69. Consultora Biog\u00e1s y Biotecnolog\u00eda Ambiental<br \/>\n70. Cooperativa Calahuala<br \/>\n71. Cooperativa La Matria<br \/>\n72. Coordinadora Ambiental Farfana<br \/>\n73. Coordinadora Cuenca del Puangue<br \/>\n74. Coordinadora El Apa\u00f1e<br \/>\n75. Coordinadora Nacional de Mujeres de Pueblos Originarios<br \/>\n76. Coordinadora por la Defensa del R\u00edo Andali\u00e9n<br \/>\n77. Coro Adulto Mayor Cantares<br \/>\n78. Corporaci\u00f3n Camino a Farellones<br \/>\n79. Observatorio Socioambiental Aconcagua<br \/>\n80. Corporaci\u00f3n de Humedales Angachilla<br \/>\n81. Corporaci\u00f3n Defensa de la Cuenca del Mapocho<br \/>\n82. Corporaci\u00f3n Humedal Los Boldos, Chiguayante<br \/>\n83. Cerros Nativos<br \/>\n84. Chasqui Outdoor<br \/>\n85. Chile Ambiental<br \/>\n86. Cisneseando<br \/>\n87. Club Adulto Mayor Alegr\u00edas del Alma<br \/>\n88. Club Adulto Mayor Amigos de La Greda<br \/>\n89. Club de Monta\u00f1a Corral de Piedra<br \/>\n90. Club Puchuncavive<br \/>\n91. COARTE<br \/>\n92. CODEMA Quemchi<br \/>\n93. CODEPU Biob\u00edo<br \/>\n94. Colectivo Alza tu Voz<br \/>\n95. Corporaci\u00f3n Medioambiental M\u00e1s \u00c1rboles y Menos Basura<br \/>\n96. Corporaci\u00f3n No + Zonas de Sacrificio Chile<br \/>\n97. Corpprodefensa del Patrimonio<br \/>\n98. Defendamos Patagonia<br \/>\n99. COSOC S.P.A.<br \/>\n100. Colectivo La Bandada<br \/>\n101. Colectivo Wenewen Nacimiento<br \/>\n102. Comisi\u00f3n de DD.HH. de Limache<br \/>\n103. Comisi\u00f3n de Medio Ambiente del Partido Socialista de Chile<br \/>\n105. Comit\u00e9 Ambiental Comunal San Francisco de Mostazal<br \/>\n106. Comit\u00e9 de Defensa y Restauraci\u00f3n Humedal Vasco de Gama-Chimalfe<br \/>\n107. Comit\u00e9 Medio Ambiental Comunal de La Cistee<br \/>\n108. Comunal Colegio de Profesores Cha\u00f1aral<br \/>\n109. Comunidad Diaguita Campillay Guacalagasta<br \/>\n110. Comunidad ind\u00edgena F\u00fcn Ta\u00f1i Kurruf Quinchao<br \/>\n111. Comunidad ind\u00edgena Los Maitenes (Quinchao)<br \/>\n112. Comunidad ind\u00edgena Mar\u00eda Juana \u00c1guila de Flores<br \/>\n113. Eco-Escuela UOH<br \/>\n114. Ecosenderos Cisnes<br \/>\n115. Ecoterra ONG<br \/>\n116. El Triwe SpA<br \/>\n117. Ecobarrio San Miguel<br \/>\n118. Ecociencia Silvestre<br \/>\n119. Ecologistas Sexta Regi\u00f3n (Lucas Luna)<br \/>\n120. Frente de R\u00edo<br \/>\n121. Fudeso<br \/>\n122. Fundaci\u00f3n Aka Pacha<br \/>\n123. Fundaci\u00f3n Ambyter<br \/>\n124. OFC Bosque Pullico<br \/>\n125. Oikonos Ecosystem Knowledge<br \/>\n126. ONG Acci\u00f3n Eco Quintay<br \/>\n127. ONG Acci\u00f3n Local<br \/>\n128. ONG Centro de Estudios de Mastozoolog\u00eda Marina<br \/>\n129. ONG ElquiVerde (Basti\u00e1n Fern\u00e1ndez)<br \/>\n130. ONG Golondrina de Mar<br \/>\n131. ONG Investiga Colina<br \/>\n132. ONG Kintu<br \/>\n133. ONG Mallin Mapu<br \/>\n134. ONG TAF Taller de Aprendizaje Forestal<br \/>\n135. ONG Tejiendo Ecolog\u00edas<br \/>\n136. Organizaci\u00f3n AntuLafken, por la defensa de las aguas<br \/>\n137. Fundaci\u00f3n Anya<br \/>\n138. Fundaci\u00f3n A\u00f1a\u00f1uca<br \/>\n139. Fundaci\u00f3n \u00c1rbol Ciclo de Vida<br \/>\n140. Fundaci\u00f3n Bandada<br \/>\n141. Fundaci\u00f3n Basura<br \/>\n142. Fundaci\u00f3n Batuco Sustentable<br \/>\n143. Fundaci\u00f3n Chile Sin Ecocidio<br \/>\n144. Fundaci\u00f3n Chile Sustentable<br \/>\n145. Fundaci\u00f3n CIDEMAR<br \/>\n146. Fundaci\u00f3n Ciudadanos y Clima<br \/>\n147. Fundaci\u00f3n Costera Patagonia<br \/>\n148. Fundaci\u00f3n Desierto Esperanza<br \/>\n149. Fundaci\u00f3n Ecobarrios Chile<br \/>\n150. Fundaci\u00f3n Humboldti<br \/>\n151. Fundaci\u00f3n La Caleta<br \/>\n152. Fundaci\u00f3n Libera<br \/>\n153. Fundaci\u00f3n Logos del Bien Com\u00fan<br \/>\n154. Fundaci\u00f3n Loica<br \/>\n155. Fundaci\u00f3n Memoria<br \/>\n156. Fundaci\u00f3n Natural Mente<br \/>\n157. Fundaci\u00f3n Ojos de Mar<br \/>\n158. Fundaci\u00f3n Origen<br \/>\n159. Fundaci\u00f3n P\u00e1jaro Ni\u00f1o<br \/>\n160. Fundaci\u00f3n Planeta Mar<br \/>\n161. Fundaci\u00f3n Protege Los Molles<br \/>\n162. Fundaci\u00f3n Pulso Ambiental<br \/>\n163. Fundaci\u00f3n Relaves<br \/>\n164. Fundaci\u00f3n ReVerdes<br \/>\n165. Fundaci\u00f3n Ritoque<br \/>\n166. ECOP Chile (Early Career Ocean Professional Chile | UN Ocean Decade)<br \/>\n167. Comunidad Kaw\u00e9sqar Grupos Familiares N\u00f3mades del Mar<br \/>\n168. Comunidad Quebrada Los L\u00facumos<br \/>\n169. Fundaci\u00f3n Ruka Maya<br \/>\n170. Hoja de Babel<br \/>\n171. Huerto Comunitario La Berenjena<br \/>\n172. IACCTIS<br \/>\n173. Fundaci\u00f3n Salvemos Quirilluca<br \/>\n174. Fundaci\u00f3n Tayi\u00f1 Rakizuam<br \/>\n175. Fundaci\u00f3n Terram<br \/>\n176. Fundaci\u00f3n Travolution<br \/>\n177. Fundaci\u00f3n Tunqu\u00e9n Sustentable<br \/>\n178. Grupo Teatral Los Mil Nombres<br \/>\n179. Fundaci\u00f3n Wanaku Akunkawa<br \/>\n180. Consejo de Defensa de Los Que\u00f1es<br \/>\n181. Departamento de DD.HH. Colegio M\u00e9dico Regional La Serena<br \/>\n182. Descendientes del T\u00edtulo de Merced N\u00b0562 Territorio Caill\u00edn<br \/>\n183. Despierta Mejillones<br \/>\n184. Federaci\u00f3n CONFUSAM Centro Occidente<br \/>\n185. Junta de vecinos N\u00b02 sector centro Jos\u00e9 Antonio Moreno &#8211; Taltal<br \/>\n186. Junta de vecinos Villa Los Halcones, San Bernardo<br \/>\n187. Junta de vecinos N\u00b055 Villa Split<br \/>\n188. Ki\u00f1e Liwen<br \/>\n189. La Florida Solidaria<br \/>\n190. La Gran Lucila dice NO al Ecocidio<br \/>\n191. La Voz del Cerro<br \/>\n192. LabMar SpA<br \/>\n193. Laboratorio de Estudios Territoriales &#8211; Valdivia<br \/>\n194. Las Ecol\u00f3gicas de Porvenir Alto<br \/>\n195. Las Rizom\u00e1ticas<br \/>\n196. Lautaro Loncon Antileo &#8211; Comunidad Mapuche Lefweluan<br \/>\n197. Liga de la Ciencia ONG<br \/>\n198. Los Riscos \/ Curimanque Puc\u00f3n<br \/>\n199. MAI Movimiento Ambiental de la Cuenca del Trankura<br \/>\n200. Malen Leub\u00fc<br \/>\n201. Micorriza Maulina<br \/>\n202. Micramariposas<br \/>\n203. MODATIMA Antofagasta<br \/>\n204. MODATIMA Choapa<br \/>\n205. MODATIMA Punta Arenas<br \/>\n206. MOSACAT<br \/>\n207. Movimiento Ciudadano No Alto Maipo<br \/>\n208. Movimiento de Acci\u00f3n Ciudadana<br \/>\n209. Movimiento No M\u00e1s Angli<br \/>\n210. Movimiento por la Defensa de la Patagonia<br \/>\n211. Movimiento Social en Defensa del R\u00edo \u00d1uble<br \/>\n212. Movimiento Tarahuill\u00edn<br \/>\n213. Mujeres por el Buen Vivir<br \/>\n214. Nativas Chile<br \/>\n215. Naturaleza Intrusa<br \/>\n216. Patrimonio Vivo Costa<br \/>\n217. Fundaci\u00f3n End\u00e9mica<br \/>\n218. Proyecto Brotar El Bosque<br \/>\n219. Pumol Org\u00e1nico y Ambiental<br \/>\n220. Queremos Tupungato<br \/>\n221. QUI\u00d1E Centro de Investigaci\u00f3n\/Acci\u00f3n del Maritorio y las Sociedades Costeras<br \/>\n222. Red Ciudadana por los Humedales Valdivia<br \/>\n223. Red de Acci\u00f3n por los Derechos Ambientales (RADA)<br \/>\n224. Red de Educaci\u00f3n Ambiental de Chile<br \/>\n225. Red de Humedales del B\u00edo-B\u00edo<br \/>\n226. Restauraci\u00f3n Humedal Estero Zamorano<br \/>\n227. RTCH Red de Titiriter@s de Chile<br \/>\n228. Ruderales Chile<br \/>\n229. San Antonio Ambiental<br \/>\n230. SIDARTE Biob\u00edo<br \/>\n231. Silvestres Protegidos<br \/>\n232. Simbiosis Alhu\u00e9<br \/>\n233. Tecnovalue SpA<br \/>\n234. Tocopilla Digna<br \/>\n235. Tropa Yastay<br \/>\n236. ULS<br \/>\n237. UMA Organizaci\u00f3n Socioambiental<br \/>\n238. Sociedad Chilena de Medicina del Trabajo (SOCHMET)<br \/>\n239. Sociedad Chilena de Socioecolog\u00eda y Etnoecolog\u00eda<br \/>\n240. Sociedad de Historia de Casablanca<br \/>\n241. Sociedad de Socioecolog\u00eda y Etnoecolog\u00eda (SOSOET)<br \/>\n242. Taguatagua Nativo<br \/>\n243. Vautro Paisajes de Naturaleza<br \/>\n244. Velcro Ediciones<br \/>\n245. Wenuleufu<br \/>\n246. Yanapaqui<br \/>\n247. Amnist\u00eda Internacional<\/p>\n<h4 data-start=\"2173\" data-end=\"2657\">Firman esta declaraci\u00f3n, personas naturales:<\/h4>\n<p>1. Aldo Solar<br \/>\n2. Alejandra Moreno<br \/>\n3. Alejandra Pasten<br \/>\n4. Alfredo Torres<br \/>\n5. Amanda Roc\u00edo Morales Fuentes<br \/>\n6. Ana Bahamondes Pizarro<br \/>\n7. Ana Mar\u00eda Jara Lillo<br \/>\n8. Anais Cornejo Torres<br \/>\n9. Andrea Castillo Vel\u00e1squez<br \/>\n10. Andrea Mella Moreno<br \/>\n11. Andrea Silva B\u00e1ez (Miembro de la Sociedad de Ecolog\u00eda de Chile y de la Sociedad de Gen\u00e9tica de Chile)<br \/>\n12. Andr\u00e9s Nazer Blaset<br \/>\n13. Antonia Scarzella<br \/>\n14. Silvana Gonz\u00e1lez D\u00edaz<br \/>\n15. Silvia Bassaletti Ugarte<br \/>\n16. Antonio Lara<br \/>\n17. Arelys Hurtado Astorga<br \/>\n18. Ather Pincheira Bart<br \/>\n19. Ernesto Gonz\u00e1lez B.<br \/>\n20. Renata Martinic Birkner<br \/>\n21. Richard N\u00fa\u00f1ez<br \/>\n22. Roberto Valdebenito<br \/>\n23. Tatiana Carvajal Carvajal<br \/>\n24. Valentina Sandoval Parra<br \/>\n25. Yamir Jadue Bravo<br \/>\n26. Yennifer Mu\u00f1oz<br \/>\n27. Yuri Barraza Barrios<br \/>\n28. Rodrigo Mu\u00f1oz Bravo (AEP)<br \/>\n29. Rodrigo Soto<br \/>\n30. Romina Contreras Pizarro<br \/>\n31. Romina Sol\u00eds Navarrete<br \/>\n32. Rosa Ruggiero Lagos<br \/>\n33. Sahir Mon\u00e1rdez<br \/>\n34. Sebasti\u00e1n Benalc\u00e1zar<br \/>\n35. Sebasti\u00e1n Gonz\u00e1lez Oyarzo<br \/>\n36. Evelyn Mierzejewski Fern\u00e1ndez<br \/>\n37. Ayleen Bustos<br \/>\n38. Sof\u00eda Blanco<br \/>\n39. Solange Torres Soto<br \/>\n40. Soraya Torres L\u00f3pez<br \/>\n41. Stefania Henr\u00edquez Bergamin<br \/>\n42. Benjam\u00edn Reyes<br \/>\n43. Gabriel D\u00edaz Recabarren<br \/>\n44. Benjam\u00edn Vergara<br \/>\n45. Brandon Marcus<br \/>\n46. Braulio Hidalgo<br \/>\n47. Ignacio Bertolli<br \/>\n48. Ignacio Godoy Poblete<br \/>\n49. Profesora de Biolog\u00eda Gloria N\u00fa\u00f1ez<br \/>\n50. Ignacio Jara Parra<br \/>\n51. Pablo Gonz\u00e1lez Pieper, Ingeniero Ambiental<br \/>\n52. Pamela Cort\u00e9s Mayne<br \/>\n53. Pamela Schellman Jaramillo<br \/>\n54. Brayan Guillermo Araya Herrera<br \/>\n55. Camila P\u00e9rez<br \/>\n56. Carla Vargas Bazaes<br \/>\n57. Carola D\u00edaz<br \/>\n58. N\u00e9lida Pohl, PhD<br \/>\n59. Nicole Arias Cruz<br \/>\n60. Nicole Montesinos Vera<br \/>\n61. Nicole Sallaberry-Pincheira, MV, MSc, PhD(c). Acad\u00e9mica y m\u00e9dica veterinaria de fauna silvestre<br \/>\n62. Nicole V\u00e1squez<br \/>\n63. Norca Guajardo<br \/>\n64. Fabi\u00e1n Jeria<br \/>\n65. Felipe Barra<br \/>\n66. Felipe D\u00edaz<br \/>\n67. Fernanda Gabriela Montecino Gonz\u00e1lez<br \/>\n68. Fernanda Ram\u00edrez<br \/>\n69. Fernando Luengo Paolinelli<br \/>\n70. Flavia Carlino<br \/>\n71. Francisca Boher Elton<br \/>\n72. Francisca Mena<br \/>\n73. Francisca Torres Garc\u00eda<br \/>\n74. Francisca Valencia<br \/>\n75. Francisco Puebla<br \/>\n76. Francisco Zorondo<br \/>\n77. Catalina Urrutia<br \/>\n78. Caterina Simoncelli<br \/>\n79. Claudia Acevedo Puentes, Soci\u00f3loga y percusionista<br \/>\n80. Claudia Oregon<br \/>\n81. Claudia Valdebenito<br \/>\n82. Claudio Dougnac<br \/>\n83. Claudio Mart\u00ednez Valenzuela<br \/>\n84. Concejala de Santa Cruz Rossana Gonz\u00e1lez<br \/>\n85. Diego Barrera<br \/>\n86. Diego Rojo<br \/>\n87. M\u00f3nica Naveillan Jensen<br \/>\n88. Dr. Katharina Glas<br \/>\n89. Dra. Olga Barbosa Prieto<br \/>\n90. Constanza Cordero Letelier<br \/>\n91. Halyburton Consultora de Paisaje<br \/>\n92. Heidy Mar\u00eda Villalobos Barrantes<br \/>\n93. Hilacha Roja Arte Textil<br \/>\n94. Consuelo Maldonado<br \/>\n95. Cristina Dorador Ortiz, ec\u00f3loga microbiana<br \/>\n96. Daniel Mu\u00f1oz<br \/>\n97. Daniel Mu\u00f1oz Monasterio<br \/>\n98. Daniela Barrera, originaria del pueblo de Los Choros, comuna de La Higuera<br \/>\n99. Daniela Plaza<br \/>\n100. Daniela Tapia<br \/>\n101. Concejala presidenta Comisi\u00f3n de Medio Ambiente del Municipio de Til Til<br \/>\n102. Irma Valdebenito<br \/>\n103. Iskra Letelier Albornoz<br \/>\n104. Iv\u00e1n Franchi &#8211; Acad\u00e9mico UNAB<br \/>\n105. Iv\u00e1n Luna Moya<br \/>\n106. Jacqueline Castro Ravelo<br \/>\n107. Javier Chand\u00eda<br \/>\n108. Javier Reyes<br \/>\n109. Javiera Cornejo Morales<br \/>\n110. Natacha Z\u00fa\u00f1iga<br \/>\n111. Natalia Huerta Aguayo<br \/>\n112. Javiera Pozo Ciani<br \/>\n113. Jelenia Osses Marchant<br \/>\n114. Jos\u00e9 Bonilla Tortorello, Colegio M\u00e9dico de Chile<br \/>\n115. Jos\u00e9 Herrero Paz<br \/>\n116. Jos\u00e9 Pe\u00f1a Soto<br \/>\n117. Jos\u00e9 Sandoval<br \/>\n118. Josefina Guilisasti<br \/>\n119. Juan Francisco Araya<br \/>\n120. Kari Fuentes Brieba<br \/>\n121. Karim Azat Rabah<br \/>\n122. Karin Schulz<br \/>\n123. Karina Godoy Maldonado<br \/>\n124. Katja Neumeyer<br \/>\n125. Konstanza Ortiz Gonz\u00e1lez<br \/>\n126. Luciana Josefa Lehued\u00e9 Santib\u00e1\u00f1ez<br \/>\n127. Macarena Valdebenito<br \/>\n128. Maccarena Tapia P\u00e9rez<br \/>\n129. Magdalena Guzm\u00e1n<br \/>\n130. Maite Vielma Castro<br \/>\n131. Manuela Iribarren<br \/>\n132. Mar\u00eda Bernabeu<br \/>\n133. Mar\u00eda Jos\u00e9 Mart\u00ednez Harms<br \/>\n134. Mar\u00eda Paz Henr\u00edquez Villaseca<br \/>\n135. Mar\u00eda Piedad Barros<br \/>\n136. Mariana P\u00e9rez Castillo<br \/>\n137. Mariela Orellana<br \/>\n138. Marixa Concha Ch.<br \/>\n139. Martina Fischersworring<br \/>\n140. Martina Sanllehi<br \/>\n141. Mat\u00edas Jes\u00fas Morales Orme\u00f1o<br \/>\n142. Mauricio Araneda<br \/>\n143. Patricia Dom\u00ednguez &#8211; Studio Vegetalista<br \/>\n144. Patricia Matus<br \/>\n145. Patricia Z\u00fa\u00f1iga G\u00f3mez<br \/>\n146. Patricio Gonz\u00e1lez<br \/>\n147. Patricio Sebasti\u00e1n Gonz\u00e1lez Maturana<br \/>\n148. Patricio Zapata<br \/>\n149. Vanina Riquelme Acosta, Asociaci\u00f3n Cultural Mapuche K\u00fcme New\u00e9n<\/p>\n","protected":false},"excerpt":{"rendered":"<p>Ante el retiro de 43 decretos ambientales que regulan temas tan importantes como planes de descontaminaci\u00f3n y calidad del aire, entre otras [&hellip;]<\/p>\n","protected":false},"author":1,"featured_media":3477,"comment_status":"open","ping_status":"open","sticky":false,"template":"","format":"standard","meta":{"footnotes":""},"categories":[10,43,47],"tags":[153,154],"class_list":["post-3475","post","type-post","status-publish","format-standard","has-post-thumbnail","hentry","category-informacion","category-centro-de-informacion","category-portada","tag-declaracion","tag-retroceso-ambiental"],"yoast_head":"<!-- This site is optimized with the Yoast SEO plugin v27.4 - https:\/\/yoast.com\/product\/yoast-seo-wordpress\/ -->\n<title>Declaraci\u00f3n p\u00fablica: Alerta ante retrocesos ambientales del gobierno del presidente Kast - Plataforma Chilena de la Sociedad Civil de Derechos Humanos y Empresas<\/title>\n<meta name=\"description\" content=\"Organizaciones alertan sobre el retiro de 43 decretos ambientales en Chile, advirtiendo retrocesos en calidad del aire, biodiversidad y derechos de las comunidades.\" \/>\n<meta name=\"robots\" content=\"index, follow, max-snippet:-1, max-image-preview:large, max-video-preview:-1\" \/>\n<link rel=\"canonical\" href=\"https:\/\/derechoshumanosyempresas.cl\/index.php\/2026\/03\/18\/declaracion-publica-alerta-ante-retrocesos-ambientales-del-gobierno-del-presidente-kast\/\" \/>\n<meta property=\"og:locale\" content=\"es_ES\" \/>\n<meta property=\"og:type\" content=\"article\" \/>\n<meta property=\"og:title\" content=\"Declaraci\u00f3n p\u00fablica: Alerta ante retrocesos ambientales del gobierno del presidente Kast - Plataforma Chilena de la Sociedad Civil de Derechos Humanos y Empresas\" \/>\n<meta property=\"og:description\" content=\"Organizaciones alertan sobre el retiro de 43 decretos ambientales en Chile, advirtiendo retrocesos en calidad del aire, biodiversidad y derechos de las comunidades.\" \/>\n<meta property=\"og:url\" content=\"https:\/\/derechoshumanosyempresas.cl\/index.php\/2026\/03\/18\/declaracion-publica-alerta-ante-retrocesos-ambientales-del-gobierno-del-presidente-kast\/\" \/>\n<meta property=\"og:site_name\" content=\"Plataforma Chilena de la Sociedad Civil de Derechos Humanos y Empresas\" \/>\n<meta property=\"article:published_time\" content=\"2026-03-18T17:02:27+00:00\" \/>\n<meta property=\"article:modified_time\" content=\"2026-03-19T14:19:10+00:00\" \/>\n<meta property=\"og:image\" content=\"https:\/\/derechoshumanosyempresas.cl\/wp-content\/uploads\/2026\/03\/nota-encabezado.jpg\" \/>\n\t<meta property=\"og:image:width\" content=\"1024\" \/>\n\t<meta property=\"og:image:height\" content=\"768\" \/>\n\t<meta property=\"og:image:type\" content=\"image\/jpeg\" \/>\n<meta name=\"author\" content=\"admin\" \/>\n<meta name=\"twitter:card\" content=\"summary_large_image\" \/>\n<meta name=\"twitter:label1\" content=\"Escrito por\" \/>\n\t<meta name=\"twitter:data1\" content=\"admin\" \/>\n\t<meta name=\"twitter:label2\" content=\"Tiempo de lectura\" \/>\n\t<meta name=\"twitter:data2\" content=\"11 minutos\" \/>\n<script type=\"application\/ld+json\" class=\"yoast-schema-graph\">{\"@context\":\"https:\\\/\\\/schema.org\",\"@graph\":[{\"@type\":\"Article\",\"@id\":\"https:\\\/\\\/derechoshumanosyempresas.cl\\\/index.php\\\/2026\\\/03\\\/18\\\/declaracion-publica-alerta-ante-retrocesos-ambientales-del-gobierno-del-presidente-kast\\\/#article\",\"isPartOf\":{\"@id\":\"https:\\\/\\\/derechoshumanosyempresas.cl\\\/index.php\\\/2026\\\/03\\\/18\\\/declaracion-publica-alerta-ante-retrocesos-ambientales-del-gobierno-del-presidente-kast\\\/\"},\"author\":{\"name\":\"admin\",\"@id\":\"https:\\\/\\\/derechoshumanosyempresas.cl\\\/#\\\/schema\\\/person\\\/6476dd2bd26bc2ab59a33de40c2c2baa\"},\"headline\":\"Declaraci\u00f3n p\u00fablica: Alerta ante retrocesos ambientales del gobierno del presidente Kast\",\"datePublished\":\"2026-03-18T17:02:27+00:00\",\"dateModified\":\"2026-03-19T14:19:10+00:00\",\"mainEntityOfPage\":{\"@id\":\"https:\\\/\\\/derechoshumanosyempresas.cl\\\/index.php\\\/2026\\\/03\\\/18\\\/declaracion-publica-alerta-ante-retrocesos-ambientales-del-gobierno-del-presidente-kast\\\/\"},\"wordCount\":2070,\"commentCount\":0,\"image\":{\"@id\":\"https:\\\/\\\/derechoshumanosyempresas.cl\\\/index.php\\\/2026\\\/03\\\/18\\\/declaracion-publica-alerta-ante-retrocesos-ambientales-del-gobierno-del-presidente-kast\\\/#primaryimage\"},\"thumbnailUrl\":\"https:\\\/\\\/derechoshumanosyempresas.cl\\\/wp-content\\\/uploads\\\/2026\\\/03\\\/nota-encabezado.jpg\",\"keywords\":[\"Declaraci\u00f3n\",\"Retroceso ambiental\"],\"articleSection\":[\"Informaci\u00f3n\",\"Noticias\",\"Portada\"],\"inLanguage\":\"es\",\"potentialAction\":[{\"@type\":\"CommentAction\",\"name\":\"Comment\",\"target\":[\"https:\\\/\\\/derechoshumanosyempresas.cl\\\/index.php\\\/2026\\\/03\\\/18\\\/declaracion-publica-alerta-ante-retrocesos-ambientales-del-gobierno-del-presidente-kast\\\/#respond\"]}]},{\"@type\":\"WebPage\",\"@id\":\"https:\\\/\\\/derechoshumanosyempresas.cl\\\/index.php\\\/2026\\\/03\\\/18\\\/declaracion-publica-alerta-ante-retrocesos-ambientales-del-gobierno-del-presidente-kast\\\/\",\"url\":\"https:\\\/\\\/derechoshumanosyempresas.cl\\\/index.php\\\/2026\\\/03\\\/18\\\/declaracion-publica-alerta-ante-retrocesos-ambientales-del-gobierno-del-presidente-kast\\\/\",\"name\":\"Declaraci\u00f3n p\u00fablica: Alerta ante retrocesos ambientales del gobierno del presidente Kast - Plataforma Chilena de la Sociedad Civil de Derechos Humanos y Empresas\",\"isPartOf\":{\"@id\":\"https:\\\/\\\/derechoshumanosyempresas.cl\\\/#website\"},\"primaryImageOfPage\":{\"@id\":\"https:\\\/\\\/derechoshumanosyempresas.cl\\\/index.php\\\/2026\\\/03\\\/18\\\/declaracion-publica-alerta-ante-retrocesos-ambientales-del-gobierno-del-presidente-kast\\\/#primaryimage\"},\"image\":{\"@id\":\"https:\\\/\\\/derechoshumanosyempresas.cl\\\/index.php\\\/2026\\\/03\\\/18\\\/declaracion-publica-alerta-ante-retrocesos-ambientales-del-gobierno-del-presidente-kast\\\/#primaryimage\"},\"thumbnailUrl\":\"https:\\\/\\\/derechoshumanosyempresas.cl\\\/wp-content\\\/uploads\\\/2026\\\/03\\\/nota-encabezado.jpg\",\"datePublished\":\"2026-03-18T17:02:27+00:00\",\"dateModified\":\"2026-03-19T14:19:10+00:00\",\"author\":{\"@id\":\"https:\\\/\\\/derechoshumanosyempresas.cl\\\/#\\\/schema\\\/person\\\/6476dd2bd26bc2ab59a33de40c2c2baa\"},\"description\":\"Organizaciones alertan sobre el retiro de 43 decretos ambientales en Chile, advirtiendo retrocesos en calidad del aire, biodiversidad y derechos de las comunidades.\",\"breadcrumb\":{\"@id\":\"https:\\\/\\\/derechoshumanosyempresas.cl\\\/index.php\\\/2026\\\/03\\\/18\\\/declaracion-publica-alerta-ante-retrocesos-ambientales-del-gobierno-del-presidente-kast\\\/#breadcrumb\"},\"inLanguage\":\"es\",\"potentialAction\":[{\"@type\":\"ReadAction\",\"target\":[\"https:\\\/\\\/derechoshumanosyempresas.cl\\\/index.php\\\/2026\\\/03\\\/18\\\/declaracion-publica-alerta-ante-retrocesos-ambientales-del-gobierno-del-presidente-kast\\\/\"]}]},{\"@type\":\"ImageObject\",\"inLanguage\":\"es\",\"@id\":\"https:\\\/\\\/derechoshumanosyempresas.cl\\\/index.php\\\/2026\\\/03\\\/18\\\/declaracion-publica-alerta-ante-retrocesos-ambientales-del-gobierno-del-presidente-kast\\\/#primaryimage\",\"url\":\"https:\\\/\\\/derechoshumanosyempresas.cl\\\/wp-content\\\/uploads\\\/2026\\\/03\\\/nota-encabezado.jpg\",\"contentUrl\":\"https:\\\/\\\/derechoshumanosyempresas.cl\\\/wp-content\\\/uploads\\\/2026\\\/03\\\/nota-encabezado.jpg\",\"width\":1024,\"height\":768},{\"@type\":\"BreadcrumbList\",\"@id\":\"https:\\\/\\\/derechoshumanosyempresas.cl\\\/index.php\\\/2026\\\/03\\\/18\\\/declaracion-publica-alerta-ante-retrocesos-ambientales-del-gobierno-del-presidente-kast\\\/#breadcrumb\",\"itemListElement\":[{\"@type\":\"ListItem\",\"position\":1,\"name\":\"Portada\",\"item\":\"https:\\\/\\\/derechoshumanosyempresas.cl\\\/\"},{\"@type\":\"ListItem\",\"position\":2,\"name\":\"Declaraci\u00f3n p\u00fablica: Alerta ante retrocesos ambientales del gobierno del presidente Kast\"}]},{\"@type\":\"WebSite\",\"@id\":\"https:\\\/\\\/derechoshumanosyempresas.cl\\\/#website\",\"url\":\"https:\\\/\\\/derechoshumanosyempresas.cl\\\/\",\"name\":\"Plataforma Chilena de la Sociedad Civil de Derechos Humanos y Empresas\",\"description\":\"\",\"potentialAction\":[{\"@type\":\"SearchAction\",\"target\":{\"@type\":\"EntryPoint\",\"urlTemplate\":\"https:\\\/\\\/derechoshumanosyempresas.cl\\\/?s={search_term_string}\"},\"query-input\":{\"@type\":\"PropertyValueSpecification\",\"valueRequired\":true,\"valueName\":\"search_term_string\"}}],\"inLanguage\":\"es\"},{\"@type\":\"Person\",\"@id\":\"https:\\\/\\\/derechoshumanosyempresas.cl\\\/#\\\/schema\\\/person\\\/6476dd2bd26bc2ab59a33de40c2c2baa\",\"name\":\"admin\",\"image\":{\"@type\":\"ImageObject\",\"inLanguage\":\"es\",\"@id\":\"https:\\\/\\\/secure.gravatar.com\\\/avatar\\\/e482226d0b315127399077d5c4b71da7603e497013d2412b38a9884e70d87e81?s=96&d=mm&r=g\",\"url\":\"https:\\\/\\\/secure.gravatar.com\\\/avatar\\\/e482226d0b315127399077d5c4b71da7603e497013d2412b38a9884e70d87e81?s=96&d=mm&r=g\",\"contentUrl\":\"https:\\\/\\\/secure.gravatar.com\\\/avatar\\\/e482226d0b315127399077d5c4b71da7603e497013d2412b38a9884e70d87e81?s=96&d=mm&r=g\",\"caption\":\"admin\"},\"sameAs\":[\"https:\\\/\\\/derechoshumanosyempresas.cl\"],\"url\":\"https:\\\/\\\/derechoshumanosyempresas.cl\\\/index.php\\\/author\\\/admin\\\/\"}]}<\/script>\n<!-- \/ Yoast SEO plugin. -->","yoast_head_json":{"title":"Declaraci\u00f3n p\u00fablica: Alerta ante retrocesos ambientales del gobierno del presidente Kast - Plataforma Chilena de la Sociedad Civil de Derechos Humanos y Empresas","description":"Organizaciones alertan sobre el retiro de 43 decretos ambientales en Chile, advirtiendo retrocesos en calidad del aire, biodiversidad y derechos de las comunidades.","robots":{"index":"index","follow":"follow","max-snippet":"max-snippet:-1","max-image-preview":"max-image-preview:large","max-video-preview":"max-video-preview:-1"},"canonical":"https:\/\/derechoshumanosyempresas.cl\/index.php\/2026\/03\/18\/declaracion-publica-alerta-ante-retrocesos-ambientales-del-gobierno-del-presidente-kast\/","og_locale":"es_ES","og_type":"article","og_title":"Declaraci\u00f3n p\u00fablica: Alerta ante retrocesos ambientales del gobierno del presidente Kast - Plataforma Chilena de la Sociedad Civil de Derechos Humanos y Empresas","og_description":"Organizaciones alertan sobre el retiro de 43 decretos ambientales en Chile, advirtiendo retrocesos en calidad del aire, biodiversidad y derechos de las comunidades.","og_url":"https:\/\/derechoshumanosyempresas.cl\/index.php\/2026\/03\/18\/declaracion-publica-alerta-ante-retrocesos-ambientales-del-gobierno-del-presidente-kast\/","og_site_name":"Plataforma Chilena de la Sociedad Civil de Derechos Humanos y Empresas","article_published_time":"2026-03-18T17:02:27+00:00","article_modified_time":"2026-03-19T14:19:10+00:00","og_image":[{"width":1024,"height":768,"url":"https:\/\/derechoshumanosyempresas.cl\/wp-content\/uploads\/2026\/03\/nota-encabezado.jpg","type":"image\/jpeg"}],"author":"admin","twitter_card":"summary_large_image","twitter_misc":{"Escrito por":"admin","Tiempo de lectura":"11 minutos"},"schema":{"@context":"https:\/\/schema.org","@graph":[{"@type":"Article","@id":"https:\/\/derechoshumanosyempresas.cl\/index.php\/2026\/03\/18\/declaracion-publica-alerta-ante-retrocesos-ambientales-del-gobierno-del-presidente-kast\/#article","isPartOf":{"@id":"https:\/\/derechoshumanosyempresas.cl\/index.php\/2026\/03\/18\/declaracion-publica-alerta-ante-retrocesos-ambientales-del-gobierno-del-presidente-kast\/"},"author":{"name":"admin","@id":"https:\/\/derechoshumanosyempresas.cl\/#\/schema\/person\/6476dd2bd26bc2ab59a33de40c2c2baa"},"headline":"Declaraci\u00f3n p\u00fablica: Alerta ante retrocesos ambientales del gobierno del presidente Kast","datePublished":"2026-03-18T17:02:27+00:00","dateModified":"2026-03-19T14:19:10+00:00","mainEntityOfPage":{"@id":"https:\/\/derechoshumanosyempresas.cl\/index.php\/2026\/03\/18\/declaracion-publica-alerta-ante-retrocesos-ambientales-del-gobierno-del-presidente-kast\/"},"wordCount":2070,"commentCount":0,"image":{"@id":"https:\/\/derechoshumanosyempresas.cl\/index.php\/2026\/03\/18\/declaracion-publica-alerta-ante-retrocesos-ambientales-del-gobierno-del-presidente-kast\/#primaryimage"},"thumbnailUrl":"https:\/\/derechoshumanosyempresas.cl\/wp-content\/uploads\/2026\/03\/nota-encabezado.jpg","keywords":["Declaraci\u00f3n","Retroceso ambiental"],"articleSection":["Informaci\u00f3n","Noticias","Portada"],"inLanguage":"es","potentialAction":[{"@type":"CommentAction","name":"Comment","target":["https:\/\/derechoshumanosyempresas.cl\/index.php\/2026\/03\/18\/declaracion-publica-alerta-ante-retrocesos-ambientales-del-gobierno-del-presidente-kast\/#respond"]}]},{"@type":"WebPage","@id":"https:\/\/derechoshumanosyempresas.cl\/index.php\/2026\/03\/18\/declaracion-publica-alerta-ante-retrocesos-ambientales-del-gobierno-del-presidente-kast\/","url":"https:\/\/derechoshumanosyempresas.cl\/index.php\/2026\/03\/18\/declaracion-publica-alerta-ante-retrocesos-ambientales-del-gobierno-del-presidente-kast\/","name":"Declaraci\u00f3n p\u00fablica: Alerta ante retrocesos ambientales del gobierno del presidente Kast - Plataforma Chilena de la Sociedad Civil de Derechos Humanos y Empresas","isPartOf":{"@id":"https:\/\/derechoshumanosyempresas.cl\/#website"},"primaryImageOfPage":{"@id":"https:\/\/derechoshumanosyempresas.cl\/index.php\/2026\/03\/18\/declaracion-publica-alerta-ante-retrocesos-ambientales-del-gobierno-del-presidente-kast\/#primaryimage"},"image":{"@id":"https:\/\/derechoshumanosyempresas.cl\/index.php\/2026\/03\/18\/declaracion-publica-alerta-ante-retrocesos-ambientales-del-gobierno-del-presidente-kast\/#primaryimage"},"thumbnailUrl":"https:\/\/derechoshumanosyempresas.cl\/wp-content\/uploads\/2026\/03\/nota-encabezado.jpg","datePublished":"2026-03-18T17:02:27+00:00","dateModified":"2026-03-19T14:19:10+00:00","author":{"@id":"https:\/\/derechoshumanosyempresas.cl\/#\/schema\/person\/6476dd2bd26bc2ab59a33de40c2c2baa"},"description":"Organizaciones alertan sobre el retiro de 43 decretos ambientales en Chile, advirtiendo retrocesos en calidad del aire, biodiversidad y derechos de las comunidades.","breadcrumb":{"@id":"https:\/\/derechoshumanosyempresas.cl\/index.php\/2026\/03\/18\/declaracion-publica-alerta-ante-retrocesos-ambientales-del-gobierno-del-presidente-kast\/#breadcrumb"},"inLanguage":"es","potentialAction":[{"@type":"ReadAction","target":["https:\/\/derechoshumanosyempresas.cl\/index.php\/2026\/03\/18\/declaracion-publica-alerta-ante-retrocesos-ambientales-del-gobierno-del-presidente-kast\/"]}]},{"@type":"ImageObject","inLanguage":"es","@id":"https:\/\/derechoshumanosyempresas.cl\/index.php\/2026\/03\/18\/declaracion-publica-alerta-ante-retrocesos-ambientales-del-gobierno-del-presidente-kast\/#primaryimage","url":"https:\/\/derechoshumanosyempresas.cl\/wp-content\/uploads\/2026\/03\/nota-encabezado.jpg","contentUrl":"https:\/\/derechoshumanosyempresas.cl\/wp-content\/uploads\/2026\/03\/nota-encabezado.jpg","width":1024,"height":768},{"@type":"BreadcrumbList","@id":"https:\/\/derechoshumanosyempresas.cl\/index.php\/2026\/03\/18\/declaracion-publica-alerta-ante-retrocesos-ambientales-del-gobierno-del-presidente-kast\/#breadcrumb","itemListElement":[{"@type":"ListItem","position":1,"name":"Portada","item":"https:\/\/derechoshumanosyempresas.cl\/"},{"@type":"ListItem","position":2,"name":"Declaraci\u00f3n p\u00fablica: Alerta ante retrocesos ambientales del gobierno del presidente Kast"}]},{"@type":"WebSite","@id":"https:\/\/derechoshumanosyempresas.cl\/#website","url":"https:\/\/derechoshumanosyempresas.cl\/","name":"Plataforma Chilena de la Sociedad Civil de Derechos Humanos y Empresas","description":"","potentialAction":[{"@type":"SearchAction","target":{"@type":"EntryPoint","urlTemplate":"https:\/\/derechoshumanosyempresas.cl\/?s={search_term_string}"},"query-input":{"@type":"PropertyValueSpecification","valueRequired":true,"valueName":"search_term_string"}}],"inLanguage":"es"},{"@type":"Person","@id":"https:\/\/derechoshumanosyempresas.cl\/#\/schema\/person\/6476dd2bd26bc2ab59a33de40c2c2baa","name":"admin","image":{"@type":"ImageObject","inLanguage":"es","@id":"https:\/\/secure.gravatar.com\/avatar\/e482226d0b315127399077d5c4b71da7603e497013d2412b38a9884e70d87e81?s=96&d=mm&r=g","url":"https:\/\/secure.gravatar.com\/avatar\/e482226d0b315127399077d5c4b71da7603e497013d2412b38a9884e70d87e81?s=96&d=mm&r=g","contentUrl":"https:\/\/secure.gravatar.com\/avatar\/e482226d0b315127399077d5c4b71da7603e497013d2412b38a9884e70d87e81?s=96&d=mm&r=g","caption":"admin"},"sameAs":["https:\/\/derechoshumanosyempresas.cl"],"url":"https:\/\/derechoshumanosyempresas.cl\/index.php\/author\/admin\/"}]}},"wpmagazine_modules_lite_featured_media_urls":{"thumbnail":["https:\/\/derechoshumanosyempresas.cl\/wp-content\/uploads\/2026\/03\/nota-encabezado-150x150.jpg",150,150,true],"cvmm-medium":["https:\/\/derechoshumanosyempresas.cl\/wp-content\/uploads\/2026\/03\/nota-encabezado-300x300.jpg",300,300,true],"cvmm-medium-plus":["https:\/\/derechoshumanosyempresas.cl\/wp-content\/uploads\/2026\/03\/nota-encabezado-305x207.jpg",305,207,true],"cvmm-portrait":["https:\/\/derechoshumanosyempresas.cl\/wp-content\/uploads\/2026\/03\/nota-encabezado-400x600.jpg",400,600,true],"cvmm-medium-square":["https:\/\/derechoshumanosyempresas.cl\/wp-content\/uploads\/2026\/03\/nota-encabezado-600x600.jpg",600,600,true],"cvmm-large":["https:\/\/derechoshumanosyempresas.cl\/wp-content\/uploads\/2026\/03\/nota-encabezado.jpg",1024,768,false],"cvmm-small":["https:\/\/derechoshumanosyempresas.cl\/wp-content\/uploads\/2026\/03\/nota-encabezado-130x95.jpg",130,95,true],"full":["https:\/\/derechoshumanosyempresas.cl\/wp-content\/uploads\/2026\/03\/nota-encabezado.jpg",1024,768,false]},"categories_names":{"10":{"name":"Informaci\u00f3n","link":"https:\/\/derechoshumanosyempresas.cl\/index.php\/category\/informacion\/"},"43":{"name":"Noticias","link":"https:\/\/derechoshumanosyempresas.cl\/index.php\/category\/centro-de-informacion\/"},"47":{"name":"Portada","link":"https:\/\/derechoshumanosyempresas.cl\/index.php\/category\/portada\/"}},"tags_names":{"153":{"name":"Declaraci\u00f3n","link":"https:\/\/derechoshumanosyempresas.cl\/index.php\/tag\/declaracion\/"},"154":{"name":"Retroceso ambiental","link":"https:\/\/derechoshumanosyempresas.cl\/index.php\/tag\/retroceso-ambiental\/"}},"comments_number":"0","_links":{"self":[{"href":"https:\/\/derechoshumanosyempresas.cl\/index.php\/wp-json\/wp\/v2\/posts\/3475","targetHints":{"allow":["GET"]}}],"collection":[{"href":"https:\/\/derechoshumanosyempresas.cl\/index.php\/wp-json\/wp\/v2\/posts"}],"about":[{"href":"https:\/\/derechoshumanosyempresas.cl\/index.php\/wp-json\/wp\/v2\/types\/post"}],"author":[{"embeddable":true,"href":"https:\/\/derechoshumanosyempresas.cl\/index.php\/wp-json\/wp\/v2\/users\/1"}],"replies":[{"embeddable":true,"href":"https:\/\/derechoshumanosyempresas.cl\/index.php\/wp-json\/wp\/v2\/comments?post=3475"}],"version-history":[{"count":2,"href":"https:\/\/derechoshumanosyempresas.cl\/index.php\/wp-json\/wp\/v2\/posts\/3475\/revisions"}],"predecessor-version":[{"id":3479,"href":"https:\/\/derechoshumanosyempresas.cl\/index.php\/wp-json\/wp\/v2\/posts\/3475\/revisions\/3479"}],"wp:featuredmedia":[{"embeddable":true,"href":"https:\/\/derechoshumanosyempresas.cl\/index.php\/wp-json\/wp\/v2\/media\/3477"}],"wp:attachment":[{"href":"https:\/\/derechoshumanosyempresas.cl\/index.php\/wp-json\/wp\/v2\/media?parent=3475"}],"wp:term":[{"taxonomy":"category","embeddable":true,"href":"https:\/\/derechoshumanosyempresas.cl\/index.php\/wp-json\/wp\/v2\/categories?post=3475"},{"taxonomy":"post_tag","embeddable":true,"href":"https:\/\/derechoshumanosyempresas.cl\/index.php\/wp-json\/wp\/v2\/tags?post=3475"}],"curies":[{"name":"wp","href":"https:\/\/api.w.org\/{rel}","templated":true}]}}