{"id":3253,"date":"2025-10-13T16:12:36","date_gmt":"2025-10-13T20:12:36","guid":{"rendered":"https:\/\/derechoshumanosyempresas.cl\/?p=3253"},"modified":"2025-10-13T16:12:36","modified_gmt":"2025-10-13T20:12:36","slug":"nueva-guia-busca-fortalecer-la-defensa-de-derechos-humanos-ante-empresas","status":"publish","type":"post","link":"https:\/\/derechoshumanosyempresas.cl\/index.php\/2025\/10\/13\/nueva-guia-busca-fortalecer-la-defensa-de-derechos-humanos-ante-empresas\/","title":{"rendered":"Nueva gu\u00eda busca fortalecer la defensa de derechos humanos ante empresas"},"content":{"rendered":"<p><i><span style=\"font-weight: 400;\">El documento, elaborado en el marco del Proyecto REDAR e\u00a0 impulsado por la Plataforma Chilena de Sociedad Civil sobre Derechos Humanos y Empresas, entrega herramientas te\u00f3rico-pr\u00e1cticas para que comunidades y organizaciones puedan exigir el respeto y protecci\u00f3n de los derechos humanos y ambientales frente a la actividad empresarial.<\/span><\/i><\/p>\n<p><span style=\"font-weight: 400;\">En Chile, las actividades empresariales han demostrado tener impactos directos en las comunidades, sus formas de vida y los territorios que habitan, afectando tambi\u00e9n al medioambiente. Por eso, promover los derechos humanos hoy implica tambi\u00e9n defender la justicia social y ambiental, entendiendo que ambas son inseparables para avanzar hacia un desarrollo que respete tanto a las personas como su relaci\u00f3n con la naturaleza.<\/span><\/p>\n<p><span style=\"font-weight: 400;\">Bajo este contexto es que se presenta la <\/span><b>Gu\u00eda sobre Derechos Humanos y Empresas para la Sociedad Civil en Chile<\/b><span style=\"font-weight: 400;\">, elaborada en el marco del Proyecto REDAR impulsado por la Plataforma Chilena de Sociedad Civil sobre Derechos Humanos y Empresas, y coordinado por ONG FIMA, en conjunto con el Centro de Derechos Humanos de la Universidad Diego Portales y el Observatorio Ciudadano, con el apoyo de la Uni\u00f3n Europea. Esta es una herramienta de consulta y apoyo pr\u00e1ctico pensada para fortalecer las capacidades de defensa de comunidades y organizaciones frente a vulneraciones derivadas de actividades empresariales.<\/span><\/p>\n<p><span style=\"font-weight: 400;\">La gu\u00eda re\u00fane los principales conceptos, normas y mecanismos de protecci\u00f3n disponibles a nivel nacional e internacional, explicando temas como los Principios Rectores de Naciones Unidas sobre Empresas y Derechos Humanos, conceptos como la responsabilidad corporativa, la debida diligencia y los distintos mecanismos para la protecci\u00f3n de los derechos humanos en Chile.<\/span><\/p>\n<p><strong><a href=\"https:\/\/derechoshumanosyempresas.cl\/wp-content\/uploads\/2025\/10\/guia-sobre-derechos-humanos-y-empresas-para-la-sociedad-civil-en-chile.pdf\">Descarga el informe aqu\u00ed<\/a><\/strong>.<\/p>\n","protected":false},"excerpt":{"rendered":"<p>El documento, elaborado en el marco del Proyecto REDAR e\u00a0 impulsado por la Plataforma Chilena de Sociedad Civil sobre Derechos Humanos y [&hellip;]<\/p>\n","protected":false},"author":1,"featured_media":3254,"comment_status":"open","ping_status":"open","sticky":false,"template":"","format":"standard","meta":{"footnotes":""},"categories":[43,47],"tags":[138,87,86,137,93],"class_list":["post-3253","post","type-post","status-publish","format-standard","has-post-thumbnail","hentry","category-centro-de-informacion","category-portada","tag-ddhh","tag-debida-diligencia","tag-derechos-humanos-y-empresas","tag-informe","tag-proyecto-redar"],"yoast_head":"<!-- This site is optimized with the Yoast SEO plugin v27.4 - https:\/\/yoast.com\/product\/yoast-seo-wordpress\/ -->\n<title>Nueva gu\u00eda busca fortalecer la defensa de derechos humanos ante empresas - Plataforma Chilena de la Sociedad Civil de Derechos Humanos y Empresas<\/title>\n<meta name=\"description\" content=\"La nueva gu\u00eda del Proyecto REDAR entrega herramientas para que comunidades y organizaciones defiendan los derechos humanos ante actividades empresariales.\" \/>\n<meta name=\"robots\" content=\"index, follow, max-snippet:-1, max-image-preview:large, max-video-preview:-1\" \/>\n<link rel=\"canonical\" href=\"https:\/\/derechoshumanosyempresas.cl\/index.php\/2025\/10\/13\/nueva-guia-busca-fortalecer-la-defensa-de-derechos-humanos-ante-empresas\/\" \/>\n<meta property=\"og:locale\" content=\"es_ES\" \/>\n<meta property=\"og:type\" content=\"article\" \/>\n<meta property=\"og:title\" content=\"Nueva gu\u00eda busca fortalecer la defensa de derechos humanos ante empresas - Plataforma Chilena de la Sociedad Civil de Derechos Humanos y Empresas\" \/>\n<meta property=\"og:description\" content=\"La nueva gu\u00eda del Proyecto REDAR entrega herramientas para que comunidades y organizaciones defiendan los derechos humanos ante actividades empresariales.\" \/>\n<meta property=\"og:url\" content=\"https:\/\/derechoshumanosyempresas.cl\/index.php\/2025\/10\/13\/nueva-guia-busca-fortalecer-la-defensa-de-derechos-humanos-ante-empresas\/\" \/>\n<meta property=\"og:site_name\" content=\"Plataforma Chilena de la Sociedad Civil de Derechos Humanos y Empresas\" \/>\n<meta property=\"article:published_time\" content=\"2025-10-13T20:12:36+00:00\" \/>\n<meta property=\"og:image\" content=\"https:\/\/derechoshumanosyempresas.cl\/wp-content\/uploads\/2025\/10\/Captura-de-pantalla-2025-10-13-a-las-5.09.38-p.-m.png\" \/>\n\t<meta property=\"og:image:width\" content=\"1014\" \/>\n\t<meta property=\"og:image:height\" content=\"680\" \/>\n\t<meta property=\"og:image:type\" content=\"image\/png\" \/>\n<meta name=\"author\" content=\"admin\" \/>\n<meta name=\"twitter:card\" content=\"summary_large_image\" \/>\n<meta name=\"twitter:label1\" content=\"Escrito por\" \/>\n\t<meta name=\"twitter:data1\" content=\"admin\" \/>\n\t<meta name=\"twitter:label2\" content=\"Tiempo de lectura\" \/>\n\t<meta name=\"twitter:data2\" content=\"2 minutos\" \/>\n<script type=\"application\/ld+json\" class=\"yoast-schema-graph\">{\"@context\":\"https:\\\/\\\/schema.org\",\"@graph\":[{\"@type\":\"Article\",\"@id\":\"https:\\\/\\\/derechoshumanosyempresas.cl\\\/index.php\\\/2025\\\/10\\\/13\\\/nueva-guia-busca-fortalecer-la-defensa-de-derechos-humanos-ante-empresas\\\/#article\",\"isPartOf\":{\"@id\":\"https:\\\/\\\/derechoshumanosyempresas.cl\\\/index.php\\\/2025\\\/10\\\/13\\\/nueva-guia-busca-fortalecer-la-defensa-de-derechos-humanos-ante-empresas\\\/\"},\"author\":{\"name\":\"admin\",\"@id\":\"https:\\\/\\\/derechoshumanosyempresas.cl\\\/#\\\/schema\\\/person\\\/6476dd2bd26bc2ab59a33de40c2c2baa\"},\"headline\":\"Nueva gu\u00eda busca fortalecer la defensa de derechos humanos ante empresas\",\"datePublished\":\"2025-10-13T20:12:36+00:00\",\"mainEntityOfPage\":{\"@id\":\"https:\\\/\\\/derechoshumanosyempresas.cl\\\/index.php\\\/2025\\\/10\\\/13\\\/nueva-guia-busca-fortalecer-la-defensa-de-derechos-humanos-ante-empresas\\\/\"},\"wordCount\":288,\"commentCount\":0,\"image\":{\"@id\":\"https:\\\/\\\/derechoshumanosyempresas.cl\\\/index.php\\\/2025\\\/10\\\/13\\\/nueva-guia-busca-fortalecer-la-defensa-de-derechos-humanos-ante-empresas\\\/#primaryimage\"},\"thumbnailUrl\":\"https:\\\/\\\/derechoshumanosyempresas.cl\\\/wp-content\\\/uploads\\\/2025\\\/10\\\/Captura-de-pantalla-2025-10-13-a-las-5.09.38-p.-m.png\",\"keywords\":[\"DDHH\",\"debida diligencia\",\"derechos humanos y empresas\",\"Informe\",\"proyecto redar\"],\"articleSection\":[\"Noticias\",\"Portada\"],\"inLanguage\":\"es\",\"potentialAction\":[{\"@type\":\"CommentAction\",\"name\":\"Comment\",\"target\":[\"https:\\\/\\\/derechoshumanosyempresas.cl\\\/index.php\\\/2025\\\/10\\\/13\\\/nueva-guia-busca-fortalecer-la-defensa-de-derechos-humanos-ante-empresas\\\/#respond\"]}]},{\"@type\":\"WebPage\",\"@id\":\"https:\\\/\\\/derechoshumanosyempresas.cl\\\/index.php\\\/2025\\\/10\\\/13\\\/nueva-guia-busca-fortalecer-la-defensa-de-derechos-humanos-ante-empresas\\\/\",\"url\":\"https:\\\/\\\/derechoshumanosyempresas.cl\\\/index.php\\\/2025\\\/10\\\/13\\\/nueva-guia-busca-fortalecer-la-defensa-de-derechos-humanos-ante-empresas\\\/\",\"name\":\"Nueva gu\u00eda busca fortalecer la defensa de derechos humanos ante empresas - Plataforma Chilena de la Sociedad Civil de Derechos Humanos y Empresas\",\"isPartOf\":{\"@id\":\"https:\\\/\\\/derechoshumanosyempresas.cl\\\/#website\"},\"primaryImageOfPage\":{\"@id\":\"https:\\\/\\\/derechoshumanosyempresas.cl\\\/index.php\\\/2025\\\/10\\\/13\\\/nueva-guia-busca-fortalecer-la-defensa-de-derechos-humanos-ante-empresas\\\/#primaryimage\"},\"image\":{\"@id\":\"https:\\\/\\\/derechoshumanosyempresas.cl\\\/index.php\\\/2025\\\/10\\\/13\\\/nueva-guia-busca-fortalecer-la-defensa-de-derechos-humanos-ante-empresas\\\/#primaryimage\"},\"thumbnailUrl\":\"https:\\\/\\\/derechoshumanosyempresas.cl\\\/wp-content\\\/uploads\\\/2025\\\/10\\\/Captura-de-pantalla-2025-10-13-a-las-5.09.38-p.-m.png\",\"datePublished\":\"2025-10-13T20:12:36+00:00\",\"author\":{\"@id\":\"https:\\\/\\\/derechoshumanosyempresas.cl\\\/#\\\/schema\\\/person\\\/6476dd2bd26bc2ab59a33de40c2c2baa\"},\"description\":\"La nueva gu\u00eda del Proyecto REDAR entrega herramientas para que comunidades y organizaciones defiendan los derechos humanos ante actividades empresariales.\",\"breadcrumb\":{\"@id\":\"https:\\\/\\\/derechoshumanosyempresas.cl\\\/index.php\\\/2025\\\/10\\\/13\\\/nueva-guia-busca-fortalecer-la-defensa-de-derechos-humanos-ante-empresas\\\/#breadcrumb\"},\"inLanguage\":\"es\",\"potentialAction\":[{\"@type\":\"ReadAction\",\"target\":[\"https:\\\/\\\/derechoshumanosyempresas.cl\\\/index.php\\\/2025\\\/10\\\/13\\\/nueva-guia-busca-fortalecer-la-defensa-de-derechos-humanos-ante-empresas\\\/\"]}]},{\"@type\":\"ImageObject\",\"inLanguage\":\"es\",\"@id\":\"https:\\\/\\\/derechoshumanosyempresas.cl\\\/index.php\\\/2025\\\/10\\\/13\\\/nueva-guia-busca-fortalecer-la-defensa-de-derechos-humanos-ante-empresas\\\/#primaryimage\",\"url\":\"https:\\\/\\\/derechoshumanosyempresas.cl\\\/wp-content\\\/uploads\\\/2025\\\/10\\\/Captura-de-pantalla-2025-10-13-a-las-5.09.38-p.-m.png\",\"contentUrl\":\"https:\\\/\\\/derechoshumanosyempresas.cl\\\/wp-content\\\/uploads\\\/2025\\\/10\\\/Captura-de-pantalla-2025-10-13-a-las-5.09.38-p.-m.png\",\"width\":1014,\"height\":680},{\"@type\":\"BreadcrumbList\",\"@id\":\"https:\\\/\\\/derechoshumanosyempresas.cl\\\/index.php\\\/2025\\\/10\\\/13\\\/nueva-guia-busca-fortalecer-la-defensa-de-derechos-humanos-ante-empresas\\\/#breadcrumb\",\"itemListElement\":[{\"@type\":\"ListItem\",\"position\":1,\"name\":\"Portada\",\"item\":\"https:\\\/\\\/derechoshumanosyempresas.cl\\\/\"},{\"@type\":\"ListItem\",\"position\":2,\"name\":\"Nueva gu\u00eda busca fortalecer la defensa de derechos humanos ante empresas\"}]},{\"@type\":\"WebSite\",\"@id\":\"https:\\\/\\\/derechoshumanosyempresas.cl\\\/#website\",\"url\":\"https:\\\/\\\/derechoshumanosyempresas.cl\\\/\",\"name\":\"Plataforma Chilena de la Sociedad Civil de Derechos Humanos y Empresas\",\"description\":\"\",\"potentialAction\":[{\"@type\":\"SearchAction\",\"target\":{\"@type\":\"EntryPoint\",\"urlTemplate\":\"https:\\\/\\\/derechoshumanosyempresas.cl\\\/?s={search_term_string}\"},\"query-input\":{\"@type\":\"PropertyValueSpecification\",\"valueRequired\":true,\"valueName\":\"search_term_string\"}}],\"inLanguage\":\"es\"},{\"@type\":\"Person\",\"@id\":\"https:\\\/\\\/derechoshumanosyempresas.cl\\\/#\\\/schema\\\/person\\\/6476dd2bd26bc2ab59a33de40c2c2baa\",\"name\":\"admin\",\"image\":{\"@type\":\"ImageObject\",\"inLanguage\":\"es\",\"@id\":\"https:\\\/\\\/secure.gravatar.com\\\/avatar\\\/e482226d0b315127399077d5c4b71da7603e497013d2412b38a9884e70d87e81?s=96&d=mm&r=g\",\"url\":\"https:\\\/\\\/secure.gravatar.com\\\/avatar\\\/e482226d0b315127399077d5c4b71da7603e497013d2412b38a9884e70d87e81?s=96&d=mm&r=g\",\"contentUrl\":\"https:\\\/\\\/secure.gravatar.com\\\/avatar\\\/e482226d0b315127399077d5c4b71da7603e497013d2412b38a9884e70d87e81?s=96&d=mm&r=g\",\"caption\":\"admin\"},\"sameAs\":[\"https:\\\/\\\/derechoshumanosyempresas.cl\"],\"url\":\"https:\\\/\\\/derechoshumanosyempresas.cl\\\/index.php\\\/author\\\/admin\\\/\"}]}<\/script>\n<!-- \/ Yoast SEO plugin. -->","yoast_head_json":{"title":"Nueva gu\u00eda busca fortalecer la defensa de derechos humanos ante empresas - Plataforma Chilena de la Sociedad Civil de Derechos Humanos y Empresas","description":"La nueva gu\u00eda del Proyecto REDAR entrega herramientas para que comunidades y organizaciones defiendan los derechos humanos ante actividades empresariales.","robots":{"index":"index","follow":"follow","max-snippet":"max-snippet:-1","max-image-preview":"max-image-preview:large","max-video-preview":"max-video-preview:-1"},"canonical":"https:\/\/derechoshumanosyempresas.cl\/index.php\/2025\/10\/13\/nueva-guia-busca-fortalecer-la-defensa-de-derechos-humanos-ante-empresas\/","og_locale":"es_ES","og_type":"article","og_title":"Nueva gu\u00eda busca fortalecer la defensa de derechos humanos ante empresas - Plataforma Chilena de la Sociedad Civil de Derechos Humanos y Empresas","og_description":"La nueva gu\u00eda del Proyecto REDAR entrega herramientas para que comunidades y organizaciones defiendan los derechos humanos ante actividades empresariales.","og_url":"https:\/\/derechoshumanosyempresas.cl\/index.php\/2025\/10\/13\/nueva-guia-busca-fortalecer-la-defensa-de-derechos-humanos-ante-empresas\/","og_site_name":"Plataforma Chilena de la Sociedad Civil de Derechos Humanos y Empresas","article_published_time":"2025-10-13T20:12:36+00:00","og_image":[{"width":1014,"height":680,"url":"https:\/\/derechoshumanosyempresas.cl\/wp-content\/uploads\/2025\/10\/Captura-de-pantalla-2025-10-13-a-las-5.09.38-p.-m.png","type":"image\/png"}],"author":"admin","twitter_card":"summary_large_image","twitter_misc":{"Escrito por":"admin","Tiempo de lectura":"2 minutos"},"schema":{"@context":"https:\/\/schema.org","@graph":[{"@type":"Article","@id":"https:\/\/derechoshumanosyempresas.cl\/index.php\/2025\/10\/13\/nueva-guia-busca-fortalecer-la-defensa-de-derechos-humanos-ante-empresas\/#article","isPartOf":{"@id":"https:\/\/derechoshumanosyempresas.cl\/index.php\/2025\/10\/13\/nueva-guia-busca-fortalecer-la-defensa-de-derechos-humanos-ante-empresas\/"},"author":{"name":"admin","@id":"https:\/\/derechoshumanosyempresas.cl\/#\/schema\/person\/6476dd2bd26bc2ab59a33de40c2c2baa"},"headline":"Nueva gu\u00eda busca fortalecer la defensa de derechos humanos ante empresas","datePublished":"2025-10-13T20:12:36+00:00","mainEntityOfPage":{"@id":"https:\/\/derechoshumanosyempresas.cl\/index.php\/2025\/10\/13\/nueva-guia-busca-fortalecer-la-defensa-de-derechos-humanos-ante-empresas\/"},"wordCount":288,"commentCount":0,"image":{"@id":"https:\/\/derechoshumanosyempresas.cl\/index.php\/2025\/10\/13\/nueva-guia-busca-fortalecer-la-defensa-de-derechos-humanos-ante-empresas\/#primaryimage"},"thumbnailUrl":"https:\/\/derechoshumanosyempresas.cl\/wp-content\/uploads\/2025\/10\/Captura-de-pantalla-2025-10-13-a-las-5.09.38-p.-m.png","keywords":["DDHH","debida diligencia","derechos humanos y empresas","Informe","proyecto redar"],"articleSection":["Noticias","Portada"],"inLanguage":"es","potentialAction":[{"@type":"CommentAction","name":"Comment","target":["https:\/\/derechoshumanosyempresas.cl\/index.php\/2025\/10\/13\/nueva-guia-busca-fortalecer-la-defensa-de-derechos-humanos-ante-empresas\/#respond"]}]},{"@type":"WebPage","@id":"https:\/\/derechoshumanosyempresas.cl\/index.php\/2025\/10\/13\/nueva-guia-busca-fortalecer-la-defensa-de-derechos-humanos-ante-empresas\/","url":"https:\/\/derechoshumanosyempresas.cl\/index.php\/2025\/10\/13\/nueva-guia-busca-fortalecer-la-defensa-de-derechos-humanos-ante-empresas\/","name":"Nueva gu\u00eda busca fortalecer la defensa de derechos humanos ante empresas - Plataforma Chilena de la Sociedad Civil de Derechos Humanos y Empresas","isPartOf":{"@id":"https:\/\/derechoshumanosyempresas.cl\/#website"},"primaryImageOfPage":{"@id":"https:\/\/derechoshumanosyempresas.cl\/index.php\/2025\/10\/13\/nueva-guia-busca-fortalecer-la-defensa-de-derechos-humanos-ante-empresas\/#primaryimage"},"image":{"@id":"https:\/\/derechoshumanosyempresas.cl\/index.php\/2025\/10\/13\/nueva-guia-busca-fortalecer-la-defensa-de-derechos-humanos-ante-empresas\/#primaryimage"},"thumbnailUrl":"https:\/\/derechoshumanosyempresas.cl\/wp-content\/uploads\/2025\/10\/Captura-de-pantalla-2025-10-13-a-las-5.09.38-p.-m.png","datePublished":"2025-10-13T20:12:36+00:00","author":{"@id":"https:\/\/derechoshumanosyempresas.cl\/#\/schema\/person\/6476dd2bd26bc2ab59a33de40c2c2baa"},"description":"La nueva gu\u00eda del Proyecto REDAR entrega herramientas para que comunidades y organizaciones defiendan los derechos humanos ante actividades empresariales.","breadcrumb":{"@id":"https:\/\/derechoshumanosyempresas.cl\/index.php\/2025\/10\/13\/nueva-guia-busca-fortalecer-la-defensa-de-derechos-humanos-ante-empresas\/#breadcrumb"},"inLanguage":"es","potentialAction":[{"@type":"ReadAction","target":["https:\/\/derechoshumanosyempresas.cl\/index.php\/2025\/10\/13\/nueva-guia-busca-fortalecer-la-defensa-de-derechos-humanos-ante-empresas\/"]}]},{"@type":"ImageObject","inLanguage":"es","@id":"https:\/\/derechoshumanosyempresas.cl\/index.php\/2025\/10\/13\/nueva-guia-busca-fortalecer-la-defensa-de-derechos-humanos-ante-empresas\/#primaryimage","url":"https:\/\/derechoshumanosyempresas.cl\/wp-content\/uploads\/2025\/10\/Captura-de-pantalla-2025-10-13-a-las-5.09.38-p.-m.png","contentUrl":"https:\/\/derechoshumanosyempresas.cl\/wp-content\/uploads\/2025\/10\/Captura-de-pantalla-2025-10-13-a-las-5.09.38-p.-m.png","width":1014,"height":680},{"@type":"BreadcrumbList","@id":"https:\/\/derechoshumanosyempresas.cl\/index.php\/2025\/10\/13\/nueva-guia-busca-fortalecer-la-defensa-de-derechos-humanos-ante-empresas\/#breadcrumb","itemListElement":[{"@type":"ListItem","position":1,"name":"Portada","item":"https:\/\/derechoshumanosyempresas.cl\/"},{"@type":"ListItem","position":2,"name":"Nueva gu\u00eda busca fortalecer la defensa de derechos humanos ante empresas"}]},{"@type":"WebSite","@id":"https:\/\/derechoshumanosyempresas.cl\/#website","url":"https:\/\/derechoshumanosyempresas.cl\/","name":"Plataforma Chilena de la Sociedad Civil de Derechos Humanos y Empresas","description":"","potentialAction":[{"@type":"SearchAction","target":{"@type":"EntryPoint","urlTemplate":"https:\/\/derechoshumanosyempresas.cl\/?s={search_term_string}"},"query-input":{"@type":"PropertyValueSpecification","valueRequired":true,"valueName":"search_term_string"}}],"inLanguage":"es"},{"@type":"Person","@id":"https:\/\/derechoshumanosyempresas.cl\/#\/schema\/person\/6476dd2bd26bc2ab59a33de40c2c2baa","name":"admin","image":{"@type":"ImageObject","inLanguage":"es","@id":"https:\/\/secure.gravatar.com\/avatar\/e482226d0b315127399077d5c4b71da7603e497013d2412b38a9884e70d87e81?s=96&d=mm&r=g","url":"https:\/\/secure.gravatar.com\/avatar\/e482226d0b315127399077d5c4b71da7603e497013d2412b38a9884e70d87e81?s=96&d=mm&r=g","contentUrl":"https:\/\/secure.gravatar.com\/avatar\/e482226d0b315127399077d5c4b71da7603e497013d2412b38a9884e70d87e81?s=96&d=mm&r=g","caption":"admin"},"sameAs":["https:\/\/derechoshumanosyempresas.cl"],"url":"https:\/\/derechoshumanosyempresas.cl\/index.php\/author\/admin\/"}]}},"wpmagazine_modules_lite_featured_media_urls":{"thumbnail":["https:\/\/derechoshumanosyempresas.cl\/wp-content\/uploads\/2025\/10\/Captura-de-pantalla-2025-10-13-a-las-5.09.38-p.-m-150x150.png",150,150,true],"cvmm-medium":["https:\/\/derechoshumanosyempresas.cl\/wp-content\/uploads\/2025\/10\/Captura-de-pantalla-2025-10-13-a-las-5.09.38-p.-m-300x300.png",300,300,true],"cvmm-medium-plus":["https:\/\/derechoshumanosyempresas.cl\/wp-content\/uploads\/2025\/10\/Captura-de-pantalla-2025-10-13-a-las-5.09.38-p.-m-305x207.png",305,207,true],"cvmm-portrait":["https:\/\/derechoshumanosyempresas.cl\/wp-content\/uploads\/2025\/10\/Captura-de-pantalla-2025-10-13-a-las-5.09.38-p.-m-400x600.png",400,600,true],"cvmm-medium-square":["https:\/\/derechoshumanosyempresas.cl\/wp-content\/uploads\/2025\/10\/Captura-de-pantalla-2025-10-13-a-las-5.09.38-p.-m-600x600.png",600,600,true],"cvmm-large":["https:\/\/derechoshumanosyempresas.cl\/wp-content\/uploads\/2025\/10\/Captura-de-pantalla-2025-10-13-a-las-5.09.38-p.-m.png",1014,680,false],"cvmm-small":["https:\/\/derechoshumanosyempresas.cl\/wp-content\/uploads\/2025\/10\/Captura-de-pantalla-2025-10-13-a-las-5.09.38-p.-m-130x95.png",130,95,true],"full":["https:\/\/derechoshumanosyempresas.cl\/wp-content\/uploads\/2025\/10\/Captura-de-pantalla-2025-10-13-a-las-5.09.38-p.-m.png",1014,680,false]},"categories_names":{"43":{"name":"Noticias","link":"https:\/\/derechoshumanosyempresas.cl\/index.php\/category\/centro-de-informacion\/"},"47":{"name":"Portada","link":"https:\/\/derechoshumanosyempresas.cl\/index.php\/category\/portada\/"}},"tags_names":{"138":{"name":"DDHH","link":"https:\/\/derechoshumanosyempresas.cl\/index.php\/tag\/ddhh\/"},"87":{"name":"debida diligencia","link":"https:\/\/derechoshumanosyempresas.cl\/index.php\/tag\/debida-diligencia\/"},"86":{"name":"derechos humanos y empresas","link":"https:\/\/derechoshumanosyempresas.cl\/index.php\/tag\/derechos-humanos-y-empresas\/"},"137":{"name":"Informe","link":"https:\/\/derechoshumanosyempresas.cl\/index.php\/tag\/informe\/"},"93":{"name":"proyecto redar","link":"https:\/\/derechoshumanosyempresas.cl\/index.php\/tag\/proyecto-redar\/"}},"comments_number":"0","_links":{"self":[{"href":"https:\/\/derechoshumanosyempresas.cl\/index.php\/wp-json\/wp\/v2\/posts\/3253","targetHints":{"allow":["GET"]}}],"collection":[{"href":"https:\/\/derechoshumanosyempresas.cl\/index.php\/wp-json\/wp\/v2\/posts"}],"about":[{"href":"https:\/\/derechoshumanosyempresas.cl\/index.php\/wp-json\/wp\/v2\/types\/post"}],"author":[{"embeddable":true,"href":"https:\/\/derechoshumanosyempresas.cl\/index.php\/wp-json\/wp\/v2\/users\/1"}],"replies":[{"embeddable":true,"href":"https:\/\/derechoshumanosyempresas.cl\/index.php\/wp-json\/wp\/v2\/comments?post=3253"}],"version-history":[{"count":1,"href":"https:\/\/derechoshumanosyempresas.cl\/index.php\/wp-json\/wp\/v2\/posts\/3253\/revisions"}],"predecessor-version":[{"id":3255,"href":"https:\/\/derechoshumanosyempresas.cl\/index.php\/wp-json\/wp\/v2\/posts\/3253\/revisions\/3255"}],"wp:featuredmedia":[{"embeddable":true,"href":"https:\/\/derechoshumanosyempresas.cl\/index.php\/wp-json\/wp\/v2\/media\/3254"}],"wp:attachment":[{"href":"https:\/\/derechoshumanosyempresas.cl\/index.php\/wp-json\/wp\/v2\/media?parent=3253"}],"wp:term":[{"taxonomy":"category","embeddable":true,"href":"https:\/\/derechoshumanosyempresas.cl\/index.php\/wp-json\/wp\/v2\/categories?post=3253"},{"taxonomy":"post_tag","embeddable":true,"href":"https:\/\/derechoshumanosyempresas.cl\/index.php\/wp-json\/wp\/v2\/tags?post=3253"}],"curies":[{"name":"wp","href":"https:\/\/api.w.org\/{rel}","templated":true}]}}