{"id":2653,"date":"2025-04-04T16:14:50","date_gmt":"2025-04-04T16:14:50","guid":{"rendered":"https:\/\/derechoshumanosyempresas.cl\/?p=2653"},"modified":"2025-04-04T16:14:50","modified_gmt":"2025-04-04T16:14:50","slug":"carta-al-director-los-permisos-no-son-el-problema-son-la-garantia","status":"publish","type":"post","link":"https:\/\/derechoshumanosyempresas.cl\/index.php\/2025\/04\/04\/carta-al-director-los-permisos-no-son-el-problema-son-la-garantia\/","title":{"rendered":"CARTA AL DIRECTOR: Los permisos no son el problema, son la garant\u00eda"},"content":{"rendered":"<p>Se\u00f1or Director:<\/p>\n<p><span style=\"font-weight: 400;\">En la editorial del mi\u00e9rcoles 26 de marzo \u201cPermisos, procedimientos y convicciones\u201d, su medio plantea que los procedimientos de evaluaci\u00f3n ambiental en Chile obstaculizan la inversi\u00f3n, proponiendo que se eval\u00fae el balance entre impactos y beneficios. Desde la Plataforma Chilena de la Sociedad Civil sobre Derechos Humanos y Empresas, consideramos esta visi\u00f3n no solo reduccionista, sino peligrosa para la garant\u00eda de los\u00a0 derechos humanos y ambientales de las personas y comunidades .<\/span><\/p>\n<p><span style=\"font-weight: 400;\">El derecho a vivir en un medio ambiente sano, el trabajo decente, la participaci\u00f3n ciudadana y el consentimiento libre, previo e informado de los pueblos ind\u00edgenas no pueden subordinarse a una l\u00f3gica costo-beneficio. Los permisos y procedimientos ambientales existen precisamente para proteger estos derechos ante proyectos que podr\u00edan afectarlos irreversiblemente. Puede ser razonable la b\u00fasqueda de simplificaci\u00f3n de tr\u00e1mites y procedimientos, pero no es aceptable que, con esa excusa, se pretendan rebajar est\u00e1ndares y exigencias que faciliten la vulneraci\u00f3n de tales derechos.<\/span><\/p>\n<p><span style=\"font-weight: 400;\">Casos como el de Dominga no reflejan un exceso de garant\u00edas, sino la desconfianza en instituciones que han fallado en proteger adecuadamente los territorios. En vez de debilitar los controles, se requiere fortalecer la evaluaci\u00f3n ambiental, asegurar la participaci\u00f3n efectiva y garantizar que los intereses econ\u00f3micos no pasen por sobre los derechos humanos. El problema no es la institucionalidad ambiental.<\/span><\/p>\n<p><span style=\"font-weight: 400;\">La disyuntiva entre el desarrollo del pa\u00eds y las garant\u00edas de los derechos humanos de las personas y comunidades es un falso dilema.<\/span><\/p>\n<p><b><i>Roberto Morales, Carolina Rudnick, Juan Carlos Cayo y Yerko Ljubetic, Equipo Coordinador de la Plataforma Chilena de Sociedad Civil sobre Derechos Humanos y Empresas<\/i><\/b><\/p>\n<p><strong>CARTA AL DIRECTOR-\u00a0 <a href=\"https:\/\/www.elmercurio.com\/\" target=\"_blank\" rel=\"noopener\">DIARIO EL MERCURIO<\/a><\/strong><\/p>\n<p><img fetchpriority=\"high\" decoding=\"async\" class=\"alignnone  wp-image-2654\" src=\"https:\/\/derechoshumanosyempresas.cl\/wp-content\/uploads\/2025\/04\/CARTA-AL-DIRECTOR-136x300.png\" alt=\"\" width=\"163\" height=\"359\" srcset=\"https:\/\/derechoshumanosyempresas.cl\/wp-content\/uploads\/2025\/04\/CARTA-AL-DIRECTOR-136x300.png 136w, https:\/\/derechoshumanosyempresas.cl\/wp-content\/uploads\/2025\/04\/CARTA-AL-DIRECTOR-230x507.png 230w, https:\/\/derechoshumanosyempresas.cl\/wp-content\/uploads\/2025\/04\/CARTA-AL-DIRECTOR.png 349w\" sizes=\"(max-width: 163px) 100vw, 163px\" \/><img decoding=\"async\" class=\"alignnone size-medium wp-image-2655\" src=\"https:\/\/derechoshumanosyempresas.cl\/wp-content\/uploads\/2025\/04\/CARTA-AL-DIRECYOR-2-249x300.png\" alt=\"\" width=\"249\" height=\"300\" srcset=\"https:\/\/derechoshumanosyempresas.cl\/wp-content\/uploads\/2025\/04\/CARTA-AL-DIRECYOR-2-249x300.png 249w, https:\/\/derechoshumanosyempresas.cl\/wp-content\/uploads\/2025\/04\/CARTA-AL-DIRECYOR-2-230x277.png 230w, https:\/\/derechoshumanosyempresas.cl\/wp-content\/uploads\/2025\/04\/CARTA-AL-DIRECYOR-2.png 349w\" sizes=\"(max-width: 249px) 100vw, 249px\" \/><\/p>\n<p>&nbsp;<\/p>\n","protected":false},"excerpt":{"rendered":"<p>Se\u00f1or Director: En la editorial del mi\u00e9rcoles 26 de marzo \u201cPermisos, procedimientos y convicciones\u201d, su medio plantea que los procedimientos de evaluaci\u00f3n [&hellip;]<\/p>\n","protected":false},"author":1,"featured_media":2658,"comment_status":"open","ping_status":"open","sticky":false,"template":"","format":"standard","meta":{"footnotes":""},"categories":[82,43,47],"tags":[116,115,113,114],"class_list":["post-2653","post","type-post","status-publish","format-standard","has-post-thumbnail","hentry","category-de-interes","category-centro-de-informacion","category-portada","tag-evaluacion-ambiental","tag-participacion-ciudadana","tag-permisos-sectoriales","tag-sea"],"yoast_head":"<!-- This site is optimized with the Yoast SEO plugin v27.4 - https:\/\/yoast.com\/product\/yoast-seo-wordpress\/ -->\n<title>Los permisos no son el problema, son la garant\u00eda<\/title>\n<meta name=\"description\" content=\"Carta al director &quot;Los permisos no son el problema, son la garant\u00eda&quot; desde la coordinaci\u00f3n de la Plataforma de DDHH y Empresas\" \/>\n<meta name=\"robots\" content=\"index, follow, max-snippet:-1, max-image-preview:large, max-video-preview:-1\" \/>\n<link rel=\"canonical\" href=\"https:\/\/derechoshumanosyempresas.cl\/index.php\/2025\/04\/04\/carta-al-director-los-permisos-no-son-el-problema-son-la-garantia\/\" \/>\n<meta property=\"og:locale\" content=\"es_ES\" \/>\n<meta property=\"og:type\" content=\"article\" \/>\n<meta property=\"og:title\" content=\"Los permisos no son el problema, son la garant\u00eda\" \/>\n<meta property=\"og:description\" content=\"Carta al director &quot;Los permisos no son el problema, son la garant\u00eda&quot; desde la coordinaci\u00f3n de la Plataforma de DDHH y Empresas\" \/>\n<meta property=\"og:url\" content=\"https:\/\/derechoshumanosyempresas.cl\/index.php\/2025\/04\/04\/carta-al-director-los-permisos-no-son-el-problema-son-la-garantia\/\" \/>\n<meta property=\"og:site_name\" content=\"Plataforma Chilena de la Sociedad Civil de Derechos Humanos y Empresas\" \/>\n<meta property=\"article:published_time\" content=\"2025-04-04T16:14:50+00:00\" \/>\n<meta property=\"og:image\" content=\"https:\/\/derechoshumanosyempresas.cl\/wp-content\/uploads\/2025\/04\/PERMISOS.png\" \/>\n\t<meta property=\"og:image:width\" content=\"607\" \/>\n\t<meta property=\"og:image:height\" content=\"561\" \/>\n\t<meta property=\"og:image:type\" content=\"image\/png\" \/>\n<meta name=\"author\" content=\"admin\" \/>\n<meta name=\"twitter:card\" content=\"summary_large_image\" \/>\n<meta name=\"twitter:label1\" content=\"Escrito por\" \/>\n\t<meta name=\"twitter:data1\" content=\"admin\" \/>\n\t<meta name=\"twitter:label2\" content=\"Tiempo de lectura\" \/>\n\t<meta name=\"twitter:data2\" content=\"2 minutos\" \/>\n<script type=\"application\/ld+json\" class=\"yoast-schema-graph\">{\"@context\":\"https:\\\/\\\/schema.org\",\"@graph\":[{\"@type\":\"Article\",\"@id\":\"https:\\\/\\\/derechoshumanosyempresas.cl\\\/index.php\\\/2025\\\/04\\\/04\\\/carta-al-director-los-permisos-no-son-el-problema-son-la-garantia\\\/#article\",\"isPartOf\":{\"@id\":\"https:\\\/\\\/derechoshumanosyempresas.cl\\\/index.php\\\/2025\\\/04\\\/04\\\/carta-al-director-los-permisos-no-son-el-problema-son-la-garantia\\\/\"},\"author\":{\"name\":\"admin\",\"@id\":\"https:\\\/\\\/derechoshumanosyempresas.cl\\\/#\\\/schema\\\/person\\\/6476dd2bd26bc2ab59a33de40c2c2baa\"},\"headline\":\"CARTA AL DIRECTOR: Los permisos no son el problema, son la garant\u00eda\",\"datePublished\":\"2025-04-04T16:14:50+00:00\",\"mainEntityOfPage\":{\"@id\":\"https:\\\/\\\/derechoshumanosyempresas.cl\\\/index.php\\\/2025\\\/04\\\/04\\\/carta-al-director-los-permisos-no-son-el-problema-son-la-garantia\\\/\"},\"wordCount\":303,\"commentCount\":0,\"image\":{\"@id\":\"https:\\\/\\\/derechoshumanosyempresas.cl\\\/index.php\\\/2025\\\/04\\\/04\\\/carta-al-director-los-permisos-no-son-el-problema-son-la-garantia\\\/#primaryimage\"},\"thumbnailUrl\":\"https:\\\/\\\/derechoshumanosyempresas.cl\\\/wp-content\\\/uploads\\\/2025\\\/04\\\/PERMISOS.png\",\"keywords\":[\"evaluaci\u00f3n ambiental\",\"participaci\u00f3n ciudadana\",\"permisos sectoriales\",\"SEA\"],\"articleSection\":[\"De \u00ednteres\",\"Noticias\",\"Portada\"],\"inLanguage\":\"es\",\"potentialAction\":[{\"@type\":\"CommentAction\",\"name\":\"Comment\",\"target\":[\"https:\\\/\\\/derechoshumanosyempresas.cl\\\/index.php\\\/2025\\\/04\\\/04\\\/carta-al-director-los-permisos-no-son-el-problema-son-la-garantia\\\/#respond\"]}]},{\"@type\":\"WebPage\",\"@id\":\"https:\\\/\\\/derechoshumanosyempresas.cl\\\/index.php\\\/2025\\\/04\\\/04\\\/carta-al-director-los-permisos-no-son-el-problema-son-la-garantia\\\/\",\"url\":\"https:\\\/\\\/derechoshumanosyempresas.cl\\\/index.php\\\/2025\\\/04\\\/04\\\/carta-al-director-los-permisos-no-son-el-problema-son-la-garantia\\\/\",\"name\":\"Los permisos no son el problema, son la garant\u00eda\",\"isPartOf\":{\"@id\":\"https:\\\/\\\/derechoshumanosyempresas.cl\\\/#website\"},\"primaryImageOfPage\":{\"@id\":\"https:\\\/\\\/derechoshumanosyempresas.cl\\\/index.php\\\/2025\\\/04\\\/04\\\/carta-al-director-los-permisos-no-son-el-problema-son-la-garantia\\\/#primaryimage\"},\"image\":{\"@id\":\"https:\\\/\\\/derechoshumanosyempresas.cl\\\/index.php\\\/2025\\\/04\\\/04\\\/carta-al-director-los-permisos-no-son-el-problema-son-la-garantia\\\/#primaryimage\"},\"thumbnailUrl\":\"https:\\\/\\\/derechoshumanosyempresas.cl\\\/wp-content\\\/uploads\\\/2025\\\/04\\\/PERMISOS.png\",\"datePublished\":\"2025-04-04T16:14:50+00:00\",\"author\":{\"@id\":\"https:\\\/\\\/derechoshumanosyempresas.cl\\\/#\\\/schema\\\/person\\\/6476dd2bd26bc2ab59a33de40c2c2baa\"},\"description\":\"Carta al director \\\"Los permisos no son el problema, son la garant\u00eda\\\" desde la coordinaci\u00f3n de la Plataforma de DDHH y Empresas\",\"breadcrumb\":{\"@id\":\"https:\\\/\\\/derechoshumanosyempresas.cl\\\/index.php\\\/2025\\\/04\\\/04\\\/carta-al-director-los-permisos-no-son-el-problema-son-la-garantia\\\/#breadcrumb\"},\"inLanguage\":\"es\",\"potentialAction\":[{\"@type\":\"ReadAction\",\"target\":[\"https:\\\/\\\/derechoshumanosyempresas.cl\\\/index.php\\\/2025\\\/04\\\/04\\\/carta-al-director-los-permisos-no-son-el-problema-son-la-garantia\\\/\"]}]},{\"@type\":\"ImageObject\",\"inLanguage\":\"es\",\"@id\":\"https:\\\/\\\/derechoshumanosyempresas.cl\\\/index.php\\\/2025\\\/04\\\/04\\\/carta-al-director-los-permisos-no-son-el-problema-son-la-garantia\\\/#primaryimage\",\"url\":\"https:\\\/\\\/derechoshumanosyempresas.cl\\\/wp-content\\\/uploads\\\/2025\\\/04\\\/PERMISOS.png\",\"contentUrl\":\"https:\\\/\\\/derechoshumanosyempresas.cl\\\/wp-content\\\/uploads\\\/2025\\\/04\\\/PERMISOS.png\",\"width\":607,\"height\":561,\"caption\":\"Cr\u00e9ditos: SEA\"},{\"@type\":\"BreadcrumbList\",\"@id\":\"https:\\\/\\\/derechoshumanosyempresas.cl\\\/index.php\\\/2025\\\/04\\\/04\\\/carta-al-director-los-permisos-no-son-el-problema-son-la-garantia\\\/#breadcrumb\",\"itemListElement\":[{\"@type\":\"ListItem\",\"position\":1,\"name\":\"Portada\",\"item\":\"https:\\\/\\\/derechoshumanosyempresas.cl\\\/\"},{\"@type\":\"ListItem\",\"position\":2,\"name\":\"CARTA AL DIRECTOR: Los permisos no son el problema, son la garant\u00eda\"}]},{\"@type\":\"WebSite\",\"@id\":\"https:\\\/\\\/derechoshumanosyempresas.cl\\\/#website\",\"url\":\"https:\\\/\\\/derechoshumanosyempresas.cl\\\/\",\"name\":\"Plataforma Chilena de la Sociedad Civil de Derechos Humanos y Empresas\",\"description\":\"\",\"potentialAction\":[{\"@type\":\"SearchAction\",\"target\":{\"@type\":\"EntryPoint\",\"urlTemplate\":\"https:\\\/\\\/derechoshumanosyempresas.cl\\\/?s={search_term_string}\"},\"query-input\":{\"@type\":\"PropertyValueSpecification\",\"valueRequired\":true,\"valueName\":\"search_term_string\"}}],\"inLanguage\":\"es\"},{\"@type\":\"Person\",\"@id\":\"https:\\\/\\\/derechoshumanosyempresas.cl\\\/#\\\/schema\\\/person\\\/6476dd2bd26bc2ab59a33de40c2c2baa\",\"name\":\"admin\",\"image\":{\"@type\":\"ImageObject\",\"inLanguage\":\"es\",\"@id\":\"https:\\\/\\\/secure.gravatar.com\\\/avatar\\\/e482226d0b315127399077d5c4b71da7603e497013d2412b38a9884e70d87e81?s=96&d=mm&r=g\",\"url\":\"https:\\\/\\\/secure.gravatar.com\\\/avatar\\\/e482226d0b315127399077d5c4b71da7603e497013d2412b38a9884e70d87e81?s=96&d=mm&r=g\",\"contentUrl\":\"https:\\\/\\\/secure.gravatar.com\\\/avatar\\\/e482226d0b315127399077d5c4b71da7603e497013d2412b38a9884e70d87e81?s=96&d=mm&r=g\",\"caption\":\"admin\"},\"sameAs\":[\"https:\\\/\\\/derechoshumanosyempresas.cl\"],\"url\":\"https:\\\/\\\/derechoshumanosyempresas.cl\\\/index.php\\\/author\\\/admin\\\/\"}]}<\/script>\n<!-- \/ Yoast SEO plugin. -->","yoast_head_json":{"title":"Los permisos no son el problema, son la garant\u00eda","description":"Carta al director \"Los permisos no son el problema, son la garant\u00eda\" desde la coordinaci\u00f3n de la Plataforma de DDHH y Empresas","robots":{"index":"index","follow":"follow","max-snippet":"max-snippet:-1","max-image-preview":"max-image-preview:large","max-video-preview":"max-video-preview:-1"},"canonical":"https:\/\/derechoshumanosyempresas.cl\/index.php\/2025\/04\/04\/carta-al-director-los-permisos-no-son-el-problema-son-la-garantia\/","og_locale":"es_ES","og_type":"article","og_title":"Los permisos no son el problema, son la garant\u00eda","og_description":"Carta al director \"Los permisos no son el problema, son la garant\u00eda\" desde la coordinaci\u00f3n de la Plataforma de DDHH y Empresas","og_url":"https:\/\/derechoshumanosyempresas.cl\/index.php\/2025\/04\/04\/carta-al-director-los-permisos-no-son-el-problema-son-la-garantia\/","og_site_name":"Plataforma Chilena de la Sociedad Civil de Derechos Humanos y Empresas","article_published_time":"2025-04-04T16:14:50+00:00","og_image":[{"width":607,"height":561,"url":"https:\/\/derechoshumanosyempresas.cl\/wp-content\/uploads\/2025\/04\/PERMISOS.png","type":"image\/png"}],"author":"admin","twitter_card":"summary_large_image","twitter_misc":{"Escrito por":"admin","Tiempo de lectura":"2 minutos"},"schema":{"@context":"https:\/\/schema.org","@graph":[{"@type":"Article","@id":"https:\/\/derechoshumanosyempresas.cl\/index.php\/2025\/04\/04\/carta-al-director-los-permisos-no-son-el-problema-son-la-garantia\/#article","isPartOf":{"@id":"https:\/\/derechoshumanosyempresas.cl\/index.php\/2025\/04\/04\/carta-al-director-los-permisos-no-son-el-problema-son-la-garantia\/"},"author":{"name":"admin","@id":"https:\/\/derechoshumanosyempresas.cl\/#\/schema\/person\/6476dd2bd26bc2ab59a33de40c2c2baa"},"headline":"CARTA AL DIRECTOR: Los permisos no son el problema, son la garant\u00eda","datePublished":"2025-04-04T16:14:50+00:00","mainEntityOfPage":{"@id":"https:\/\/derechoshumanosyempresas.cl\/index.php\/2025\/04\/04\/carta-al-director-los-permisos-no-son-el-problema-son-la-garantia\/"},"wordCount":303,"commentCount":0,"image":{"@id":"https:\/\/derechoshumanosyempresas.cl\/index.php\/2025\/04\/04\/carta-al-director-los-permisos-no-son-el-problema-son-la-garantia\/#primaryimage"},"thumbnailUrl":"https:\/\/derechoshumanosyempresas.cl\/wp-content\/uploads\/2025\/04\/PERMISOS.png","keywords":["evaluaci\u00f3n ambiental","participaci\u00f3n ciudadana","permisos sectoriales","SEA"],"articleSection":["De \u00ednteres","Noticias","Portada"],"inLanguage":"es","potentialAction":[{"@type":"CommentAction","name":"Comment","target":["https:\/\/derechoshumanosyempresas.cl\/index.php\/2025\/04\/04\/carta-al-director-los-permisos-no-son-el-problema-son-la-garantia\/#respond"]}]},{"@type":"WebPage","@id":"https:\/\/derechoshumanosyempresas.cl\/index.php\/2025\/04\/04\/carta-al-director-los-permisos-no-son-el-problema-son-la-garantia\/","url":"https:\/\/derechoshumanosyempresas.cl\/index.php\/2025\/04\/04\/carta-al-director-los-permisos-no-son-el-problema-son-la-garantia\/","name":"Los permisos no son el problema, son la garant\u00eda","isPartOf":{"@id":"https:\/\/derechoshumanosyempresas.cl\/#website"},"primaryImageOfPage":{"@id":"https:\/\/derechoshumanosyempresas.cl\/index.php\/2025\/04\/04\/carta-al-director-los-permisos-no-son-el-problema-son-la-garantia\/#primaryimage"},"image":{"@id":"https:\/\/derechoshumanosyempresas.cl\/index.php\/2025\/04\/04\/carta-al-director-los-permisos-no-son-el-problema-son-la-garantia\/#primaryimage"},"thumbnailUrl":"https:\/\/derechoshumanosyempresas.cl\/wp-content\/uploads\/2025\/04\/PERMISOS.png","datePublished":"2025-04-04T16:14:50+00:00","author":{"@id":"https:\/\/derechoshumanosyempresas.cl\/#\/schema\/person\/6476dd2bd26bc2ab59a33de40c2c2baa"},"description":"Carta al director \"Los permisos no son el problema, son la garant\u00eda\" desde la coordinaci\u00f3n de la Plataforma de DDHH y Empresas","breadcrumb":{"@id":"https:\/\/derechoshumanosyempresas.cl\/index.php\/2025\/04\/04\/carta-al-director-los-permisos-no-son-el-problema-son-la-garantia\/#breadcrumb"},"inLanguage":"es","potentialAction":[{"@type":"ReadAction","target":["https:\/\/derechoshumanosyempresas.cl\/index.php\/2025\/04\/04\/carta-al-director-los-permisos-no-son-el-problema-son-la-garantia\/"]}]},{"@type":"ImageObject","inLanguage":"es","@id":"https:\/\/derechoshumanosyempresas.cl\/index.php\/2025\/04\/04\/carta-al-director-los-permisos-no-son-el-problema-son-la-garantia\/#primaryimage","url":"https:\/\/derechoshumanosyempresas.cl\/wp-content\/uploads\/2025\/04\/PERMISOS.png","contentUrl":"https:\/\/derechoshumanosyempresas.cl\/wp-content\/uploads\/2025\/04\/PERMISOS.png","width":607,"height":561,"caption":"Cr\u00e9ditos: SEA"},{"@type":"BreadcrumbList","@id":"https:\/\/derechoshumanosyempresas.cl\/index.php\/2025\/04\/04\/carta-al-director-los-permisos-no-son-el-problema-son-la-garantia\/#breadcrumb","itemListElement":[{"@type":"ListItem","position":1,"name":"Portada","item":"https:\/\/derechoshumanosyempresas.cl\/"},{"@type":"ListItem","position":2,"name":"CARTA AL DIRECTOR: Los permisos no son el problema, son la garant\u00eda"}]},{"@type":"WebSite","@id":"https:\/\/derechoshumanosyempresas.cl\/#website","url":"https:\/\/derechoshumanosyempresas.cl\/","name":"Plataforma Chilena de la Sociedad Civil de Derechos Humanos y Empresas","description":"","potentialAction":[{"@type":"SearchAction","target":{"@type":"EntryPoint","urlTemplate":"https:\/\/derechoshumanosyempresas.cl\/?s={search_term_string}"},"query-input":{"@type":"PropertyValueSpecification","valueRequired":true,"valueName":"search_term_string"}}],"inLanguage":"es"},{"@type":"Person","@id":"https:\/\/derechoshumanosyempresas.cl\/#\/schema\/person\/6476dd2bd26bc2ab59a33de40c2c2baa","name":"admin","image":{"@type":"ImageObject","inLanguage":"es","@id":"https:\/\/secure.gravatar.com\/avatar\/e482226d0b315127399077d5c4b71da7603e497013d2412b38a9884e70d87e81?s=96&d=mm&r=g","url":"https:\/\/secure.gravatar.com\/avatar\/e482226d0b315127399077d5c4b71da7603e497013d2412b38a9884e70d87e81?s=96&d=mm&r=g","contentUrl":"https:\/\/secure.gravatar.com\/avatar\/e482226d0b315127399077d5c4b71da7603e497013d2412b38a9884e70d87e81?s=96&d=mm&r=g","caption":"admin"},"sameAs":["https:\/\/derechoshumanosyempresas.cl"],"url":"https:\/\/derechoshumanosyempresas.cl\/index.php\/author\/admin\/"}]}},"wpmagazine_modules_lite_featured_media_urls":{"thumbnail":["https:\/\/derechoshumanosyempresas.cl\/wp-content\/uploads\/2025\/04\/PERMISOS-150x150.png",150,150,true],"cvmm-medium":["https:\/\/derechoshumanosyempresas.cl\/wp-content\/uploads\/2025\/04\/PERMISOS-300x300.png",300,300,true],"cvmm-medium-plus":["https:\/\/derechoshumanosyempresas.cl\/wp-content\/uploads\/2025\/04\/PERMISOS-305x207.png",305,207,true],"cvmm-portrait":["https:\/\/derechoshumanosyempresas.cl\/wp-content\/uploads\/2025\/04\/PERMISOS-400x561.png",400,561,true],"cvmm-medium-square":["https:\/\/derechoshumanosyempresas.cl\/wp-content\/uploads\/2025\/04\/PERMISOS-600x561.png",600,561,true],"cvmm-large":["https:\/\/derechoshumanosyempresas.cl\/wp-content\/uploads\/2025\/04\/PERMISOS.png",607,561,false],"cvmm-small":["https:\/\/derechoshumanosyempresas.cl\/wp-content\/uploads\/2025\/04\/PERMISOS-130x95.png",130,95,true],"full":["https:\/\/derechoshumanosyempresas.cl\/wp-content\/uploads\/2025\/04\/PERMISOS.png",607,561,false]},"categories_names":{"82":{"name":"De \u00ednteres","link":"https:\/\/derechoshumanosyempresas.cl\/index.php\/category\/de-interes\/"},"43":{"name":"Noticias","link":"https:\/\/derechoshumanosyempresas.cl\/index.php\/category\/centro-de-informacion\/"},"47":{"name":"Portada","link":"https:\/\/derechoshumanosyempresas.cl\/index.php\/category\/portada\/"}},"tags_names":{"116":{"name":"evaluaci\u00f3n ambiental","link":"https:\/\/derechoshumanosyempresas.cl\/index.php\/tag\/evaluacion-ambiental\/"},"115":{"name":"participaci\u00f3n ciudadana","link":"https:\/\/derechoshumanosyempresas.cl\/index.php\/tag\/participacion-ciudadana\/"},"113":{"name":"permisos sectoriales","link":"https:\/\/derechoshumanosyempresas.cl\/index.php\/tag\/permisos-sectoriales\/"},"114":{"name":"SEA","link":"https:\/\/derechoshumanosyempresas.cl\/index.php\/tag\/sea\/"}},"comments_number":"0","_links":{"self":[{"href":"https:\/\/derechoshumanosyempresas.cl\/index.php\/wp-json\/wp\/v2\/posts\/2653","targetHints":{"allow":["GET"]}}],"collection":[{"href":"https:\/\/derechoshumanosyempresas.cl\/index.php\/wp-json\/wp\/v2\/posts"}],"about":[{"href":"https:\/\/derechoshumanosyempresas.cl\/index.php\/wp-json\/wp\/v2\/types\/post"}],"author":[{"embeddable":true,"href":"https:\/\/derechoshumanosyempresas.cl\/index.php\/wp-json\/wp\/v2\/users\/1"}],"replies":[{"embeddable":true,"href":"https:\/\/derechoshumanosyempresas.cl\/index.php\/wp-json\/wp\/v2\/comments?post=2653"}],"version-history":[{"count":0,"href":"https:\/\/derechoshumanosyempresas.cl\/index.php\/wp-json\/wp\/v2\/posts\/2653\/revisions"}],"wp:featuredmedia":[{"embeddable":true,"href":"https:\/\/derechoshumanosyempresas.cl\/index.php\/wp-json\/wp\/v2\/media\/2658"}],"wp:attachment":[{"href":"https:\/\/derechoshumanosyempresas.cl\/index.php\/wp-json\/wp\/v2\/media?parent=2653"}],"wp:term":[{"taxonomy":"category","embeddable":true,"href":"https:\/\/derechoshumanosyempresas.cl\/index.php\/wp-json\/wp\/v2\/categories?post=2653"},{"taxonomy":"post_tag","embeddable":true,"href":"https:\/\/derechoshumanosyempresas.cl\/index.php\/wp-json\/wp\/v2\/tags?post=2653"}],"curies":[{"name":"wp","href":"https:\/\/api.w.org\/{rel}","templated":true}]}}