{"id":2620,"date":"2025-02-28T20:13:59","date_gmt":"2025-02-28T20:13:59","guid":{"rendered":"https:\/\/derechoshumanosyempresas.cl\/?p=2620"},"modified":"2025-02-28T20:13:59","modified_gmt":"2025-02-28T20:13:59","slug":"ante-las-amenazas-de-desalojo-en-san-antonio-el-enfoque-de-derechos-humanos","status":"publish","type":"post","link":"https:\/\/derechoshumanosyempresas.cl\/index.php\/2025\/02\/28\/ante-las-amenazas-de-desalojo-en-san-antonio-el-enfoque-de-derechos-humanos\/","title":{"rendered":"Ante las amenazas de desalojo en San Antonio, el enfoque de derechos humanos"},"content":{"rendered":"<p>Una vez m\u00e1s, este jueves 27 de febrero de 2025, Chile estuvo al borde del desalojo forzoso de cuatro mil familias que ocupan 256 hect\u00e1reas de terrenos privados en los cerros de la ciudad de San Antonio, de la Regi\u00f3n de Valpara\u00edso.<\/p>\n<p>Por este medio, la <a href=\"https:\/\/ddhhydesalojos.cl\/2025\/02\/27\/ante-las-amenazas-de-desalojo-en-san-antonio-el-enfoque-de-derechos-humanos\/\" target=\"_blank\" rel=\"noopener\">Red de Derechos Humanos y Desalojos<\/a> constituida en 2023, presentamos un nuevo documento que analiza la situaci\u00f3n de los lanzamientos de campamentos, o asentamientos precarios, en distintas partes del pa\u00eds, que constituyen una violaci\u00f3n de derechos humanos, y que criminalizan a decenas de miles de familias en situaci\u00f3n de vulnerabilidad social y econ\u00f3mica. Con mayor \u00e9nfasis, describimos el caso de la amenaza de desalojo que pesa desde junio de 2023 sobre unas diez mil personas en el Cerro Centinela en San Antonio.<\/p>\n<p>Te invitamos a leer el documento de la <a href=\"https:\/\/ddhhydesalojos.cl\/\" target=\"_blank\" rel=\"noopener\"><strong>Red de Derechos Humanos y Desalojos<\/strong><\/a>, donde particip\u00f3 Ana Sugranyes Bickel del Comit\u00e9 H\u00e1bitat del Colegio de Arquitectos, integrante de nuestra Plataforma Chilena de la Sociedad Civil sobre Derechos Humanos y Empresas.<\/p>\n<p>Descarga aqu\u00ed: <a href=\"https:\/\/derechoshumanosyempresas.cl\/wp-content\/uploads\/2025\/02\/nota-desalojo-sanatonio_vers24feb2025.pdf\" class=\"pdfemb-viewer\" style=\"\" data-width=\"max\" data-height=\"max\" data-toolbar=\"both\" data-toolbar-fixed=\"on\">nota-desalojo-sanatonio_vers24feb2025<\/a><\/p>\n","protected":false},"excerpt":{"rendered":"<p>Una vez m\u00e1s, este jueves 27 de febrero de 2025, Chile estuvo al borde del desalojo forzoso de cuatro mil familias que [&hellip;]<\/p>\n","protected":false},"author":1,"featured_media":2622,"comment_status":"open","ping_status":"open","sticky":false,"template":"","format":"standard","meta":{"footnotes":""},"categories":[43,47],"tags":[83,109,108],"class_list":["post-2620","post","type-post","status-publish","format-standard","has-post-thumbnail","hentry","category-centro-de-informacion","category-portada","tag-derechos-humanos","tag-desalojos","tag-san-antonio"],"yoast_head":"<!-- This site is optimized with the Yoast SEO plugin v27.4 - https:\/\/yoast.com\/product\/yoast-seo-wordpress\/ -->\n<title>Declaraci\u00f3n por las amenazas de desalojo en San Antonio<\/title>\n<meta name=\"description\" content=\"Declaraci\u00f3n de la Red de Derechos Humanos y Desalojos ante las amenazas de desalojo en San Antonio en febrero 2025\" \/>\n<meta name=\"robots\" content=\"index, follow, max-snippet:-1, max-image-preview:large, max-video-preview:-1\" \/>\n<link rel=\"canonical\" href=\"https:\/\/derechoshumanosyempresas.cl\/index.php\/2025\/02\/28\/ante-las-amenazas-de-desalojo-en-san-antonio-el-enfoque-de-derechos-humanos\/\" \/>\n<meta property=\"og:locale\" content=\"es_ES\" \/>\n<meta property=\"og:type\" content=\"article\" \/>\n<meta property=\"og:title\" content=\"Declaraci\u00f3n por las amenazas de desalojo en San Antonio\" \/>\n<meta property=\"og:description\" content=\"Declaraci\u00f3n de la Red de Derechos Humanos y Desalojos ante las amenazas de desalojo en San Antonio en febrero 2025\" \/>\n<meta property=\"og:url\" content=\"https:\/\/derechoshumanosyempresas.cl\/index.php\/2025\/02\/28\/ante-las-amenazas-de-desalojo-en-san-antonio-el-enfoque-de-derechos-humanos\/\" \/>\n<meta property=\"og:site_name\" content=\"Plataforma Chilena de la Sociedad Civil de Derechos Humanos y Empresas\" \/>\n<meta property=\"article:published_time\" content=\"2025-02-28T20:13:59+00:00\" \/>\n<meta property=\"og:image\" content=\"https:\/\/derechoshumanosyempresas.cl\/wp-content\/uploads\/2025\/02\/SAN-ANTONIO.jpg\" \/>\n\t<meta property=\"og:image:width\" content=\"820\" \/>\n\t<meta property=\"og:image:height\" content=\"460\" \/>\n\t<meta property=\"og:image:type\" content=\"image\/jpeg\" \/>\n<meta name=\"author\" content=\"admin\" \/>\n<meta name=\"twitter:card\" content=\"summary_large_image\" \/>\n<meta name=\"twitter:label1\" content=\"Escrito por\" \/>\n\t<meta name=\"twitter:data1\" content=\"admin\" \/>\n\t<meta name=\"twitter:label2\" content=\"Tiempo de lectura\" \/>\n\t<meta name=\"twitter:data2\" content=\"1 minuto\" \/>\n<script type=\"application\/ld+json\" class=\"yoast-schema-graph\">{\"@context\":\"https:\\\/\\\/schema.org\",\"@graph\":[{\"@type\":\"Article\",\"@id\":\"https:\\\/\\\/derechoshumanosyempresas.cl\\\/index.php\\\/2025\\\/02\\\/28\\\/ante-las-amenazas-de-desalojo-en-san-antonio-el-enfoque-de-derechos-humanos\\\/#article\",\"isPartOf\":{\"@id\":\"https:\\\/\\\/derechoshumanosyempresas.cl\\\/index.php\\\/2025\\\/02\\\/28\\\/ante-las-amenazas-de-desalojo-en-san-antonio-el-enfoque-de-derechos-humanos\\\/\"},\"author\":{\"name\":\"admin\",\"@id\":\"https:\\\/\\\/derechoshumanosyempresas.cl\\\/#\\\/schema\\\/person\\\/6476dd2bd26bc2ab59a33de40c2c2baa\"},\"headline\":\"Ante las amenazas de desalojo en San Antonio, el enfoque de derechos humanos\",\"datePublished\":\"2025-02-28T20:13:59+00:00\",\"mainEntityOfPage\":{\"@id\":\"https:\\\/\\\/derechoshumanosyempresas.cl\\\/index.php\\\/2025\\\/02\\\/28\\\/ante-las-amenazas-de-desalojo-en-san-antonio-el-enfoque-de-derechos-humanos\\\/\"},\"wordCount\":199,\"commentCount\":0,\"image\":{\"@id\":\"https:\\\/\\\/derechoshumanosyempresas.cl\\\/index.php\\\/2025\\\/02\\\/28\\\/ante-las-amenazas-de-desalojo-en-san-antonio-el-enfoque-de-derechos-humanos\\\/#primaryimage\"},\"thumbnailUrl\":\"https:\\\/\\\/derechoshumanosyempresas.cl\\\/wp-content\\\/uploads\\\/2025\\\/02\\\/SAN-ANTONIO.jpg\",\"keywords\":[\"derechos humanos\",\"desalojos\",\"san antonio\"],\"articleSection\":[\"Noticias\",\"Portada\"],\"inLanguage\":\"es\",\"potentialAction\":[{\"@type\":\"CommentAction\",\"name\":\"Comment\",\"target\":[\"https:\\\/\\\/derechoshumanosyempresas.cl\\\/index.php\\\/2025\\\/02\\\/28\\\/ante-las-amenazas-de-desalojo-en-san-antonio-el-enfoque-de-derechos-humanos\\\/#respond\"]}]},{\"@type\":\"WebPage\",\"@id\":\"https:\\\/\\\/derechoshumanosyempresas.cl\\\/index.php\\\/2025\\\/02\\\/28\\\/ante-las-amenazas-de-desalojo-en-san-antonio-el-enfoque-de-derechos-humanos\\\/\",\"url\":\"https:\\\/\\\/derechoshumanosyempresas.cl\\\/index.php\\\/2025\\\/02\\\/28\\\/ante-las-amenazas-de-desalojo-en-san-antonio-el-enfoque-de-derechos-humanos\\\/\",\"name\":\"Declaraci\u00f3n por las amenazas de desalojo en San Antonio\",\"isPartOf\":{\"@id\":\"https:\\\/\\\/derechoshumanosyempresas.cl\\\/#website\"},\"primaryImageOfPage\":{\"@id\":\"https:\\\/\\\/derechoshumanosyempresas.cl\\\/index.php\\\/2025\\\/02\\\/28\\\/ante-las-amenazas-de-desalojo-en-san-antonio-el-enfoque-de-derechos-humanos\\\/#primaryimage\"},\"image\":{\"@id\":\"https:\\\/\\\/derechoshumanosyempresas.cl\\\/index.php\\\/2025\\\/02\\\/28\\\/ante-las-amenazas-de-desalojo-en-san-antonio-el-enfoque-de-derechos-humanos\\\/#primaryimage\"},\"thumbnailUrl\":\"https:\\\/\\\/derechoshumanosyempresas.cl\\\/wp-content\\\/uploads\\\/2025\\\/02\\\/SAN-ANTONIO.jpg\",\"datePublished\":\"2025-02-28T20:13:59+00:00\",\"author\":{\"@id\":\"https:\\\/\\\/derechoshumanosyempresas.cl\\\/#\\\/schema\\\/person\\\/6476dd2bd26bc2ab59a33de40c2c2baa\"},\"description\":\"Declaraci\u00f3n de la Red de Derechos Humanos y Desalojos ante las amenazas de desalojo en San Antonio en febrero 2025\",\"breadcrumb\":{\"@id\":\"https:\\\/\\\/derechoshumanosyempresas.cl\\\/index.php\\\/2025\\\/02\\\/28\\\/ante-las-amenazas-de-desalojo-en-san-antonio-el-enfoque-de-derechos-humanos\\\/#breadcrumb\"},\"inLanguage\":\"es\",\"potentialAction\":[{\"@type\":\"ReadAction\",\"target\":[\"https:\\\/\\\/derechoshumanosyempresas.cl\\\/index.php\\\/2025\\\/02\\\/28\\\/ante-las-amenazas-de-desalojo-en-san-antonio-el-enfoque-de-derechos-humanos\\\/\"]}]},{\"@type\":\"ImageObject\",\"inLanguage\":\"es\",\"@id\":\"https:\\\/\\\/derechoshumanosyempresas.cl\\\/index.php\\\/2025\\\/02\\\/28\\\/ante-las-amenazas-de-desalojo-en-san-antonio-el-enfoque-de-derechos-humanos\\\/#primaryimage\",\"url\":\"https:\\\/\\\/derechoshumanosyempresas.cl\\\/wp-content\\\/uploads\\\/2025\\\/02\\\/SAN-ANTONIO.jpg\",\"contentUrl\":\"https:\\\/\\\/derechoshumanosyempresas.cl\\\/wp-content\\\/uploads\\\/2025\\\/02\\\/SAN-ANTONIO.jpg\",\"width\":820,\"height\":460},{\"@type\":\"BreadcrumbList\",\"@id\":\"https:\\\/\\\/derechoshumanosyempresas.cl\\\/index.php\\\/2025\\\/02\\\/28\\\/ante-las-amenazas-de-desalojo-en-san-antonio-el-enfoque-de-derechos-humanos\\\/#breadcrumb\",\"itemListElement\":[{\"@type\":\"ListItem\",\"position\":1,\"name\":\"Portada\",\"item\":\"https:\\\/\\\/derechoshumanosyempresas.cl\\\/\"},{\"@type\":\"ListItem\",\"position\":2,\"name\":\"Ante las amenazas de desalojo en San Antonio, el enfoque de derechos humanos\"}]},{\"@type\":\"WebSite\",\"@id\":\"https:\\\/\\\/derechoshumanosyempresas.cl\\\/#website\",\"url\":\"https:\\\/\\\/derechoshumanosyempresas.cl\\\/\",\"name\":\"Plataforma Chilena de la Sociedad Civil de Derechos Humanos y Empresas\",\"description\":\"\",\"potentialAction\":[{\"@type\":\"SearchAction\",\"target\":{\"@type\":\"EntryPoint\",\"urlTemplate\":\"https:\\\/\\\/derechoshumanosyempresas.cl\\\/?s={search_term_string}\"},\"query-input\":{\"@type\":\"PropertyValueSpecification\",\"valueRequired\":true,\"valueName\":\"search_term_string\"}}],\"inLanguage\":\"es\"},{\"@type\":\"Person\",\"@id\":\"https:\\\/\\\/derechoshumanosyempresas.cl\\\/#\\\/schema\\\/person\\\/6476dd2bd26bc2ab59a33de40c2c2baa\",\"name\":\"admin\",\"image\":{\"@type\":\"ImageObject\",\"inLanguage\":\"es\",\"@id\":\"https:\\\/\\\/secure.gravatar.com\\\/avatar\\\/e482226d0b315127399077d5c4b71da7603e497013d2412b38a9884e70d87e81?s=96&d=mm&r=g\",\"url\":\"https:\\\/\\\/secure.gravatar.com\\\/avatar\\\/e482226d0b315127399077d5c4b71da7603e497013d2412b38a9884e70d87e81?s=96&d=mm&r=g\",\"contentUrl\":\"https:\\\/\\\/secure.gravatar.com\\\/avatar\\\/e482226d0b315127399077d5c4b71da7603e497013d2412b38a9884e70d87e81?s=96&d=mm&r=g\",\"caption\":\"admin\"},\"sameAs\":[\"https:\\\/\\\/derechoshumanosyempresas.cl\"],\"url\":\"https:\\\/\\\/derechoshumanosyempresas.cl\\\/index.php\\\/author\\\/admin\\\/\"}]}<\/script>\n<!-- \/ Yoast SEO plugin. -->","yoast_head_json":{"title":"Declaraci\u00f3n por las amenazas de desalojo en San Antonio","description":"Declaraci\u00f3n de la Red de Derechos Humanos y Desalojos ante las amenazas de desalojo en San Antonio en febrero 2025","robots":{"index":"index","follow":"follow","max-snippet":"max-snippet:-1","max-image-preview":"max-image-preview:large","max-video-preview":"max-video-preview:-1"},"canonical":"https:\/\/derechoshumanosyempresas.cl\/index.php\/2025\/02\/28\/ante-las-amenazas-de-desalojo-en-san-antonio-el-enfoque-de-derechos-humanos\/","og_locale":"es_ES","og_type":"article","og_title":"Declaraci\u00f3n por las amenazas de desalojo en San Antonio","og_description":"Declaraci\u00f3n de la Red de Derechos Humanos y Desalojos ante las amenazas de desalojo en San Antonio en febrero 2025","og_url":"https:\/\/derechoshumanosyempresas.cl\/index.php\/2025\/02\/28\/ante-las-amenazas-de-desalojo-en-san-antonio-el-enfoque-de-derechos-humanos\/","og_site_name":"Plataforma Chilena de la Sociedad Civil de Derechos Humanos y Empresas","article_published_time":"2025-02-28T20:13:59+00:00","og_image":[{"width":820,"height":460,"url":"https:\/\/derechoshumanosyempresas.cl\/wp-content\/uploads\/2025\/02\/SAN-ANTONIO.jpg","type":"image\/jpeg"}],"author":"admin","twitter_card":"summary_large_image","twitter_misc":{"Escrito por":"admin","Tiempo de lectura":"1 minuto"},"schema":{"@context":"https:\/\/schema.org","@graph":[{"@type":"Article","@id":"https:\/\/derechoshumanosyempresas.cl\/index.php\/2025\/02\/28\/ante-las-amenazas-de-desalojo-en-san-antonio-el-enfoque-de-derechos-humanos\/#article","isPartOf":{"@id":"https:\/\/derechoshumanosyempresas.cl\/index.php\/2025\/02\/28\/ante-las-amenazas-de-desalojo-en-san-antonio-el-enfoque-de-derechos-humanos\/"},"author":{"name":"admin","@id":"https:\/\/derechoshumanosyempresas.cl\/#\/schema\/person\/6476dd2bd26bc2ab59a33de40c2c2baa"},"headline":"Ante las amenazas de desalojo en San Antonio, el enfoque de derechos humanos","datePublished":"2025-02-28T20:13:59+00:00","mainEntityOfPage":{"@id":"https:\/\/derechoshumanosyempresas.cl\/index.php\/2025\/02\/28\/ante-las-amenazas-de-desalojo-en-san-antonio-el-enfoque-de-derechos-humanos\/"},"wordCount":199,"commentCount":0,"image":{"@id":"https:\/\/derechoshumanosyempresas.cl\/index.php\/2025\/02\/28\/ante-las-amenazas-de-desalojo-en-san-antonio-el-enfoque-de-derechos-humanos\/#primaryimage"},"thumbnailUrl":"https:\/\/derechoshumanosyempresas.cl\/wp-content\/uploads\/2025\/02\/SAN-ANTONIO.jpg","keywords":["derechos humanos","desalojos","san antonio"],"articleSection":["Noticias","Portada"],"inLanguage":"es","potentialAction":[{"@type":"CommentAction","name":"Comment","target":["https:\/\/derechoshumanosyempresas.cl\/index.php\/2025\/02\/28\/ante-las-amenazas-de-desalojo-en-san-antonio-el-enfoque-de-derechos-humanos\/#respond"]}]},{"@type":"WebPage","@id":"https:\/\/derechoshumanosyempresas.cl\/index.php\/2025\/02\/28\/ante-las-amenazas-de-desalojo-en-san-antonio-el-enfoque-de-derechos-humanos\/","url":"https:\/\/derechoshumanosyempresas.cl\/index.php\/2025\/02\/28\/ante-las-amenazas-de-desalojo-en-san-antonio-el-enfoque-de-derechos-humanos\/","name":"Declaraci\u00f3n por las amenazas de desalojo en San Antonio","isPartOf":{"@id":"https:\/\/derechoshumanosyempresas.cl\/#website"},"primaryImageOfPage":{"@id":"https:\/\/derechoshumanosyempresas.cl\/index.php\/2025\/02\/28\/ante-las-amenazas-de-desalojo-en-san-antonio-el-enfoque-de-derechos-humanos\/#primaryimage"},"image":{"@id":"https:\/\/derechoshumanosyempresas.cl\/index.php\/2025\/02\/28\/ante-las-amenazas-de-desalojo-en-san-antonio-el-enfoque-de-derechos-humanos\/#primaryimage"},"thumbnailUrl":"https:\/\/derechoshumanosyempresas.cl\/wp-content\/uploads\/2025\/02\/SAN-ANTONIO.jpg","datePublished":"2025-02-28T20:13:59+00:00","author":{"@id":"https:\/\/derechoshumanosyempresas.cl\/#\/schema\/person\/6476dd2bd26bc2ab59a33de40c2c2baa"},"description":"Declaraci\u00f3n de la Red de Derechos Humanos y Desalojos ante las amenazas de desalojo en San Antonio en febrero 2025","breadcrumb":{"@id":"https:\/\/derechoshumanosyempresas.cl\/index.php\/2025\/02\/28\/ante-las-amenazas-de-desalojo-en-san-antonio-el-enfoque-de-derechos-humanos\/#breadcrumb"},"inLanguage":"es","potentialAction":[{"@type":"ReadAction","target":["https:\/\/derechoshumanosyempresas.cl\/index.php\/2025\/02\/28\/ante-las-amenazas-de-desalojo-en-san-antonio-el-enfoque-de-derechos-humanos\/"]}]},{"@type":"ImageObject","inLanguage":"es","@id":"https:\/\/derechoshumanosyempresas.cl\/index.php\/2025\/02\/28\/ante-las-amenazas-de-desalojo-en-san-antonio-el-enfoque-de-derechos-humanos\/#primaryimage","url":"https:\/\/derechoshumanosyempresas.cl\/wp-content\/uploads\/2025\/02\/SAN-ANTONIO.jpg","contentUrl":"https:\/\/derechoshumanosyempresas.cl\/wp-content\/uploads\/2025\/02\/SAN-ANTONIO.jpg","width":820,"height":460},{"@type":"BreadcrumbList","@id":"https:\/\/derechoshumanosyempresas.cl\/index.php\/2025\/02\/28\/ante-las-amenazas-de-desalojo-en-san-antonio-el-enfoque-de-derechos-humanos\/#breadcrumb","itemListElement":[{"@type":"ListItem","position":1,"name":"Portada","item":"https:\/\/derechoshumanosyempresas.cl\/"},{"@type":"ListItem","position":2,"name":"Ante las amenazas de desalojo en San Antonio, el enfoque de derechos humanos"}]},{"@type":"WebSite","@id":"https:\/\/derechoshumanosyempresas.cl\/#website","url":"https:\/\/derechoshumanosyempresas.cl\/","name":"Plataforma Chilena de la Sociedad Civil de Derechos Humanos y Empresas","description":"","potentialAction":[{"@type":"SearchAction","target":{"@type":"EntryPoint","urlTemplate":"https:\/\/derechoshumanosyempresas.cl\/?s={search_term_string}"},"query-input":{"@type":"PropertyValueSpecification","valueRequired":true,"valueName":"search_term_string"}}],"inLanguage":"es"},{"@type":"Person","@id":"https:\/\/derechoshumanosyempresas.cl\/#\/schema\/person\/6476dd2bd26bc2ab59a33de40c2c2baa","name":"admin","image":{"@type":"ImageObject","inLanguage":"es","@id":"https:\/\/secure.gravatar.com\/avatar\/e482226d0b315127399077d5c4b71da7603e497013d2412b38a9884e70d87e81?s=96&d=mm&r=g","url":"https:\/\/secure.gravatar.com\/avatar\/e482226d0b315127399077d5c4b71da7603e497013d2412b38a9884e70d87e81?s=96&d=mm&r=g","contentUrl":"https:\/\/secure.gravatar.com\/avatar\/e482226d0b315127399077d5c4b71da7603e497013d2412b38a9884e70d87e81?s=96&d=mm&r=g","caption":"admin"},"sameAs":["https:\/\/derechoshumanosyempresas.cl"],"url":"https:\/\/derechoshumanosyempresas.cl\/index.php\/author\/admin\/"}]}},"wpmagazine_modules_lite_featured_media_urls":{"thumbnail":["https:\/\/derechoshumanosyempresas.cl\/wp-content\/uploads\/2025\/02\/SAN-ANTONIO-150x150.jpg",150,150,true],"cvmm-medium":["https:\/\/derechoshumanosyempresas.cl\/wp-content\/uploads\/2025\/02\/SAN-ANTONIO-300x300.jpg",300,300,true],"cvmm-medium-plus":["https:\/\/derechoshumanosyempresas.cl\/wp-content\/uploads\/2025\/02\/SAN-ANTONIO-305x207.jpg",305,207,true],"cvmm-portrait":["https:\/\/derechoshumanosyempresas.cl\/wp-content\/uploads\/2025\/02\/SAN-ANTONIO-400x460.jpg",400,460,true],"cvmm-medium-square":["https:\/\/derechoshumanosyempresas.cl\/wp-content\/uploads\/2025\/02\/SAN-ANTONIO-600x460.jpg",600,460,true],"cvmm-large":["https:\/\/derechoshumanosyempresas.cl\/wp-content\/uploads\/2025\/02\/SAN-ANTONIO.jpg",820,460,false],"cvmm-small":["https:\/\/derechoshumanosyempresas.cl\/wp-content\/uploads\/2025\/02\/SAN-ANTONIO-130x95.jpg",130,95,true],"full":["https:\/\/derechoshumanosyempresas.cl\/wp-content\/uploads\/2025\/02\/SAN-ANTONIO.jpg",820,460,false]},"categories_names":{"43":{"name":"Noticias","link":"https:\/\/derechoshumanosyempresas.cl\/index.php\/category\/centro-de-informacion\/"},"47":{"name":"Portada","link":"https:\/\/derechoshumanosyempresas.cl\/index.php\/category\/portada\/"}},"tags_names":{"83":{"name":"derechos humanos","link":"https:\/\/derechoshumanosyempresas.cl\/index.php\/tag\/derechos-humanos\/"},"109":{"name":"desalojos","link":"https:\/\/derechoshumanosyempresas.cl\/index.php\/tag\/desalojos\/"},"108":{"name":"san antonio","link":"https:\/\/derechoshumanosyempresas.cl\/index.php\/tag\/san-antonio\/"}},"comments_number":"0","_links":{"self":[{"href":"https:\/\/derechoshumanosyempresas.cl\/index.php\/wp-json\/wp\/v2\/posts\/2620","targetHints":{"allow":["GET"]}}],"collection":[{"href":"https:\/\/derechoshumanosyempresas.cl\/index.php\/wp-json\/wp\/v2\/posts"}],"about":[{"href":"https:\/\/derechoshumanosyempresas.cl\/index.php\/wp-json\/wp\/v2\/types\/post"}],"author":[{"embeddable":true,"href":"https:\/\/derechoshumanosyempresas.cl\/index.php\/wp-json\/wp\/v2\/users\/1"}],"replies":[{"embeddable":true,"href":"https:\/\/derechoshumanosyempresas.cl\/index.php\/wp-json\/wp\/v2\/comments?post=2620"}],"version-history":[{"count":0,"href":"https:\/\/derechoshumanosyempresas.cl\/index.php\/wp-json\/wp\/v2\/posts\/2620\/revisions"}],"wp:featuredmedia":[{"embeddable":true,"href":"https:\/\/derechoshumanosyempresas.cl\/index.php\/wp-json\/wp\/v2\/media\/2622"}],"wp:attachment":[{"href":"https:\/\/derechoshumanosyempresas.cl\/index.php\/wp-json\/wp\/v2\/media?parent=2620"}],"wp:term":[{"taxonomy":"category","embeddable":true,"href":"https:\/\/derechoshumanosyempresas.cl\/index.php\/wp-json\/wp\/v2\/categories?post=2620"},{"taxonomy":"post_tag","embeddable":true,"href":"https:\/\/derechoshumanosyempresas.cl\/index.php\/wp-json\/wp\/v2\/tags?post=2620"}],"curies":[{"name":"wp","href":"https:\/\/api.w.org\/{rel}","templated":true}]}}