{"id":2430,"date":"2025-01-22T19:42:24","date_gmt":"2025-01-22T19:42:24","guid":{"rendered":"https:\/\/derechoshumanosyempresas.cl\/?p=2430"},"modified":"2025-02-21T14:39:44","modified_gmt":"2025-02-21T14:39:44","slug":"seminario-internacional-pone-en-el-centro-la-relacion-entre-derechos-humanos-y-empresas-sus-desafios-y-oportunidades","status":"publish","type":"post","link":"https:\/\/derechoshumanosyempresas.cl\/index.php\/2025\/01\/22\/seminario-internacional-pone-en-el-centro-la-relacion-entre-derechos-humanos-y-empresas-sus-desafios-y-oportunidades\/","title":{"rendered":"Seminario internacional pone en el centro la relaci\u00f3n entre derechos humanos y empresas, sus desaf\u00edos y oportunidades"},"content":{"rendered":"<p><strong><i>Organizada por la Plataforma Chilena de la Sociedad Civil sobre Derechos Humanos y Empresas, la actividad reuni\u00f3 a expertos de Latinoam\u00e9rica para abordar el impacto de las actividades empresariales en los derechos derechos fundamentales\u00a0<\/i><\/strong><\/p>\n<p><span style=\"font-weight: 400;\">El pasado 17 de enero se realiz\u00f3 el Seminario Internacional <strong><a href=\"https:\/\/derechoshumanosyempresas.cl\/index.php\/2025\/01\/13\/seminario-internacional-abordara-los-desafios-de-los-derechos-humanos-en-el-ambito-empresarial\/\" target=\"_blank\" rel=\"noopener\">\u201cDerechos Humanos y Empresas: Aportes desde la Sociedad Civil\u201d<\/a>, una instancia clave para reflexionar sobre el rol de las empresas en la sociedad y su relaci\u00f3n con los derechos humanos.<\/strong> Este evento, organizado por la Plataforma Chilena de la Sociedad Civil sobre Derechos Humanos y Empresas, se llev\u00f3 a cabo en el marco del Proyecto REDAR, financiado por la <a href=\"https:\/\/european-union.europa.eu\/index_es\" target=\"_blank\" rel=\"noopener\">Uni\u00f3n Europea<\/a> y en colaboraci\u00f3n con el <a href=\"https:\/\/derecho.uchile.cl\/centro-de-derechos-humanos\" target=\"_blank\" rel=\"noopener\">Centro de Derechos Humanos de la Universidad de Chile<\/a>.\u00a0<\/span><\/p>\n<p><span style=\"font-weight: 400;\">El seminario incluy\u00f3 paneles sobre tem\u00e1ticas cruciales como derechos laborales, pueblos ind\u00edgenas, medioambiente, trata de personas, entre otros, contando con la participaci\u00f3n de representantes de empresas, organismos internacionales y la sociedad civil. <strong>De esta manera, se dialog\u00f3 sobre los desaf\u00edos y oportunidades que enfrentan las empresas en la promoci\u00f3n de un desarrollo econ\u00f3mico sostenible y respetuoso de los derechos humanos.<\/strong><\/span><\/p>\n<p>&nbsp;<\/p>\n<h3><b>Ponencia principal: un cambio de paradigma necesario<\/b><\/h3>\n<p><span style=\"font-weight: 400;\">Enrique Fern\u00e1ndez-Maldonado Mujica, fundador de la <a href=\"https:\/\/plataformasociedadcivilperu.org.pe\/\" target=\"_blank\" rel=\"noopener\">Plataforma de Sociedad Civil sobre Empresas y Derechos Humanos de Per\u00fa<\/a>, abri\u00f3 la jornada con la ponencia titulada: \u201cEstado actual y proyecciones sobre la defensa de los derechos humanos en los \u00e1mbitos econ\u00f3micos y actividades empresariales y el rol de la sociedad civil organizada\u201d. En su intervenci\u00f3n, subray\u00f3 la importancia de que las empresas adopten un enfoque preventivo y reparador frente a los impactos negativos de sus actividades.<\/span><\/p>\n<p><span style=\"font-weight: 400;\"><img fetchpriority=\"high\" decoding=\"async\" class=\"size-medium wp-image-2432 alignleft\" src=\"https:\/\/derechoshumanosyempresas.cl\/wp-content\/uploads\/2025\/01\/IMG_4331-300x225.jpg\" alt=\"\" width=\"300\" height=\"225\" srcset=\"https:\/\/derechoshumanosyempresas.cl\/wp-content\/uploads\/2025\/01\/IMG_4331-300x225.jpg 300w, https:\/\/derechoshumanosyempresas.cl\/wp-content\/uploads\/2025\/01\/IMG_4331-1024x768.jpg 1024w, https:\/\/derechoshumanosyempresas.cl\/wp-content\/uploads\/2025\/01\/IMG_4331-768x576.jpg 768w, https:\/\/derechoshumanosyempresas.cl\/wp-content\/uploads\/2025\/01\/IMG_4331-1536x1152.jpg 1536w, https:\/\/derechoshumanosyempresas.cl\/wp-content\/uploads\/2025\/01\/IMG_4331-2048x1536.jpg 2048w, https:\/\/derechoshumanosyempresas.cl\/wp-content\/uploads\/2025\/01\/IMG_4331-1000x750.jpg 1000w, https:\/\/derechoshumanosyempresas.cl\/wp-content\/uploads\/2025\/01\/IMG_4331-230x173.jpg 230w, https:\/\/derechoshumanosyempresas.cl\/wp-content\/uploads\/2025\/01\/IMG_4331-350x263.jpg 350w, https:\/\/derechoshumanosyempresas.cl\/wp-content\/uploads\/2025\/01\/IMG_4331-480x360.jpg 480w\" sizes=\"(max-width: 300px) 100vw, 300px\" \/>\u201cLa empresa no s\u00f3lo cumple un rol importante con relaci\u00f3n al crecimiento econ\u00f3mico, sino que tambi\u00e9n tiene impactos negativos sobre los territorios, sobre los derechos y sobre los cuerpos de las personas\u201d, afirm\u00f3 Fern\u00e1ndez-Maldonado. Adem\u00e1s, y destac\u00f3 <strong>la necesidad de marcos normativos vinculantes, argumentando que los marcos voluntarios no han sido suficientes para garantizar el cumplimiento de los est\u00e1ndares internacionales de derechos humanos<\/strong> y mencion\u00f3 como ejemplos, los avances normativos en Alemania, Francia y Noruega, que podr\u00edan servir como referencia para Latinoam\u00e9rica.<\/span><\/p>\n<p><span style=\"font-weight: 400;\">Frente a esto, sostuvo que las empresas tambi\u00e9n deben tomar medidas de prevenci\u00f3n, protecci\u00f3n y remediaci\u00f3n sobre los derechos de las comunidades. <strong>\u201cEse cambio de paradigma tiene que ser alentado, por un lado desde las pol\u00edticas p\u00fablicas, pero tambi\u00e9n desde un debate nacional potente<\/strong>, amplio en la sociedad chilena, para avanzar hacia esos consensos en los que la empresa ampl\u00eda el marco de sus funciones, no s\u00f3lo las econ\u00f3micas, sino tambi\u00e9n a las sociales, a las culturales y a las ambientales\u201d, a\u00f1adi\u00f3.\u00a0<\/span><\/p>\n<h3><b>Derechos humanos en el centro de la actividad empresarial<\/b><\/h3>\n<p><span style=\"font-weight: 400;\">En la actividad, tambi\u00e9n particip\u00f3 Margarita Ducci, directora ejecutiva de <a href=\"https:\/\/www.pactoglobal.cl\/\" target=\"_blank\" rel=\"noopener\">Red Pacto Global Chile (ONU)<\/a>, quien enfatiz\u00f3 que las empresas deben priorizar los derechos humanos en sus estrategias y operaciones. <strong>\u201cEs fundamental que las empresas se enfoquen en los derechos que competen a las personas: la no discriminaci\u00f3n, el cuidado de las personas, el respeto a las asociaciones laborales, el di\u00e1logo y la equidad de g\u00e9nero\u201d<\/strong>, se\u00f1al\u00f3. Tambi\u00e9n hizo un llamado a que las empresas, especialmente extractivas, trabajen con las comunidades para prever y mitigar los impactos negativos de sus actividades en el medioambiente.<\/span><\/p>\n<p><span style=\"font-weight: 400;\"><img decoding=\"async\" class=\"size-medium wp-image-2434 alignleft\" src=\"https:\/\/derechoshumanosyempresas.cl\/wp-content\/uploads\/2025\/01\/IMG_4394-300x225.jpg\" alt=\"\" width=\"300\" height=\"225\" srcset=\"https:\/\/derechoshumanosyempresas.cl\/wp-content\/uploads\/2025\/01\/IMG_4394-300x225.jpg 300w, https:\/\/derechoshumanosyempresas.cl\/wp-content\/uploads\/2025\/01\/IMG_4394-1024x768.jpg 1024w, https:\/\/derechoshumanosyempresas.cl\/wp-content\/uploads\/2025\/01\/IMG_4394-768x576.jpg 768w, https:\/\/derechoshumanosyempresas.cl\/wp-content\/uploads\/2025\/01\/IMG_4394-1536x1152.jpg 1536w, https:\/\/derechoshumanosyempresas.cl\/wp-content\/uploads\/2025\/01\/IMG_4394-2048x1536.jpg 2048w, https:\/\/derechoshumanosyempresas.cl\/wp-content\/uploads\/2025\/01\/IMG_4394-1000x750.jpg 1000w, https:\/\/derechoshumanosyempresas.cl\/wp-content\/uploads\/2025\/01\/IMG_4394-230x173.jpg 230w, https:\/\/derechoshumanosyempresas.cl\/wp-content\/uploads\/2025\/01\/IMG_4394-350x263.jpg 350w, https:\/\/derechoshumanosyempresas.cl\/wp-content\/uploads\/2025\/01\/IMG_4394-480x360.jpg 480w\" sizes=\"(max-width: 300px) 100vw, 300px\" \/>Por su parte, Josefina Palma, jefa del Departamento de Pol\u00edticas P\u00fablicas de la <a href=\"https:\/\/www.minjusticia.gob.cl\/subsecretaria-de-derechos-humanos-2\/\" target=\"_blank\" rel=\"noopener\">Subsecretar\u00eda de Derechos Humanos<\/a>, explic\u00f3 que \u201cLos derechos humanos protegen todos los espacios de la vida social y humana\u201d y que por lo tanto, su vinculaci\u00f3n con el \u00e1mbito empresarial es fundamental. Por otra parte, destac\u00f3 el concepto de debida diligencia como herramienta clave para prevenir vulneraciones. \u201c<strong>Es fundamental que las empresas identifiquen los riesgos que sus actividades pueden generar en los derechos humanos, no solo en su operaci\u00f3n directa, sino en toda la cadena de valor\u201d<\/strong>, explic\u00f3 Palma, subrayando la importancia de la participaci\u00f3n activa de la sociedad civil en estas discusiones.<\/span><\/p>\n<h3><b>Reflexiones finales: hacia un desarrollo sostenible<\/b><\/h3>\n<p><span style=\"font-weight: 400;\">El seminario concluy\u00f3 con un llamado a fortalecer la colaboraci\u00f3n entre empresas, comunidades y organizaciones de la sociedad civil para promover el respeto y cumplimiento de los derechos humanos en todas las dimensiones de la actividad empresarial. D<strong>esde la Plataforma Chilena de la Sociedad Civil sobre Derechos Humanos y Empresas, recalcaron su compromiso con la generaci\u00f3n de pol\u00edticas p\u00fablicas que promuevan una actividad empresarial responsable y alineada con valores de justicia y sostenibilidad.<\/strong><\/span><\/p>\n<p><span style=\"font-weight: 400;\">En palabras de uno de los organizadores, Roberto Morales, coordinador ejecutivo de la Plataforma: \u201cEsta instancia de reflexi\u00f3n conjunta entre la academia, la sociedad civil y el sector privado es fundamental para avanzar hacia un desarrollo sostenible que integre los derechos humanos como condici\u00f3n m\u00ednima para una vida digna\u201d.\u00a0<\/span><\/p>\n","protected":false},"excerpt":{"rendered":"<p>Organizada por la Plataforma Chilena de la Sociedad Civil sobre Derechos Humanos y Empresas, la actividad reuni\u00f3 a expertos de Latinoam\u00e9rica para [&hellip;]<\/p>\n","protected":false},"author":1,"featured_media":2431,"comment_status":"open","ping_status":"open","sticky":false,"template":"","format":"standard","meta":{"footnotes":""},"categories":[82,43,47],"tags":[107,83,86,106],"class_list":["post-2430","post","type-post","status-publish","format-standard","has-post-thumbnail","hentry","category-de-interes","category-centro-de-informacion","category-portada","tag-actividad-empresarial","tag-derechos-humanos","tag-derechos-humanos-y-empresas","tag-plataforma-ddhh"],"yoast_head":"<!-- This site is optimized with the Yoast SEO plugin v27.4 - https:\/\/yoast.com\/product\/yoast-seo-wordpress\/ -->\n<title>Seminario internacional sobre derechos humanos y empresas<\/title>\n<meta name=\"description\" content=\"Seminario internacional pone en el centro la relaci\u00f3n entre derechos humanos y empresas, sus desaf\u00edos y oportunidades\" \/>\n<meta name=\"robots\" content=\"index, follow, max-snippet:-1, max-image-preview:large, max-video-preview:-1\" \/>\n<link rel=\"canonical\" href=\"https:\/\/derechoshumanosyempresas.cl\/index.php\/2025\/01\/22\/seminario-internacional-pone-en-el-centro-la-relacion-entre-derechos-humanos-y-empresas-sus-desafios-y-oportunidades\/\" \/>\n<meta property=\"og:locale\" content=\"es_ES\" \/>\n<meta property=\"og:type\" content=\"article\" \/>\n<meta property=\"og:title\" content=\"Seminario internacional sobre derechos humanos y empresas\" \/>\n<meta property=\"og:description\" content=\"Seminario internacional pone en el centro la relaci\u00f3n entre derechos humanos y empresas, sus desaf\u00edos y oportunidades\" \/>\n<meta property=\"og:url\" content=\"https:\/\/derechoshumanosyempresas.cl\/index.php\/2025\/01\/22\/seminario-internacional-pone-en-el-centro-la-relacion-entre-derechos-humanos-y-empresas-sus-desafios-y-oportunidades\/\" \/>\n<meta property=\"og:site_name\" content=\"Plataforma Chilena de la Sociedad Civil de Derechos Humanos y Empresas\" \/>\n<meta property=\"article:published_time\" content=\"2025-01-22T19:42:24+00:00\" \/>\n<meta property=\"article:modified_time\" content=\"2025-02-21T14:39:44+00:00\" \/>\n<meta property=\"og:image\" content=\"https:\/\/derechoshumanosyempresas.cl\/wp-content\/uploads\/2025\/01\/IMG_4338-scaled.jpg\" \/>\n\t<meta property=\"og:image:width\" content=\"2560\" \/>\n\t<meta property=\"og:image:height\" content=\"1920\" \/>\n\t<meta property=\"og:image:type\" content=\"image\/jpeg\" \/>\n<meta name=\"author\" content=\"admin\" \/>\n<meta name=\"twitter:card\" content=\"summary_large_image\" \/>\n<meta name=\"twitter:label1\" content=\"Escrito por\" \/>\n\t<meta name=\"twitter:data1\" content=\"admin\" \/>\n\t<meta name=\"twitter:label2\" content=\"Tiempo de lectura\" \/>\n\t<meta name=\"twitter:data2\" content=\"5 minutos\" \/>\n<script type=\"application\/ld+json\" class=\"yoast-schema-graph\">{\"@context\":\"https:\\\/\\\/schema.org\",\"@graph\":[{\"@type\":\"Article\",\"@id\":\"https:\\\/\\\/derechoshumanosyempresas.cl\\\/index.php\\\/2025\\\/01\\\/22\\\/seminario-internacional-pone-en-el-centro-la-relacion-entre-derechos-humanos-y-empresas-sus-desafios-y-oportunidades\\\/#article\",\"isPartOf\":{\"@id\":\"https:\\\/\\\/derechoshumanosyempresas.cl\\\/index.php\\\/2025\\\/01\\\/22\\\/seminario-internacional-pone-en-el-centro-la-relacion-entre-derechos-humanos-y-empresas-sus-desafios-y-oportunidades\\\/\"},\"author\":{\"name\":\"admin\",\"@id\":\"https:\\\/\\\/derechoshumanosyempresas.cl\\\/#\\\/schema\\\/person\\\/6476dd2bd26bc2ab59a33de40c2c2baa\"},\"headline\":\"Seminario internacional pone en el centro la relaci\u00f3n entre derechos humanos y empresas, sus desaf\u00edos y oportunidades\",\"datePublished\":\"2025-01-22T19:42:24+00:00\",\"dateModified\":\"2025-02-21T14:39:44+00:00\",\"mainEntityOfPage\":{\"@id\":\"https:\\\/\\\/derechoshumanosyempresas.cl\\\/index.php\\\/2025\\\/01\\\/22\\\/seminario-internacional-pone-en-el-centro-la-relacion-entre-derechos-humanos-y-empresas-sus-desafios-y-oportunidades\\\/\"},\"wordCount\":833,\"commentCount\":0,\"image\":{\"@id\":\"https:\\\/\\\/derechoshumanosyempresas.cl\\\/index.php\\\/2025\\\/01\\\/22\\\/seminario-internacional-pone-en-el-centro-la-relacion-entre-derechos-humanos-y-empresas-sus-desafios-y-oportunidades\\\/#primaryimage\"},\"thumbnailUrl\":\"https:\\\/\\\/derechoshumanosyempresas.cl\\\/wp-content\\\/uploads\\\/2025\\\/01\\\/IMG_4338-scaled.jpg\",\"keywords\":[\"actividad empresarial\",\"derechos humanos\",\"derechos humanos y empresas\",\"plataforma ddhh\"],\"articleSection\":[\"De \u00ednteres\",\"Noticias\",\"Portada\"],\"inLanguage\":\"es\",\"potentialAction\":[{\"@type\":\"CommentAction\",\"name\":\"Comment\",\"target\":[\"https:\\\/\\\/derechoshumanosyempresas.cl\\\/index.php\\\/2025\\\/01\\\/22\\\/seminario-internacional-pone-en-el-centro-la-relacion-entre-derechos-humanos-y-empresas-sus-desafios-y-oportunidades\\\/#respond\"]}]},{\"@type\":\"WebPage\",\"@id\":\"https:\\\/\\\/derechoshumanosyempresas.cl\\\/index.php\\\/2025\\\/01\\\/22\\\/seminario-internacional-pone-en-el-centro-la-relacion-entre-derechos-humanos-y-empresas-sus-desafios-y-oportunidades\\\/\",\"url\":\"https:\\\/\\\/derechoshumanosyempresas.cl\\\/index.php\\\/2025\\\/01\\\/22\\\/seminario-internacional-pone-en-el-centro-la-relacion-entre-derechos-humanos-y-empresas-sus-desafios-y-oportunidades\\\/\",\"name\":\"Seminario internacional sobre derechos humanos y empresas\",\"isPartOf\":{\"@id\":\"https:\\\/\\\/derechoshumanosyempresas.cl\\\/#website\"},\"primaryImageOfPage\":{\"@id\":\"https:\\\/\\\/derechoshumanosyempresas.cl\\\/index.php\\\/2025\\\/01\\\/22\\\/seminario-internacional-pone-en-el-centro-la-relacion-entre-derechos-humanos-y-empresas-sus-desafios-y-oportunidades\\\/#primaryimage\"},\"image\":{\"@id\":\"https:\\\/\\\/derechoshumanosyempresas.cl\\\/index.php\\\/2025\\\/01\\\/22\\\/seminario-internacional-pone-en-el-centro-la-relacion-entre-derechos-humanos-y-empresas-sus-desafios-y-oportunidades\\\/#primaryimage\"},\"thumbnailUrl\":\"https:\\\/\\\/derechoshumanosyempresas.cl\\\/wp-content\\\/uploads\\\/2025\\\/01\\\/IMG_4338-scaled.jpg\",\"datePublished\":\"2025-01-22T19:42:24+00:00\",\"dateModified\":\"2025-02-21T14:39:44+00:00\",\"author\":{\"@id\":\"https:\\\/\\\/derechoshumanosyempresas.cl\\\/#\\\/schema\\\/person\\\/6476dd2bd26bc2ab59a33de40c2c2baa\"},\"description\":\"Seminario internacional pone en el centro la relaci\u00f3n entre derechos humanos y empresas, sus desaf\u00edos y oportunidades\",\"breadcrumb\":{\"@id\":\"https:\\\/\\\/derechoshumanosyempresas.cl\\\/index.php\\\/2025\\\/01\\\/22\\\/seminario-internacional-pone-en-el-centro-la-relacion-entre-derechos-humanos-y-empresas-sus-desafios-y-oportunidades\\\/#breadcrumb\"},\"inLanguage\":\"es\",\"potentialAction\":[{\"@type\":\"ReadAction\",\"target\":[\"https:\\\/\\\/derechoshumanosyempresas.cl\\\/index.php\\\/2025\\\/01\\\/22\\\/seminario-internacional-pone-en-el-centro-la-relacion-entre-derechos-humanos-y-empresas-sus-desafios-y-oportunidades\\\/\"]}]},{\"@type\":\"ImageObject\",\"inLanguage\":\"es\",\"@id\":\"https:\\\/\\\/derechoshumanosyempresas.cl\\\/index.php\\\/2025\\\/01\\\/22\\\/seminario-internacional-pone-en-el-centro-la-relacion-entre-derechos-humanos-y-empresas-sus-desafios-y-oportunidades\\\/#primaryimage\",\"url\":\"https:\\\/\\\/derechoshumanosyempresas.cl\\\/wp-content\\\/uploads\\\/2025\\\/01\\\/IMG_4338-scaled.jpg\",\"contentUrl\":\"https:\\\/\\\/derechoshumanosyempresas.cl\\\/wp-content\\\/uploads\\\/2025\\\/01\\\/IMG_4338-scaled.jpg\",\"width\":2560,\"height\":1920},{\"@type\":\"BreadcrumbList\",\"@id\":\"https:\\\/\\\/derechoshumanosyempresas.cl\\\/index.php\\\/2025\\\/01\\\/22\\\/seminario-internacional-pone-en-el-centro-la-relacion-entre-derechos-humanos-y-empresas-sus-desafios-y-oportunidades\\\/#breadcrumb\",\"itemListElement\":[{\"@type\":\"ListItem\",\"position\":1,\"name\":\"Portada\",\"item\":\"https:\\\/\\\/derechoshumanosyempresas.cl\\\/\"},{\"@type\":\"ListItem\",\"position\":2,\"name\":\"Seminario internacional pone en el centro la relaci\u00f3n entre derechos humanos y empresas, sus desaf\u00edos y oportunidades\"}]},{\"@type\":\"WebSite\",\"@id\":\"https:\\\/\\\/derechoshumanosyempresas.cl\\\/#website\",\"url\":\"https:\\\/\\\/derechoshumanosyempresas.cl\\\/\",\"name\":\"Plataforma Chilena de la Sociedad Civil de Derechos Humanos y Empresas\",\"description\":\"\",\"potentialAction\":[{\"@type\":\"SearchAction\",\"target\":{\"@type\":\"EntryPoint\",\"urlTemplate\":\"https:\\\/\\\/derechoshumanosyempresas.cl\\\/?s={search_term_string}\"},\"query-input\":{\"@type\":\"PropertyValueSpecification\",\"valueRequired\":true,\"valueName\":\"search_term_string\"}}],\"inLanguage\":\"es\"},{\"@type\":\"Person\",\"@id\":\"https:\\\/\\\/derechoshumanosyempresas.cl\\\/#\\\/schema\\\/person\\\/6476dd2bd26bc2ab59a33de40c2c2baa\",\"name\":\"admin\",\"image\":{\"@type\":\"ImageObject\",\"inLanguage\":\"es\",\"@id\":\"https:\\\/\\\/secure.gravatar.com\\\/avatar\\\/e482226d0b315127399077d5c4b71da7603e497013d2412b38a9884e70d87e81?s=96&d=mm&r=g\",\"url\":\"https:\\\/\\\/secure.gravatar.com\\\/avatar\\\/e482226d0b315127399077d5c4b71da7603e497013d2412b38a9884e70d87e81?s=96&d=mm&r=g\",\"contentUrl\":\"https:\\\/\\\/secure.gravatar.com\\\/avatar\\\/e482226d0b315127399077d5c4b71da7603e497013d2412b38a9884e70d87e81?s=96&d=mm&r=g\",\"caption\":\"admin\"},\"sameAs\":[\"https:\\\/\\\/derechoshumanosyempresas.cl\"],\"url\":\"https:\\\/\\\/derechoshumanosyempresas.cl\\\/index.php\\\/author\\\/admin\\\/\"}]}<\/script>\n<!-- \/ Yoast SEO plugin. -->","yoast_head_json":{"title":"Seminario internacional sobre derechos humanos y empresas","description":"Seminario internacional pone en el centro la relaci\u00f3n entre derechos humanos y empresas, sus desaf\u00edos y oportunidades","robots":{"index":"index","follow":"follow","max-snippet":"max-snippet:-1","max-image-preview":"max-image-preview:large","max-video-preview":"max-video-preview:-1"},"canonical":"https:\/\/derechoshumanosyempresas.cl\/index.php\/2025\/01\/22\/seminario-internacional-pone-en-el-centro-la-relacion-entre-derechos-humanos-y-empresas-sus-desafios-y-oportunidades\/","og_locale":"es_ES","og_type":"article","og_title":"Seminario internacional sobre derechos humanos y empresas","og_description":"Seminario internacional pone en el centro la relaci\u00f3n entre derechos humanos y empresas, sus desaf\u00edos y oportunidades","og_url":"https:\/\/derechoshumanosyempresas.cl\/index.php\/2025\/01\/22\/seminario-internacional-pone-en-el-centro-la-relacion-entre-derechos-humanos-y-empresas-sus-desafios-y-oportunidades\/","og_site_name":"Plataforma Chilena de la Sociedad Civil de Derechos Humanos y Empresas","article_published_time":"2025-01-22T19:42:24+00:00","article_modified_time":"2025-02-21T14:39:44+00:00","og_image":[{"width":2560,"height":1920,"url":"https:\/\/derechoshumanosyempresas.cl\/wp-content\/uploads\/2025\/01\/IMG_4338-scaled.jpg","type":"image\/jpeg"}],"author":"admin","twitter_card":"summary_large_image","twitter_misc":{"Escrito por":"admin","Tiempo de lectura":"5 minutos"},"schema":{"@context":"https:\/\/schema.org","@graph":[{"@type":"Article","@id":"https:\/\/derechoshumanosyempresas.cl\/index.php\/2025\/01\/22\/seminario-internacional-pone-en-el-centro-la-relacion-entre-derechos-humanos-y-empresas-sus-desafios-y-oportunidades\/#article","isPartOf":{"@id":"https:\/\/derechoshumanosyempresas.cl\/index.php\/2025\/01\/22\/seminario-internacional-pone-en-el-centro-la-relacion-entre-derechos-humanos-y-empresas-sus-desafios-y-oportunidades\/"},"author":{"name":"admin","@id":"https:\/\/derechoshumanosyempresas.cl\/#\/schema\/person\/6476dd2bd26bc2ab59a33de40c2c2baa"},"headline":"Seminario internacional pone en el centro la relaci\u00f3n entre derechos humanos y empresas, sus desaf\u00edos y oportunidades","datePublished":"2025-01-22T19:42:24+00:00","dateModified":"2025-02-21T14:39:44+00:00","mainEntityOfPage":{"@id":"https:\/\/derechoshumanosyempresas.cl\/index.php\/2025\/01\/22\/seminario-internacional-pone-en-el-centro-la-relacion-entre-derechos-humanos-y-empresas-sus-desafios-y-oportunidades\/"},"wordCount":833,"commentCount":0,"image":{"@id":"https:\/\/derechoshumanosyempresas.cl\/index.php\/2025\/01\/22\/seminario-internacional-pone-en-el-centro-la-relacion-entre-derechos-humanos-y-empresas-sus-desafios-y-oportunidades\/#primaryimage"},"thumbnailUrl":"https:\/\/derechoshumanosyempresas.cl\/wp-content\/uploads\/2025\/01\/IMG_4338-scaled.jpg","keywords":["actividad empresarial","derechos humanos","derechos humanos y empresas","plataforma ddhh"],"articleSection":["De \u00ednteres","Noticias","Portada"],"inLanguage":"es","potentialAction":[{"@type":"CommentAction","name":"Comment","target":["https:\/\/derechoshumanosyempresas.cl\/index.php\/2025\/01\/22\/seminario-internacional-pone-en-el-centro-la-relacion-entre-derechos-humanos-y-empresas-sus-desafios-y-oportunidades\/#respond"]}]},{"@type":"WebPage","@id":"https:\/\/derechoshumanosyempresas.cl\/index.php\/2025\/01\/22\/seminario-internacional-pone-en-el-centro-la-relacion-entre-derechos-humanos-y-empresas-sus-desafios-y-oportunidades\/","url":"https:\/\/derechoshumanosyempresas.cl\/index.php\/2025\/01\/22\/seminario-internacional-pone-en-el-centro-la-relacion-entre-derechos-humanos-y-empresas-sus-desafios-y-oportunidades\/","name":"Seminario internacional sobre derechos humanos y empresas","isPartOf":{"@id":"https:\/\/derechoshumanosyempresas.cl\/#website"},"primaryImageOfPage":{"@id":"https:\/\/derechoshumanosyempresas.cl\/index.php\/2025\/01\/22\/seminario-internacional-pone-en-el-centro-la-relacion-entre-derechos-humanos-y-empresas-sus-desafios-y-oportunidades\/#primaryimage"},"image":{"@id":"https:\/\/derechoshumanosyempresas.cl\/index.php\/2025\/01\/22\/seminario-internacional-pone-en-el-centro-la-relacion-entre-derechos-humanos-y-empresas-sus-desafios-y-oportunidades\/#primaryimage"},"thumbnailUrl":"https:\/\/derechoshumanosyempresas.cl\/wp-content\/uploads\/2025\/01\/IMG_4338-scaled.jpg","datePublished":"2025-01-22T19:42:24+00:00","dateModified":"2025-02-21T14:39:44+00:00","author":{"@id":"https:\/\/derechoshumanosyempresas.cl\/#\/schema\/person\/6476dd2bd26bc2ab59a33de40c2c2baa"},"description":"Seminario internacional pone en el centro la relaci\u00f3n entre derechos humanos y empresas, sus desaf\u00edos y oportunidades","breadcrumb":{"@id":"https:\/\/derechoshumanosyempresas.cl\/index.php\/2025\/01\/22\/seminario-internacional-pone-en-el-centro-la-relacion-entre-derechos-humanos-y-empresas-sus-desafios-y-oportunidades\/#breadcrumb"},"inLanguage":"es","potentialAction":[{"@type":"ReadAction","target":["https:\/\/derechoshumanosyempresas.cl\/index.php\/2025\/01\/22\/seminario-internacional-pone-en-el-centro-la-relacion-entre-derechos-humanos-y-empresas-sus-desafios-y-oportunidades\/"]}]},{"@type":"ImageObject","inLanguage":"es","@id":"https:\/\/derechoshumanosyempresas.cl\/index.php\/2025\/01\/22\/seminario-internacional-pone-en-el-centro-la-relacion-entre-derechos-humanos-y-empresas-sus-desafios-y-oportunidades\/#primaryimage","url":"https:\/\/derechoshumanosyempresas.cl\/wp-content\/uploads\/2025\/01\/IMG_4338-scaled.jpg","contentUrl":"https:\/\/derechoshumanosyempresas.cl\/wp-content\/uploads\/2025\/01\/IMG_4338-scaled.jpg","width":2560,"height":1920},{"@type":"BreadcrumbList","@id":"https:\/\/derechoshumanosyempresas.cl\/index.php\/2025\/01\/22\/seminario-internacional-pone-en-el-centro-la-relacion-entre-derechos-humanos-y-empresas-sus-desafios-y-oportunidades\/#breadcrumb","itemListElement":[{"@type":"ListItem","position":1,"name":"Portada","item":"https:\/\/derechoshumanosyempresas.cl\/"},{"@type":"ListItem","position":2,"name":"Seminario internacional pone en el centro la relaci\u00f3n entre derechos humanos y empresas, sus desaf\u00edos y oportunidades"}]},{"@type":"WebSite","@id":"https:\/\/derechoshumanosyempresas.cl\/#website","url":"https:\/\/derechoshumanosyempresas.cl\/","name":"Plataforma Chilena de la Sociedad Civil de Derechos Humanos y Empresas","description":"","potentialAction":[{"@type":"SearchAction","target":{"@type":"EntryPoint","urlTemplate":"https:\/\/derechoshumanosyempresas.cl\/?s={search_term_string}"},"query-input":{"@type":"PropertyValueSpecification","valueRequired":true,"valueName":"search_term_string"}}],"inLanguage":"es"},{"@type":"Person","@id":"https:\/\/derechoshumanosyempresas.cl\/#\/schema\/person\/6476dd2bd26bc2ab59a33de40c2c2baa","name":"admin","image":{"@type":"ImageObject","inLanguage":"es","@id":"https:\/\/secure.gravatar.com\/avatar\/e482226d0b315127399077d5c4b71da7603e497013d2412b38a9884e70d87e81?s=96&d=mm&r=g","url":"https:\/\/secure.gravatar.com\/avatar\/e482226d0b315127399077d5c4b71da7603e497013d2412b38a9884e70d87e81?s=96&d=mm&r=g","contentUrl":"https:\/\/secure.gravatar.com\/avatar\/e482226d0b315127399077d5c4b71da7603e497013d2412b38a9884e70d87e81?s=96&d=mm&r=g","caption":"admin"},"sameAs":["https:\/\/derechoshumanosyempresas.cl"],"url":"https:\/\/derechoshumanosyempresas.cl\/index.php\/author\/admin\/"}]}},"wpmagazine_modules_lite_featured_media_urls":{"thumbnail":["https:\/\/derechoshumanosyempresas.cl\/wp-content\/uploads\/2025\/01\/IMG_4338-150x150.jpg",150,150,true],"cvmm-medium":["https:\/\/derechoshumanosyempresas.cl\/wp-content\/uploads\/2025\/01\/IMG_4338-300x300.jpg",300,300,true],"cvmm-medium-plus":["https:\/\/derechoshumanosyempresas.cl\/wp-content\/uploads\/2025\/01\/IMG_4338-305x207.jpg",305,207,true],"cvmm-portrait":["https:\/\/derechoshumanosyempresas.cl\/wp-content\/uploads\/2025\/01\/IMG_4338-400x600.jpg",400,600,true],"cvmm-medium-square":["https:\/\/derechoshumanosyempresas.cl\/wp-content\/uploads\/2025\/01\/IMG_4338-600x600.jpg",600,600,true],"cvmm-large":["https:\/\/derechoshumanosyempresas.cl\/wp-content\/uploads\/2025\/01\/IMG_4338-1024x1024.jpg",1024,1024,true],"cvmm-small":["https:\/\/derechoshumanosyempresas.cl\/wp-content\/uploads\/2025\/01\/IMG_4338-130x95.jpg",130,95,true],"full":["https:\/\/derechoshumanosyempresas.cl\/wp-content\/uploads\/2025\/01\/IMG_4338-scaled.jpg",2560,1920,false]},"categories_names":{"82":{"name":"De \u00ednteres","link":"https:\/\/derechoshumanosyempresas.cl\/index.php\/category\/de-interes\/"},"43":{"name":"Noticias","link":"https:\/\/derechoshumanosyempresas.cl\/index.php\/category\/centro-de-informacion\/"},"47":{"name":"Portada","link":"https:\/\/derechoshumanosyempresas.cl\/index.php\/category\/portada\/"}},"tags_names":{"107":{"name":"actividad empresarial","link":"https:\/\/derechoshumanosyempresas.cl\/index.php\/tag\/actividad-empresarial\/"},"83":{"name":"derechos humanos","link":"https:\/\/derechoshumanosyempresas.cl\/index.php\/tag\/derechos-humanos\/"},"86":{"name":"derechos humanos y empresas","link":"https:\/\/derechoshumanosyempresas.cl\/index.php\/tag\/derechos-humanos-y-empresas\/"},"106":{"name":"plataforma ddhh","link":"https:\/\/derechoshumanosyempresas.cl\/index.php\/tag\/plataforma-ddhh\/"}},"comments_number":"0","_links":{"self":[{"href":"https:\/\/derechoshumanosyempresas.cl\/index.php\/wp-json\/wp\/v2\/posts\/2430","targetHints":{"allow":["GET"]}}],"collection":[{"href":"https:\/\/derechoshumanosyempresas.cl\/index.php\/wp-json\/wp\/v2\/posts"}],"about":[{"href":"https:\/\/derechoshumanosyempresas.cl\/index.php\/wp-json\/wp\/v2\/types\/post"}],"author":[{"embeddable":true,"href":"https:\/\/derechoshumanosyempresas.cl\/index.php\/wp-json\/wp\/v2\/users\/1"}],"replies":[{"embeddable":true,"href":"https:\/\/derechoshumanosyempresas.cl\/index.php\/wp-json\/wp\/v2\/comments?post=2430"}],"version-history":[{"count":0,"href":"https:\/\/derechoshumanosyempresas.cl\/index.php\/wp-json\/wp\/v2\/posts\/2430\/revisions"}],"wp:featuredmedia":[{"embeddable":true,"href":"https:\/\/derechoshumanosyempresas.cl\/index.php\/wp-json\/wp\/v2\/media\/2431"}],"wp:attachment":[{"href":"https:\/\/derechoshumanosyempresas.cl\/index.php\/wp-json\/wp\/v2\/media?parent=2430"}],"wp:term":[{"taxonomy":"category","embeddable":true,"href":"https:\/\/derechoshumanosyempresas.cl\/index.php\/wp-json\/wp\/v2\/categories?post=2430"},{"taxonomy":"post_tag","embeddable":true,"href":"https:\/\/derechoshumanosyempresas.cl\/index.php\/wp-json\/wp\/v2\/tags?post=2430"}],"curies":[{"name":"wp","href":"https:\/\/api.w.org\/{rel}","templated":true}]}}