{"id":2424,"date":"2025-01-14T20:22:00","date_gmt":"2025-01-14T20:22:00","guid":{"rendered":"https:\/\/derechoshumanosyempresas.cl\/?p=2424"},"modified":"2025-02-21T14:45:09","modified_gmt":"2025-02-21T14:45:09","slug":"declaracion-publica-3","status":"publish","type":"post","link":"https:\/\/derechoshumanosyempresas.cl\/index.php\/2025\/01\/14\/declaracion-publica-3\/","title":{"rendered":"DECLARACI\u00d3N P\u00daBLICA"},"content":{"rendered":"<p><span style=\"font-weight: 400;\">Las organizaciones que conformamos la Plataforma Chilena de la Sociedad Civil sobre Derechos Humanos y Empresas, expresamos nuestra mayor preocupaci\u00f3n <\/span><b>por las declaraciones emitidas por Jos\u00e9 Antonio Kast en contra de Mat\u00edas As\u00fan director de Campa\u00f1a en Chile, Argentina y Colombia de <a href=\"https:\/\/www.greenpeace.org\/chile\/\" target=\"_blank\" rel=\"noopener\">Greenpeace<\/a> y un reconocido defensor de los derechos humanos ambientales.<\/b><\/p>\n<p><span style=\"font-weight: 400;\">Es grave que una persona que pretende ser Presidente de Chile declare que \u00abinvitar\u00eda a irse del pa\u00eds\u00bb a un ciudadano chileno que piensa distinto. Eso ocurri\u00f3 en el pasado reciente y no fue algo de lo que nos podamos sentir orgullosos.\u00a0<\/span><\/p>\n<p><span style=\"font-weight: 400;\">Las palabras de Mat\u00edas As\u00fan han sido sacadas de contexto en reiteradas ocasiones. En este caso, Kast afirm\u00f3 que As\u00fan podr\u00eda sumar dos mil d\u00edas de tramitaci\u00f3n \u00abporque tiene ganas\u00bb. Sin embargo, lo cierto es que, en la declaraci\u00f3n mencionada, realizada en el marco de un di\u00e1logo democr\u00e1tico durante una exposici\u00f3n en el Congreso sobre la discusi\u00f3n del proyecto de ley de reforma al <a href=\"https:\/\/www.sea.gob.cl\/que-es-el-seia-0\" target=\"_blank\" rel=\"noopener\">Sistema de Evaluaci\u00f3n de Impacto Ambiental (SEIA)<\/a>, <\/span><b>As\u00fan se refiri\u00f3 espec\u00edficamente a proyectos contaminantes que no cumplen con la legislaci\u00f3n nacional. Esto se enmarca en una campa\u00f1a orquestada con el objetivo de desacreditar el trabajo de diversas organizaciones de la sociedad civil.<\/b><\/p>\n<p><span style=\"font-weight: 400;\">Los l\u00edderes pol\u00edticos del pa\u00eds no pueden hacer eco de fake news o ir propagando desinformaci\u00f3n. Es clave subir el est\u00e1ndar de las conversaciones, incluso desde el disenso. En este sentido, las empresas deben empujar proyectos que busquen mejorar la calidad de vida de las personas en el pa\u00eds y que cumplan con la normativa ambiental.\u00a0<\/span><\/p>\n<p><b>Es un error creer que las leyes, los funcionarios p\u00fablicos o los ambientalistas son los responsables de la judicializaci\u00f3n y el retraso de los proyectos de inversi\u00f3n. <\/b><span style=\"font-weight: 400;\">Esto resulta especialmente evidente cuando los proyectos que registran mayores demoras son, en su mayor\u00eda, aquellos que no cuentan con el respaldo de las comunidades donde se pretende llevarlos a cabo. Adem\u00e1s, muchas veces son las propias empresas las que, desde el inicio, presentan proyectos con informaci\u00f3n insuficiente y solicitan pr\u00f3rrogas constantes para cumplir con lo que exige la ley.<\/span><\/p>\n<p><b>Invitamos a que otras organizaciones de la sociedad civil denuncien este tipo de acciones que claramente afecta nuestra convivencia democr\u00e1tica.<\/b><\/p>\n<p><span style=\"font-weight: 400;\">Le entregamos nuestra solidaridad a Mat\u00edas As\u00fan y reconocemos en su trabajo de a\u00f1os, el compromiso por proteger y defender los derechos humanos de m\u00faltiples comunidades que se ven afectadas por actividades no deseadas.\u00a0<\/span><\/p>\n<p><b>Plataforma Chilena de la Sociedad Civil sobre Derechos Humanos y Empresas<\/b><\/p>\n<p>Revisa aqu\u00ed la declaraci\u00f3n en PDF:<\/p>\n<a href=\"https:\/\/derechoshumanosyempresas.cl\/wp-content\/uploads\/2025\/01\/Declaracion-Publica-Plataforma-por-Matias-Asun.docx.pdf\" class=\"pdfemb-viewer\" style=\"\" data-width=\"max\" data-height=\"max\" data-toolbar=\"both\" data-toolbar-fixed=\"on\">Declaraci\u00f3n P\u00fablica Plataforma por Mat\u00edas As\u00fan.docx<\/a>\n","protected":false},"excerpt":{"rendered":"<p>Las organizaciones que conformamos la Plataforma Chilena de la Sociedad Civil sobre Derechos Humanos y Empresas, expresamos nuestra mayor preocupaci\u00f3n por las [&hellip;]<\/p>\n","protected":false},"author":1,"featured_media":2425,"comment_status":"open","ping_status":"open","sticky":false,"template":"","format":"standard","meta":{"footnotes":""},"categories":[43,47],"tags":[105,83,104],"class_list":["post-2424","post","type-post","status-publish","format-standard","has-post-thumbnail","hentry","category-centro-de-informacion","category-portada","tag-defensa-ambiental","tag-derechos-humanos","tag-greenpeace"],"yoast_head":"<!-- This site is optimized with the Yoast SEO plugin v27.4 - https:\/\/yoast.com\/product\/yoast-seo-wordpress\/ -->\n<title>Declaraci\u00f3n P\u00fablica en apoyo de Mat\u00edas As\u00fan<\/title>\n<meta name=\"description\" content=\"La Plataforma de DDHH y Empresas declara su preocupaci\u00f3n por las palabras de Jos\u00e9 Antonio Kast en contra de Mat\u00edas As\u00fan de Greenpeace\" \/>\n<meta name=\"robots\" content=\"index, follow, max-snippet:-1, max-image-preview:large, max-video-preview:-1\" \/>\n<link rel=\"canonical\" href=\"https:\/\/derechoshumanosyempresas.cl\/index.php\/2025\/01\/14\/declaracion-publica-3\/\" \/>\n<meta property=\"og:locale\" content=\"es_ES\" \/>\n<meta property=\"og:type\" content=\"article\" \/>\n<meta property=\"og:title\" content=\"Declaraci\u00f3n P\u00fablica en apoyo de Mat\u00edas As\u00fan\" \/>\n<meta property=\"og:description\" content=\"La Plataforma de DDHH y Empresas declara su preocupaci\u00f3n por las palabras de Jos\u00e9 Antonio Kast en contra de Mat\u00edas As\u00fan de Greenpeace\" \/>\n<meta property=\"og:url\" content=\"https:\/\/derechoshumanosyempresas.cl\/index.php\/2025\/01\/14\/declaracion-publica-3\/\" \/>\n<meta property=\"og:site_name\" content=\"Plataforma Chilena de la Sociedad Civil de Derechos Humanos y Empresas\" \/>\n<meta property=\"article:published_time\" content=\"2025-01-14T20:22:00+00:00\" \/>\n<meta property=\"article:modified_time\" content=\"2025-02-21T14:45:09+00:00\" \/>\n<meta property=\"og:image\" content=\"https:\/\/derechoshumanosyempresas.cl\/wp-content\/uploads\/2025\/01\/matias-asun.jpg\" \/>\n\t<meta property=\"og:image:width\" content=\"1531\" \/>\n\t<meta property=\"og:image:height\" content=\"790\" \/>\n\t<meta property=\"og:image:type\" content=\"image\/jpeg\" \/>\n<meta name=\"author\" content=\"admin\" \/>\n<meta name=\"twitter:card\" content=\"summary_large_image\" \/>\n<meta name=\"twitter:label1\" content=\"Escrito por\" \/>\n\t<meta name=\"twitter:data1\" content=\"admin\" \/>\n\t<meta name=\"twitter:label2\" content=\"Tiempo de lectura\" \/>\n\t<meta name=\"twitter:data2\" content=\"3 minutos\" \/>\n<script type=\"application\/ld+json\" class=\"yoast-schema-graph\">{\"@context\":\"https:\\\/\\\/schema.org\",\"@graph\":[{\"@type\":\"Article\",\"@id\":\"https:\\\/\\\/derechoshumanosyempresas.cl\\\/index.php\\\/2025\\\/01\\\/14\\\/declaracion-publica-3\\\/#article\",\"isPartOf\":{\"@id\":\"https:\\\/\\\/derechoshumanosyempresas.cl\\\/index.php\\\/2025\\\/01\\\/14\\\/declaracion-publica-3\\\/\"},\"author\":{\"name\":\"admin\",\"@id\":\"https:\\\/\\\/derechoshumanosyempresas.cl\\\/#\\\/schema\\\/person\\\/6476dd2bd26bc2ab59a33de40c2c2baa\"},\"headline\":\"DECLARACI\u00d3N P\u00daBLICA\",\"datePublished\":\"2025-01-14T20:22:00+00:00\",\"dateModified\":\"2025-02-21T14:45:09+00:00\",\"mainEntityOfPage\":{\"@id\":\"https:\\\/\\\/derechoshumanosyempresas.cl\\\/index.php\\\/2025\\\/01\\\/14\\\/declaracion-publica-3\\\/\"},\"wordCount\":481,\"commentCount\":0,\"image\":{\"@id\":\"https:\\\/\\\/derechoshumanosyempresas.cl\\\/index.php\\\/2025\\\/01\\\/14\\\/declaracion-publica-3\\\/#primaryimage\"},\"thumbnailUrl\":\"https:\\\/\\\/derechoshumanosyempresas.cl\\\/wp-content\\\/uploads\\\/2025\\\/01\\\/matias-asun.jpg\",\"keywords\":[\"defensa ambiental\",\"derechos humanos\",\"greenpeace\"],\"articleSection\":[\"Noticias\",\"Portada\"],\"inLanguage\":\"es\",\"potentialAction\":[{\"@type\":\"CommentAction\",\"name\":\"Comment\",\"target\":[\"https:\\\/\\\/derechoshumanosyempresas.cl\\\/index.php\\\/2025\\\/01\\\/14\\\/declaracion-publica-3\\\/#respond\"]}]},{\"@type\":\"WebPage\",\"@id\":\"https:\\\/\\\/derechoshumanosyempresas.cl\\\/index.php\\\/2025\\\/01\\\/14\\\/declaracion-publica-3\\\/\",\"url\":\"https:\\\/\\\/derechoshumanosyempresas.cl\\\/index.php\\\/2025\\\/01\\\/14\\\/declaracion-publica-3\\\/\",\"name\":\"Declaraci\u00f3n P\u00fablica en apoyo de Mat\u00edas As\u00fan\",\"isPartOf\":{\"@id\":\"https:\\\/\\\/derechoshumanosyempresas.cl\\\/#website\"},\"primaryImageOfPage\":{\"@id\":\"https:\\\/\\\/derechoshumanosyempresas.cl\\\/index.php\\\/2025\\\/01\\\/14\\\/declaracion-publica-3\\\/#primaryimage\"},\"image\":{\"@id\":\"https:\\\/\\\/derechoshumanosyempresas.cl\\\/index.php\\\/2025\\\/01\\\/14\\\/declaracion-publica-3\\\/#primaryimage\"},\"thumbnailUrl\":\"https:\\\/\\\/derechoshumanosyempresas.cl\\\/wp-content\\\/uploads\\\/2025\\\/01\\\/matias-asun.jpg\",\"datePublished\":\"2025-01-14T20:22:00+00:00\",\"dateModified\":\"2025-02-21T14:45:09+00:00\",\"author\":{\"@id\":\"https:\\\/\\\/derechoshumanosyempresas.cl\\\/#\\\/schema\\\/person\\\/6476dd2bd26bc2ab59a33de40c2c2baa\"},\"description\":\"La Plataforma de DDHH y Empresas declara su preocupaci\u00f3n por las palabras de Jos\u00e9 Antonio Kast en contra de Mat\u00edas As\u00fan de Greenpeace\",\"breadcrumb\":{\"@id\":\"https:\\\/\\\/derechoshumanosyempresas.cl\\\/index.php\\\/2025\\\/01\\\/14\\\/declaracion-publica-3\\\/#breadcrumb\"},\"inLanguage\":\"es\",\"potentialAction\":[{\"@type\":\"ReadAction\",\"target\":[\"https:\\\/\\\/derechoshumanosyempresas.cl\\\/index.php\\\/2025\\\/01\\\/14\\\/declaracion-publica-3\\\/\"]}]},{\"@type\":\"ImageObject\",\"inLanguage\":\"es\",\"@id\":\"https:\\\/\\\/derechoshumanosyempresas.cl\\\/index.php\\\/2025\\\/01\\\/14\\\/declaracion-publica-3\\\/#primaryimage\",\"url\":\"https:\\\/\\\/derechoshumanosyempresas.cl\\\/wp-content\\\/uploads\\\/2025\\\/01\\\/matias-asun.jpg\",\"contentUrl\":\"https:\\\/\\\/derechoshumanosyempresas.cl\\\/wp-content\\\/uploads\\\/2025\\\/01\\\/matias-asun.jpg\",\"width\":1531,\"height\":790},{\"@type\":\"BreadcrumbList\",\"@id\":\"https:\\\/\\\/derechoshumanosyempresas.cl\\\/index.php\\\/2025\\\/01\\\/14\\\/declaracion-publica-3\\\/#breadcrumb\",\"itemListElement\":[{\"@type\":\"ListItem\",\"position\":1,\"name\":\"Portada\",\"item\":\"https:\\\/\\\/derechoshumanosyempresas.cl\\\/\"},{\"@type\":\"ListItem\",\"position\":2,\"name\":\"DECLARACI\u00d3N P\u00daBLICA\"}]},{\"@type\":\"WebSite\",\"@id\":\"https:\\\/\\\/derechoshumanosyempresas.cl\\\/#website\",\"url\":\"https:\\\/\\\/derechoshumanosyempresas.cl\\\/\",\"name\":\"Plataforma Chilena de la Sociedad Civil de Derechos Humanos y Empresas\",\"description\":\"\",\"potentialAction\":[{\"@type\":\"SearchAction\",\"target\":{\"@type\":\"EntryPoint\",\"urlTemplate\":\"https:\\\/\\\/derechoshumanosyempresas.cl\\\/?s={search_term_string}\"},\"query-input\":{\"@type\":\"PropertyValueSpecification\",\"valueRequired\":true,\"valueName\":\"search_term_string\"}}],\"inLanguage\":\"es\"},{\"@type\":\"Person\",\"@id\":\"https:\\\/\\\/derechoshumanosyempresas.cl\\\/#\\\/schema\\\/person\\\/6476dd2bd26bc2ab59a33de40c2c2baa\",\"name\":\"admin\",\"image\":{\"@type\":\"ImageObject\",\"inLanguage\":\"es\",\"@id\":\"https:\\\/\\\/secure.gravatar.com\\\/avatar\\\/e482226d0b315127399077d5c4b71da7603e497013d2412b38a9884e70d87e81?s=96&d=mm&r=g\",\"url\":\"https:\\\/\\\/secure.gravatar.com\\\/avatar\\\/e482226d0b315127399077d5c4b71da7603e497013d2412b38a9884e70d87e81?s=96&d=mm&r=g\",\"contentUrl\":\"https:\\\/\\\/secure.gravatar.com\\\/avatar\\\/e482226d0b315127399077d5c4b71da7603e497013d2412b38a9884e70d87e81?s=96&d=mm&r=g\",\"caption\":\"admin\"},\"sameAs\":[\"https:\\\/\\\/derechoshumanosyempresas.cl\"],\"url\":\"https:\\\/\\\/derechoshumanosyempresas.cl\\\/index.php\\\/author\\\/admin\\\/\"}]}<\/script>\n<!-- \/ Yoast SEO plugin. -->","yoast_head_json":{"title":"Declaraci\u00f3n P\u00fablica en apoyo de Mat\u00edas As\u00fan","description":"La Plataforma de DDHH y Empresas declara su preocupaci\u00f3n por las palabras de Jos\u00e9 Antonio Kast en contra de Mat\u00edas As\u00fan de Greenpeace","robots":{"index":"index","follow":"follow","max-snippet":"max-snippet:-1","max-image-preview":"max-image-preview:large","max-video-preview":"max-video-preview:-1"},"canonical":"https:\/\/derechoshumanosyempresas.cl\/index.php\/2025\/01\/14\/declaracion-publica-3\/","og_locale":"es_ES","og_type":"article","og_title":"Declaraci\u00f3n P\u00fablica en apoyo de Mat\u00edas As\u00fan","og_description":"La Plataforma de DDHH y Empresas declara su preocupaci\u00f3n por las palabras de Jos\u00e9 Antonio Kast en contra de Mat\u00edas As\u00fan de Greenpeace","og_url":"https:\/\/derechoshumanosyempresas.cl\/index.php\/2025\/01\/14\/declaracion-publica-3\/","og_site_name":"Plataforma Chilena de la Sociedad Civil de Derechos Humanos y Empresas","article_published_time":"2025-01-14T20:22:00+00:00","article_modified_time":"2025-02-21T14:45:09+00:00","og_image":[{"width":1531,"height":790,"url":"https:\/\/derechoshumanosyempresas.cl\/wp-content\/uploads\/2025\/01\/matias-asun.jpg","type":"image\/jpeg"}],"author":"admin","twitter_card":"summary_large_image","twitter_misc":{"Escrito por":"admin","Tiempo de lectura":"3 minutos"},"schema":{"@context":"https:\/\/schema.org","@graph":[{"@type":"Article","@id":"https:\/\/derechoshumanosyempresas.cl\/index.php\/2025\/01\/14\/declaracion-publica-3\/#article","isPartOf":{"@id":"https:\/\/derechoshumanosyempresas.cl\/index.php\/2025\/01\/14\/declaracion-publica-3\/"},"author":{"name":"admin","@id":"https:\/\/derechoshumanosyempresas.cl\/#\/schema\/person\/6476dd2bd26bc2ab59a33de40c2c2baa"},"headline":"DECLARACI\u00d3N P\u00daBLICA","datePublished":"2025-01-14T20:22:00+00:00","dateModified":"2025-02-21T14:45:09+00:00","mainEntityOfPage":{"@id":"https:\/\/derechoshumanosyempresas.cl\/index.php\/2025\/01\/14\/declaracion-publica-3\/"},"wordCount":481,"commentCount":0,"image":{"@id":"https:\/\/derechoshumanosyempresas.cl\/index.php\/2025\/01\/14\/declaracion-publica-3\/#primaryimage"},"thumbnailUrl":"https:\/\/derechoshumanosyempresas.cl\/wp-content\/uploads\/2025\/01\/matias-asun.jpg","keywords":["defensa ambiental","derechos humanos","greenpeace"],"articleSection":["Noticias","Portada"],"inLanguage":"es","potentialAction":[{"@type":"CommentAction","name":"Comment","target":["https:\/\/derechoshumanosyempresas.cl\/index.php\/2025\/01\/14\/declaracion-publica-3\/#respond"]}]},{"@type":"WebPage","@id":"https:\/\/derechoshumanosyempresas.cl\/index.php\/2025\/01\/14\/declaracion-publica-3\/","url":"https:\/\/derechoshumanosyempresas.cl\/index.php\/2025\/01\/14\/declaracion-publica-3\/","name":"Declaraci\u00f3n P\u00fablica en apoyo de Mat\u00edas As\u00fan","isPartOf":{"@id":"https:\/\/derechoshumanosyempresas.cl\/#website"},"primaryImageOfPage":{"@id":"https:\/\/derechoshumanosyempresas.cl\/index.php\/2025\/01\/14\/declaracion-publica-3\/#primaryimage"},"image":{"@id":"https:\/\/derechoshumanosyempresas.cl\/index.php\/2025\/01\/14\/declaracion-publica-3\/#primaryimage"},"thumbnailUrl":"https:\/\/derechoshumanosyempresas.cl\/wp-content\/uploads\/2025\/01\/matias-asun.jpg","datePublished":"2025-01-14T20:22:00+00:00","dateModified":"2025-02-21T14:45:09+00:00","author":{"@id":"https:\/\/derechoshumanosyempresas.cl\/#\/schema\/person\/6476dd2bd26bc2ab59a33de40c2c2baa"},"description":"La Plataforma de DDHH y Empresas declara su preocupaci\u00f3n por las palabras de Jos\u00e9 Antonio Kast en contra de Mat\u00edas As\u00fan de Greenpeace","breadcrumb":{"@id":"https:\/\/derechoshumanosyempresas.cl\/index.php\/2025\/01\/14\/declaracion-publica-3\/#breadcrumb"},"inLanguage":"es","potentialAction":[{"@type":"ReadAction","target":["https:\/\/derechoshumanosyempresas.cl\/index.php\/2025\/01\/14\/declaracion-publica-3\/"]}]},{"@type":"ImageObject","inLanguage":"es","@id":"https:\/\/derechoshumanosyempresas.cl\/index.php\/2025\/01\/14\/declaracion-publica-3\/#primaryimage","url":"https:\/\/derechoshumanosyempresas.cl\/wp-content\/uploads\/2025\/01\/matias-asun.jpg","contentUrl":"https:\/\/derechoshumanosyempresas.cl\/wp-content\/uploads\/2025\/01\/matias-asun.jpg","width":1531,"height":790},{"@type":"BreadcrumbList","@id":"https:\/\/derechoshumanosyempresas.cl\/index.php\/2025\/01\/14\/declaracion-publica-3\/#breadcrumb","itemListElement":[{"@type":"ListItem","position":1,"name":"Portada","item":"https:\/\/derechoshumanosyempresas.cl\/"},{"@type":"ListItem","position":2,"name":"DECLARACI\u00d3N P\u00daBLICA"}]},{"@type":"WebSite","@id":"https:\/\/derechoshumanosyempresas.cl\/#website","url":"https:\/\/derechoshumanosyempresas.cl\/","name":"Plataforma Chilena de la Sociedad Civil de Derechos Humanos y Empresas","description":"","potentialAction":[{"@type":"SearchAction","target":{"@type":"EntryPoint","urlTemplate":"https:\/\/derechoshumanosyempresas.cl\/?s={search_term_string}"},"query-input":{"@type":"PropertyValueSpecification","valueRequired":true,"valueName":"search_term_string"}}],"inLanguage":"es"},{"@type":"Person","@id":"https:\/\/derechoshumanosyempresas.cl\/#\/schema\/person\/6476dd2bd26bc2ab59a33de40c2c2baa","name":"admin","image":{"@type":"ImageObject","inLanguage":"es","@id":"https:\/\/secure.gravatar.com\/avatar\/e482226d0b315127399077d5c4b71da7603e497013d2412b38a9884e70d87e81?s=96&d=mm&r=g","url":"https:\/\/secure.gravatar.com\/avatar\/e482226d0b315127399077d5c4b71da7603e497013d2412b38a9884e70d87e81?s=96&d=mm&r=g","contentUrl":"https:\/\/secure.gravatar.com\/avatar\/e482226d0b315127399077d5c4b71da7603e497013d2412b38a9884e70d87e81?s=96&d=mm&r=g","caption":"admin"},"sameAs":["https:\/\/derechoshumanosyempresas.cl"],"url":"https:\/\/derechoshumanosyempresas.cl\/index.php\/author\/admin\/"}]}},"wpmagazine_modules_lite_featured_media_urls":{"thumbnail":["https:\/\/derechoshumanosyempresas.cl\/wp-content\/uploads\/2025\/01\/matias-asun-150x150.jpg",150,150,true],"cvmm-medium":["https:\/\/derechoshumanosyempresas.cl\/wp-content\/uploads\/2025\/01\/matias-asun-300x300.jpg",300,300,true],"cvmm-medium-plus":["https:\/\/derechoshumanosyempresas.cl\/wp-content\/uploads\/2025\/01\/matias-asun-305x207.jpg",305,207,true],"cvmm-portrait":["https:\/\/derechoshumanosyempresas.cl\/wp-content\/uploads\/2025\/01\/matias-asun-400x600.jpg",400,600,true],"cvmm-medium-square":["https:\/\/derechoshumanosyempresas.cl\/wp-content\/uploads\/2025\/01\/matias-asun-600x600.jpg",600,600,true],"cvmm-large":["https:\/\/derechoshumanosyempresas.cl\/wp-content\/uploads\/2025\/01\/matias-asun-1024x790.jpg",1024,790,true],"cvmm-small":["https:\/\/derechoshumanosyempresas.cl\/wp-content\/uploads\/2025\/01\/matias-asun-130x95.jpg",130,95,true],"full":["https:\/\/derechoshumanosyempresas.cl\/wp-content\/uploads\/2025\/01\/matias-asun.jpg",1531,790,false]},"categories_names":{"43":{"name":"Noticias","link":"https:\/\/derechoshumanosyempresas.cl\/index.php\/category\/centro-de-informacion\/"},"47":{"name":"Portada","link":"https:\/\/derechoshumanosyempresas.cl\/index.php\/category\/portada\/"}},"tags_names":{"105":{"name":"defensa ambiental","link":"https:\/\/derechoshumanosyempresas.cl\/index.php\/tag\/defensa-ambiental\/"},"83":{"name":"derechos humanos","link":"https:\/\/derechoshumanosyempresas.cl\/index.php\/tag\/derechos-humanos\/"},"104":{"name":"greenpeace","link":"https:\/\/derechoshumanosyempresas.cl\/index.php\/tag\/greenpeace\/"}},"comments_number":"0","_links":{"self":[{"href":"https:\/\/derechoshumanosyempresas.cl\/index.php\/wp-json\/wp\/v2\/posts\/2424","targetHints":{"allow":["GET"]}}],"collection":[{"href":"https:\/\/derechoshumanosyempresas.cl\/index.php\/wp-json\/wp\/v2\/posts"}],"about":[{"href":"https:\/\/derechoshumanosyempresas.cl\/index.php\/wp-json\/wp\/v2\/types\/post"}],"author":[{"embeddable":true,"href":"https:\/\/derechoshumanosyempresas.cl\/index.php\/wp-json\/wp\/v2\/users\/1"}],"replies":[{"embeddable":true,"href":"https:\/\/derechoshumanosyempresas.cl\/index.php\/wp-json\/wp\/v2\/comments?post=2424"}],"version-history":[{"count":0,"href":"https:\/\/derechoshumanosyempresas.cl\/index.php\/wp-json\/wp\/v2\/posts\/2424\/revisions"}],"wp:featuredmedia":[{"embeddable":true,"href":"https:\/\/derechoshumanosyempresas.cl\/index.php\/wp-json\/wp\/v2\/media\/2425"}],"wp:attachment":[{"href":"https:\/\/derechoshumanosyempresas.cl\/index.php\/wp-json\/wp\/v2\/media?parent=2424"}],"wp:term":[{"taxonomy":"category","embeddable":true,"href":"https:\/\/derechoshumanosyempresas.cl\/index.php\/wp-json\/wp\/v2\/categories?post=2424"},{"taxonomy":"post_tag","embeddable":true,"href":"https:\/\/derechoshumanosyempresas.cl\/index.php\/wp-json\/wp\/v2\/tags?post=2424"}],"curies":[{"name":"wp","href":"https:\/\/api.w.org\/{rel}","templated":true}]}}