{"id":2418,"date":"2025-01-13T22:12:56","date_gmt":"2025-01-13T22:12:56","guid":{"rendered":"https:\/\/derechoshumanosyempresas.cl\/?p=2418"},"modified":"2025-01-13T22:13:27","modified_gmt":"2025-01-13T22:13:27","slug":"seminario-internacional-abordara-los-desafios-de-los-derechos-humanos-en-el-ambito-empresarial","status":"publish","type":"post","link":"https:\/\/derechoshumanosyempresas.cl\/index.php\/2025\/01\/13\/seminario-internacional-abordara-los-desafios-de-los-derechos-humanos-en-el-ambito-empresarial\/","title":{"rendered":"Seminario Internacional abordar\u00e1 los desaf\u00edos de los Derechos Humanos en el \u00e1mbito empresarial"},"content":{"rendered":"<p><i><span style=\"font-weight: 400;\">El\u00a0 Seminario \u00abDerechos Humanos y Empresas: Aportes desde la Sociedad Civil\u00bb reunir\u00e1\u00a0 a destacados panelistas de diversos sectores para analizar los avances y desaf\u00edos como la debida diligencia en derechos humanos y la construcci\u00f3n de marcos m\u00e1s responsables en el \u00e1mbito empresarial.<\/span><\/i><\/p>\n<p><span style=\"font-weight: 400;\">El pr\u00f3ximo 17 de enero,<strong> la Plataforma Chilena de la Sociedad Civil sobre Derechos Humanos y Empresas, en el marco del Proyecto REDAR, llevar\u00e1 a cabo el Seminario Internacional \u201cDerechos Humanos y Empresas: Aportes desde la Sociedad Civil\u201d, financiado por la <a href=\"https:\/\/european-union.europa.eu\/index_es\" target=\"_blank\" rel=\"noopener\">Uni\u00f3n Europea<\/a>, <\/strong>que buscar ser un espacio clave para reflexionar sobre c\u00f3mo las actividades empresariales pueden y deben alinearse con los est\u00e1ndares internacionales de derechos humanos.\u00a0<\/span><\/p>\n<p><span style=\"font-weight: 400;\">Este evento contar\u00e1 con la participaci\u00f3n de representantes de organizaciones sociales, empresas, el gobierno y expertos internacionales, incluyendo una<strong> destacada ponencia de Enrique Fern\u00e1ndez-Maldonado Mujica<\/strong>, fundador de la Plataforma de Sociedad Civil sobre Empresas y Derechos Humanos de Per\u00fa. El expositor ha liderado iniciativas internacionales en el marco de los Principios Rectores de la ONU, colaborando con organismos multilaterales y siendo un referente en la implementaci\u00f3n de pol\u00edticas de debida diligencia empresarial en pa\u00edses de Am\u00e9rica Latina y Europa.<\/span><\/p>\n<p><span style=\"font-weight: 400;\">El encuentro se presenta como una <strong>oportunidad \u00fanica para profundizar en los desaf\u00edos actuales que enfrenta la regi\u00f3n de Latinoam\u00e9rica en esta materia, abordando tambi\u00e9n las lecciones aprendidas de otros pa\u00edses y explorando herramientas concretas que permitan avanzar hacia una mayor justicia social y ambiental.<\/strong> La jornada, que se desarrollar\u00e1 en formato h\u00edbrido, promete generar un di\u00e1logo abierto y constructivo entre los distintos actores clave de este \u00e1mbito.<\/span><\/p>\n<h3><b>Un espacio para visibilizar y profundizar<\/b><\/h3>\n<p><span style=\"font-weight: 400;\">Roberto Morales, coordinador de la Plataforma, enfatiz\u00f3 la importancia de generar mayor comprensi\u00f3n sobre este tema en Chile. <strong>\u201cEl concepto de Derechos Humanos y Empresas todav\u00eda es un concepto nuevo que no es entendido en t\u00e9rminos generales por la ciudadan\u00eda, es un concepto m\u00e1s bien de nicho.<\/strong> Por lo tanto, es muy importante visibilizarlo, dar a conocer qu\u00e9 elementos contiene. El tema de los derechos humanos en Chile no es f\u00e1cil de trabajar, y en el mundo empresarial es a\u00fan m\u00e1s complejo\u201d, se\u00f1al\u00f3.<\/span><\/p>\n<p><span style=\"font-weight: 400;\">El seminario no solo buscar\u00e1 generar un diagn\u00f3stico sobre la situaci\u00f3n actual de los derechos humanos en el \u00e1mbito empresarial a nivel global, regional y nacional<strong>, sino tambi\u00e9n promover el di\u00e1logo sobre herramientas como la <a href=\"https:\/\/derechoshumanosyempresas.cl\/?s=debida+diligencia\" target=\"_blank\" rel=\"noopener\">debida diligencia<\/a> en derechos humanos.<\/strong> \u201cChile tambi\u00e9n tiene un proyecto en construcci\u00f3n para implementar la debida diligencia en el mundo empresarial\u201d, a\u00f1adi\u00f3 Morales, destacando el potencial transformador de esta pr\u00e1ctica.<\/span><\/p>\n<h3><b>Perspectivas internacionales y avances regionales<\/b><\/h3>\n<p><span style=\"font-weight: 400;\">La ponencia principal estar\u00e1 a cargo de Enrique Fern\u00e1ndez-Maldonado Mujica, quien subray\u00f3 la necesidad de un cambio de paradigma en la actividad econ\u00f3mica empresarial. <strong>\u201cEn el actual contexto, esta no puede estar centrada \u00fanica y exclusivamente en la b\u00fasqueda de productividad, competitividad y rentabilidad, sino que debe poner en igual nivel de prioridad el respeto y cumplimiento de los derechos humanos y ambientales\u201d<\/strong>, afirm\u00f3. Adem\u00e1s, destac\u00f3 los avances normativos en pa\u00edses del Norte Global como Alemania, Francia y Noruega, que podr\u00edan servir de inspiraci\u00f3n para iniciativas en la regi\u00f3n.<\/span><\/p>\n<p><span style=\"font-weight: 400;\">\u201cEn pa\u00edses como Brasil, Colombia, M\u00e9xico, Per\u00fa, Argentina y tambi\u00e9n Chile, organizaciones de la sociedad civil y de la academia vienen trabajando iniciativas normativas y de pol\u00edticas p\u00fablicas que permitan darle continuidad a las medidas adoptadas en los Planes Nacionales de Acci\u00f3n sobre Empresas y Derechos Humanos, aprobados durante la \u00faltima d\u00e9cada y vigentes en algunos de estos pa\u00edses. <strong>Se ha llegado a la conclusi\u00f3n de que los marcos voluntarios y de autorregulaci\u00f3n no son suficientes para encauzar o alinear el comportamiento de las empresas a los est\u00e1ndares de derechos humanos<\/strong>, por lo que hace falta pol\u00edticas vinculantes que establezcan regulaciones m\u00e1s exigentes para evitar situaciones de afectaci\u00f3n o negligencia respecto de la debida diligencia\u201d, a\u00f1adi\u00f3 el experto.\u00a0<\/span><\/p>\n<p><span style=\"font-weight: 400;\">Fern\u00e1ndez-Maldonado tambi\u00e9n hizo hincapi\u00e9 en la urgencia de sensibilizar a la ciudadan\u00eda para fomentar conductas empresariales responsables. \u201cEs necesario que el consumo selectivo premie las buenas pr\u00e1cticas de debida diligencia y castigue los impactos negativos de las empresas sobre el medio ambiente y los derechos de las personas\u201d, coment\u00f3.<\/span><\/p>\n<p><img fetchpriority=\"high\" decoding=\"async\" class=\" wp-image-2419 aligncenter\" src=\"https:\/\/derechoshumanosyempresas.cl\/wp-content\/uploads\/2025\/01\/WhatsApp-Image-2025-01-13-at-18.45.12-300x200.jpeg\" alt=\"\" width=\"438\" height=\"292\" srcset=\"https:\/\/derechoshumanosyempresas.cl\/wp-content\/uploads\/2025\/01\/WhatsApp-Image-2025-01-13-at-18.45.12-300x200.jpeg 300w, https:\/\/derechoshumanosyempresas.cl\/wp-content\/uploads\/2025\/01\/WhatsApp-Image-2025-01-13-at-18.45.12-1024x682.jpeg 1024w, https:\/\/derechoshumanosyempresas.cl\/wp-content\/uploads\/2025\/01\/WhatsApp-Image-2025-01-13-at-18.45.12-768x512.jpeg 768w, https:\/\/derechoshumanosyempresas.cl\/wp-content\/uploads\/2025\/01\/WhatsApp-Image-2025-01-13-at-18.45.12-1536x1023.jpeg 1536w, https:\/\/derechoshumanosyempresas.cl\/wp-content\/uploads\/2025\/01\/WhatsApp-Image-2025-01-13-at-18.45.12-1000x666.jpeg 1000w, https:\/\/derechoshumanosyempresas.cl\/wp-content\/uploads\/2025\/01\/WhatsApp-Image-2025-01-13-at-18.45.12-230x153.jpeg 230w, https:\/\/derechoshumanosyempresas.cl\/wp-content\/uploads\/2025\/01\/WhatsApp-Image-2025-01-13-at-18.45.12-350x233.jpeg 350w, https:\/\/derechoshumanosyempresas.cl\/wp-content\/uploads\/2025\/01\/WhatsApp-Image-2025-01-13-at-18.45.12-480x320.jpeg 480w, https:\/\/derechoshumanosyempresas.cl\/wp-content\/uploads\/2025\/01\/WhatsApp-Image-2025-01-13-at-18.45.12.jpeg 1600w\" sizes=\"(max-width: 438px) 100vw, 438px\" \/><\/p>\n<h3><b>Un llamado a la acci\u00f3n colectiva<\/b><\/h3>\n<p><span style=\"font-weight: 400;\"><strong>El seminario incluir\u00e1 paneles sobre tem\u00e1ticas cruciales como derechos laborales, pueblos ind\u00edgenas, medio ambiente, y trata de personas,<\/strong> contando con la participaci\u00f3n de representantes de empresas, organismos internacionales y la sociedad civil.\u00a0<\/span><\/p>\n<p><span style=\"font-weight: 400;\">La actividad, que busca congregar a un amplio espectro de actores, ser\u00e1 tambi\u00e9n un espacio para reflexionar sobre c\u00f3mo construir un marco regulador m\u00e1s robusto y vinculante. \u201cLo que buscamos es fortalecer las capacidades de la sociedad civil para promover un sistema normativo que garantice que los derechos humanos sean el centro de las actividades econ\u00f3micas\u201d, concluy\u00f3 Morales.<\/span><\/p>\n<p><span style=\"font-weight: 400;\">Para m\u00e1s informaci\u00f3n sobre el seminario y el programa completo, los interesados pueden visitar las redes sociales de la Plataforma Chilena de la Sociedad Civil sobre Derechos Humanos y Empresas. La inscripci\u00f3n sigue abierta en el formulario: <\/span><a href=\"https:\/\/forms.gle\/YYuwVn7ERFF389ZG8\"><span style=\"font-weight: 400;\">https:\/\/forms.gle\/YYuwVn7ERFF389ZG8<\/span><\/a><span style=\"font-weight: 400;\">.\u00a0<\/span><\/p>\n<p>Revisa el programa aqu\u00ed:<\/p>\n<p><a href=\"https:\/\/derechoshumanosyempresas.cl\/wp-content\/uploads\/2025\/01\/Programa-Seminario-Internacional-Redar-Plataforma.docx.pdf\" class=\"pdfemb-viewer\" style=\"\" data-width=\"max\" data-height=\"max\" data-toolbar=\"both\" data-toolbar-fixed=\"on\">Programa Seminario Internacional Redar- Plataforma.docx<\/a>.<\/p>\n","protected":false},"excerpt":{"rendered":"<p>El\u00a0 Seminario \u00abDerechos Humanos y Empresas: Aportes desde la Sociedad Civil\u00bb reunir\u00e1\u00a0 a destacados panelistas de diversos sectores para analizar los avances [&hellip;]<\/p>\n","protected":false},"author":1,"featured_media":2420,"comment_status":"open","ping_status":"open","sticky":false,"template":"","format":"standard","meta":{"footnotes":""},"categories":[43],"tags":[83,86,84,93],"class_list":["post-2418","post","type-post","status-publish","format-standard","has-post-thumbnail","hentry","category-centro-de-informacion","tag-derechos-humanos","tag-derechos-humanos-y-empresas","tag-empresas","tag-proyecto-redar"],"yoast_head":"<!-- This site is optimized with the Yoast SEO plugin v27.4 - https:\/\/yoast.com\/product\/yoast-seo-wordpress\/ -->\n<title>Seminario abordar\u00e1 Derechos Humanos en el \u00e1mbito empresarial<\/title>\n<meta name=\"description\" content=\"Seminario Internacional de Plataforma de DDHH y Empresas abordar\u00e1 los desaf\u00edos de los Derechos Humanos en el \u00e1mbito empresarial\" \/>\n<meta name=\"robots\" content=\"index, follow, max-snippet:-1, max-image-preview:large, max-video-preview:-1\" \/>\n<link rel=\"canonical\" href=\"https:\/\/derechoshumanosyempresas.cl\/index.php\/2025\/01\/13\/seminario-internacional-abordara-los-desafios-de-los-derechos-humanos-en-el-ambito-empresarial\/\" \/>\n<meta property=\"og:locale\" content=\"es_ES\" \/>\n<meta property=\"og:type\" content=\"article\" \/>\n<meta property=\"og:title\" content=\"Seminario abordar\u00e1 Derechos Humanos en el \u00e1mbito empresarial\" \/>\n<meta property=\"og:description\" content=\"Seminario Internacional de Plataforma de DDHH y Empresas abordar\u00e1 los desaf\u00edos de los Derechos Humanos en el \u00e1mbito empresarial\" \/>\n<meta property=\"og:url\" content=\"https:\/\/derechoshumanosyempresas.cl\/index.php\/2025\/01\/13\/seminario-internacional-abordara-los-desafios-de-los-derechos-humanos-en-el-ambito-empresarial\/\" \/>\n<meta property=\"og:site_name\" content=\"Plataforma Chilena de la Sociedad Civil de Derechos Humanos y Empresas\" \/>\n<meta property=\"article:published_time\" content=\"2025-01-13T22:12:56+00:00\" \/>\n<meta property=\"article:modified_time\" content=\"2025-01-13T22:13:27+00:00\" \/>\n<meta property=\"og:image\" content=\"https:\/\/derechoshumanosyempresas.cl\/wp-content\/uploads\/2025\/01\/SEMINARIO-INTERNACIONAL-PLATAFORMA.png\" \/>\n\t<meta property=\"og:image:width\" content=\"1080\" \/>\n\t<meta property=\"og:image:height\" content=\"1080\" \/>\n\t<meta property=\"og:image:type\" content=\"image\/png\" \/>\n<meta name=\"author\" content=\"admin\" \/>\n<meta name=\"twitter:card\" content=\"summary_large_image\" \/>\n<meta name=\"twitter:label1\" content=\"Escrito por\" \/>\n\t<meta name=\"twitter:data1\" content=\"admin\" \/>\n\t<meta name=\"twitter:label2\" content=\"Tiempo de lectura\" \/>\n\t<meta name=\"twitter:data2\" content=\"5 minutos\" \/>\n<script type=\"application\/ld+json\" class=\"yoast-schema-graph\">{\"@context\":\"https:\\\/\\\/schema.org\",\"@graph\":[{\"@type\":\"Article\",\"@id\":\"https:\\\/\\\/derechoshumanosyempresas.cl\\\/index.php\\\/2025\\\/01\\\/13\\\/seminario-internacional-abordara-los-desafios-de-los-derechos-humanos-en-el-ambito-empresarial\\\/#article\",\"isPartOf\":{\"@id\":\"https:\\\/\\\/derechoshumanosyempresas.cl\\\/index.php\\\/2025\\\/01\\\/13\\\/seminario-internacional-abordara-los-desafios-de-los-derechos-humanos-en-el-ambito-empresarial\\\/\"},\"author\":{\"name\":\"admin\",\"@id\":\"https:\\\/\\\/derechoshumanosyempresas.cl\\\/#\\\/schema\\\/person\\\/6476dd2bd26bc2ab59a33de40c2c2baa\"},\"headline\":\"Seminario Internacional abordar\u00e1 los desaf\u00edos de los Derechos Humanos en el \u00e1mbito empresarial\",\"datePublished\":\"2025-01-13T22:12:56+00:00\",\"dateModified\":\"2025-01-13T22:13:27+00:00\",\"mainEntityOfPage\":{\"@id\":\"https:\\\/\\\/derechoshumanosyempresas.cl\\\/index.php\\\/2025\\\/01\\\/13\\\/seminario-internacional-abordara-los-desafios-de-los-derechos-humanos-en-el-ambito-empresarial\\\/\"},\"wordCount\":919,\"commentCount\":0,\"image\":{\"@id\":\"https:\\\/\\\/derechoshumanosyempresas.cl\\\/index.php\\\/2025\\\/01\\\/13\\\/seminario-internacional-abordara-los-desafios-de-los-derechos-humanos-en-el-ambito-empresarial\\\/#primaryimage\"},\"thumbnailUrl\":\"https:\\\/\\\/derechoshumanosyempresas.cl\\\/wp-content\\\/uploads\\\/2025\\\/01\\\/SEMINARIO-INTERNACIONAL-PLATAFORMA.png\",\"keywords\":[\"derechos humanos\",\"derechos humanos y empresas\",\"empresas\",\"proyecto redar\"],\"articleSection\":[\"Noticias\"],\"inLanguage\":\"es\",\"potentialAction\":[{\"@type\":\"CommentAction\",\"name\":\"Comment\",\"target\":[\"https:\\\/\\\/derechoshumanosyempresas.cl\\\/index.php\\\/2025\\\/01\\\/13\\\/seminario-internacional-abordara-los-desafios-de-los-derechos-humanos-en-el-ambito-empresarial\\\/#respond\"]}]},{\"@type\":\"WebPage\",\"@id\":\"https:\\\/\\\/derechoshumanosyempresas.cl\\\/index.php\\\/2025\\\/01\\\/13\\\/seminario-internacional-abordara-los-desafios-de-los-derechos-humanos-en-el-ambito-empresarial\\\/\",\"url\":\"https:\\\/\\\/derechoshumanosyempresas.cl\\\/index.php\\\/2025\\\/01\\\/13\\\/seminario-internacional-abordara-los-desafios-de-los-derechos-humanos-en-el-ambito-empresarial\\\/\",\"name\":\"Seminario abordar\u00e1 Derechos Humanos en el \u00e1mbito empresarial\",\"isPartOf\":{\"@id\":\"https:\\\/\\\/derechoshumanosyempresas.cl\\\/#website\"},\"primaryImageOfPage\":{\"@id\":\"https:\\\/\\\/derechoshumanosyempresas.cl\\\/index.php\\\/2025\\\/01\\\/13\\\/seminario-internacional-abordara-los-desafios-de-los-derechos-humanos-en-el-ambito-empresarial\\\/#primaryimage\"},\"image\":{\"@id\":\"https:\\\/\\\/derechoshumanosyempresas.cl\\\/index.php\\\/2025\\\/01\\\/13\\\/seminario-internacional-abordara-los-desafios-de-los-derechos-humanos-en-el-ambito-empresarial\\\/#primaryimage\"},\"thumbnailUrl\":\"https:\\\/\\\/derechoshumanosyempresas.cl\\\/wp-content\\\/uploads\\\/2025\\\/01\\\/SEMINARIO-INTERNACIONAL-PLATAFORMA.png\",\"datePublished\":\"2025-01-13T22:12:56+00:00\",\"dateModified\":\"2025-01-13T22:13:27+00:00\",\"author\":{\"@id\":\"https:\\\/\\\/derechoshumanosyempresas.cl\\\/#\\\/schema\\\/person\\\/6476dd2bd26bc2ab59a33de40c2c2baa\"},\"description\":\"Seminario Internacional de Plataforma de DDHH y Empresas abordar\u00e1 los desaf\u00edos de los Derechos Humanos en el \u00e1mbito empresarial\",\"breadcrumb\":{\"@id\":\"https:\\\/\\\/derechoshumanosyempresas.cl\\\/index.php\\\/2025\\\/01\\\/13\\\/seminario-internacional-abordara-los-desafios-de-los-derechos-humanos-en-el-ambito-empresarial\\\/#breadcrumb\"},\"inLanguage\":\"es\",\"potentialAction\":[{\"@type\":\"ReadAction\",\"target\":[\"https:\\\/\\\/derechoshumanosyempresas.cl\\\/index.php\\\/2025\\\/01\\\/13\\\/seminario-internacional-abordara-los-desafios-de-los-derechos-humanos-en-el-ambito-empresarial\\\/\"]}]},{\"@type\":\"ImageObject\",\"inLanguage\":\"es\",\"@id\":\"https:\\\/\\\/derechoshumanosyempresas.cl\\\/index.php\\\/2025\\\/01\\\/13\\\/seminario-internacional-abordara-los-desafios-de-los-derechos-humanos-en-el-ambito-empresarial\\\/#primaryimage\",\"url\":\"https:\\\/\\\/derechoshumanosyempresas.cl\\\/wp-content\\\/uploads\\\/2025\\\/01\\\/SEMINARIO-INTERNACIONAL-PLATAFORMA.png\",\"contentUrl\":\"https:\\\/\\\/derechoshumanosyempresas.cl\\\/wp-content\\\/uploads\\\/2025\\\/01\\\/SEMINARIO-INTERNACIONAL-PLATAFORMA.png\",\"width\":1080,\"height\":1080},{\"@type\":\"BreadcrumbList\",\"@id\":\"https:\\\/\\\/derechoshumanosyempresas.cl\\\/index.php\\\/2025\\\/01\\\/13\\\/seminario-internacional-abordara-los-desafios-de-los-derechos-humanos-en-el-ambito-empresarial\\\/#breadcrumb\",\"itemListElement\":[{\"@type\":\"ListItem\",\"position\":1,\"name\":\"Portada\",\"item\":\"https:\\\/\\\/derechoshumanosyempresas.cl\\\/\"},{\"@type\":\"ListItem\",\"position\":2,\"name\":\"Seminario Internacional abordar\u00e1 los desaf\u00edos de los Derechos Humanos en el \u00e1mbito empresarial\"}]},{\"@type\":\"WebSite\",\"@id\":\"https:\\\/\\\/derechoshumanosyempresas.cl\\\/#website\",\"url\":\"https:\\\/\\\/derechoshumanosyempresas.cl\\\/\",\"name\":\"Plataforma Chilena de la Sociedad Civil de Derechos Humanos y Empresas\",\"description\":\"\",\"potentialAction\":[{\"@type\":\"SearchAction\",\"target\":{\"@type\":\"EntryPoint\",\"urlTemplate\":\"https:\\\/\\\/derechoshumanosyempresas.cl\\\/?s={search_term_string}\"},\"query-input\":{\"@type\":\"PropertyValueSpecification\",\"valueRequired\":true,\"valueName\":\"search_term_string\"}}],\"inLanguage\":\"es\"},{\"@type\":\"Person\",\"@id\":\"https:\\\/\\\/derechoshumanosyempresas.cl\\\/#\\\/schema\\\/person\\\/6476dd2bd26bc2ab59a33de40c2c2baa\",\"name\":\"admin\",\"image\":{\"@type\":\"ImageObject\",\"inLanguage\":\"es\",\"@id\":\"https:\\\/\\\/secure.gravatar.com\\\/avatar\\\/e482226d0b315127399077d5c4b71da7603e497013d2412b38a9884e70d87e81?s=96&d=mm&r=g\",\"url\":\"https:\\\/\\\/secure.gravatar.com\\\/avatar\\\/e482226d0b315127399077d5c4b71da7603e497013d2412b38a9884e70d87e81?s=96&d=mm&r=g\",\"contentUrl\":\"https:\\\/\\\/secure.gravatar.com\\\/avatar\\\/e482226d0b315127399077d5c4b71da7603e497013d2412b38a9884e70d87e81?s=96&d=mm&r=g\",\"caption\":\"admin\"},\"sameAs\":[\"https:\\\/\\\/derechoshumanosyempresas.cl\"],\"url\":\"https:\\\/\\\/derechoshumanosyempresas.cl\\\/index.php\\\/author\\\/admin\\\/\"}]}<\/script>\n<!-- \/ Yoast SEO plugin. -->","yoast_head_json":{"title":"Seminario abordar\u00e1 Derechos Humanos en el \u00e1mbito empresarial","description":"Seminario Internacional de Plataforma de DDHH y Empresas abordar\u00e1 los desaf\u00edos de los Derechos Humanos en el \u00e1mbito empresarial","robots":{"index":"index","follow":"follow","max-snippet":"max-snippet:-1","max-image-preview":"max-image-preview:large","max-video-preview":"max-video-preview:-1"},"canonical":"https:\/\/derechoshumanosyempresas.cl\/index.php\/2025\/01\/13\/seminario-internacional-abordara-los-desafios-de-los-derechos-humanos-en-el-ambito-empresarial\/","og_locale":"es_ES","og_type":"article","og_title":"Seminario abordar\u00e1 Derechos Humanos en el \u00e1mbito empresarial","og_description":"Seminario Internacional de Plataforma de DDHH y Empresas abordar\u00e1 los desaf\u00edos de los Derechos Humanos en el \u00e1mbito empresarial","og_url":"https:\/\/derechoshumanosyempresas.cl\/index.php\/2025\/01\/13\/seminario-internacional-abordara-los-desafios-de-los-derechos-humanos-en-el-ambito-empresarial\/","og_site_name":"Plataforma Chilena de la Sociedad Civil de Derechos Humanos y Empresas","article_published_time":"2025-01-13T22:12:56+00:00","article_modified_time":"2025-01-13T22:13:27+00:00","og_image":[{"width":1080,"height":1080,"url":"https:\/\/derechoshumanosyempresas.cl\/wp-content\/uploads\/2025\/01\/SEMINARIO-INTERNACIONAL-PLATAFORMA.png","type":"image\/png"}],"author":"admin","twitter_card":"summary_large_image","twitter_misc":{"Escrito por":"admin","Tiempo de lectura":"5 minutos"},"schema":{"@context":"https:\/\/schema.org","@graph":[{"@type":"Article","@id":"https:\/\/derechoshumanosyempresas.cl\/index.php\/2025\/01\/13\/seminario-internacional-abordara-los-desafios-de-los-derechos-humanos-en-el-ambito-empresarial\/#article","isPartOf":{"@id":"https:\/\/derechoshumanosyempresas.cl\/index.php\/2025\/01\/13\/seminario-internacional-abordara-los-desafios-de-los-derechos-humanos-en-el-ambito-empresarial\/"},"author":{"name":"admin","@id":"https:\/\/derechoshumanosyempresas.cl\/#\/schema\/person\/6476dd2bd26bc2ab59a33de40c2c2baa"},"headline":"Seminario Internacional abordar\u00e1 los desaf\u00edos de los Derechos Humanos en el \u00e1mbito empresarial","datePublished":"2025-01-13T22:12:56+00:00","dateModified":"2025-01-13T22:13:27+00:00","mainEntityOfPage":{"@id":"https:\/\/derechoshumanosyempresas.cl\/index.php\/2025\/01\/13\/seminario-internacional-abordara-los-desafios-de-los-derechos-humanos-en-el-ambito-empresarial\/"},"wordCount":919,"commentCount":0,"image":{"@id":"https:\/\/derechoshumanosyempresas.cl\/index.php\/2025\/01\/13\/seminario-internacional-abordara-los-desafios-de-los-derechos-humanos-en-el-ambito-empresarial\/#primaryimage"},"thumbnailUrl":"https:\/\/derechoshumanosyempresas.cl\/wp-content\/uploads\/2025\/01\/SEMINARIO-INTERNACIONAL-PLATAFORMA.png","keywords":["derechos humanos","derechos humanos y empresas","empresas","proyecto redar"],"articleSection":["Noticias"],"inLanguage":"es","potentialAction":[{"@type":"CommentAction","name":"Comment","target":["https:\/\/derechoshumanosyempresas.cl\/index.php\/2025\/01\/13\/seminario-internacional-abordara-los-desafios-de-los-derechos-humanos-en-el-ambito-empresarial\/#respond"]}]},{"@type":"WebPage","@id":"https:\/\/derechoshumanosyempresas.cl\/index.php\/2025\/01\/13\/seminario-internacional-abordara-los-desafios-de-los-derechos-humanos-en-el-ambito-empresarial\/","url":"https:\/\/derechoshumanosyempresas.cl\/index.php\/2025\/01\/13\/seminario-internacional-abordara-los-desafios-de-los-derechos-humanos-en-el-ambito-empresarial\/","name":"Seminario abordar\u00e1 Derechos Humanos en el \u00e1mbito empresarial","isPartOf":{"@id":"https:\/\/derechoshumanosyempresas.cl\/#website"},"primaryImageOfPage":{"@id":"https:\/\/derechoshumanosyempresas.cl\/index.php\/2025\/01\/13\/seminario-internacional-abordara-los-desafios-de-los-derechos-humanos-en-el-ambito-empresarial\/#primaryimage"},"image":{"@id":"https:\/\/derechoshumanosyempresas.cl\/index.php\/2025\/01\/13\/seminario-internacional-abordara-los-desafios-de-los-derechos-humanos-en-el-ambito-empresarial\/#primaryimage"},"thumbnailUrl":"https:\/\/derechoshumanosyempresas.cl\/wp-content\/uploads\/2025\/01\/SEMINARIO-INTERNACIONAL-PLATAFORMA.png","datePublished":"2025-01-13T22:12:56+00:00","dateModified":"2025-01-13T22:13:27+00:00","author":{"@id":"https:\/\/derechoshumanosyempresas.cl\/#\/schema\/person\/6476dd2bd26bc2ab59a33de40c2c2baa"},"description":"Seminario Internacional de Plataforma de DDHH y Empresas abordar\u00e1 los desaf\u00edos de los Derechos Humanos en el \u00e1mbito empresarial","breadcrumb":{"@id":"https:\/\/derechoshumanosyempresas.cl\/index.php\/2025\/01\/13\/seminario-internacional-abordara-los-desafios-de-los-derechos-humanos-en-el-ambito-empresarial\/#breadcrumb"},"inLanguage":"es","potentialAction":[{"@type":"ReadAction","target":["https:\/\/derechoshumanosyempresas.cl\/index.php\/2025\/01\/13\/seminario-internacional-abordara-los-desafios-de-los-derechos-humanos-en-el-ambito-empresarial\/"]}]},{"@type":"ImageObject","inLanguage":"es","@id":"https:\/\/derechoshumanosyempresas.cl\/index.php\/2025\/01\/13\/seminario-internacional-abordara-los-desafios-de-los-derechos-humanos-en-el-ambito-empresarial\/#primaryimage","url":"https:\/\/derechoshumanosyempresas.cl\/wp-content\/uploads\/2025\/01\/SEMINARIO-INTERNACIONAL-PLATAFORMA.png","contentUrl":"https:\/\/derechoshumanosyempresas.cl\/wp-content\/uploads\/2025\/01\/SEMINARIO-INTERNACIONAL-PLATAFORMA.png","width":1080,"height":1080},{"@type":"BreadcrumbList","@id":"https:\/\/derechoshumanosyempresas.cl\/index.php\/2025\/01\/13\/seminario-internacional-abordara-los-desafios-de-los-derechos-humanos-en-el-ambito-empresarial\/#breadcrumb","itemListElement":[{"@type":"ListItem","position":1,"name":"Portada","item":"https:\/\/derechoshumanosyempresas.cl\/"},{"@type":"ListItem","position":2,"name":"Seminario Internacional abordar\u00e1 los desaf\u00edos de los Derechos Humanos en el \u00e1mbito empresarial"}]},{"@type":"WebSite","@id":"https:\/\/derechoshumanosyempresas.cl\/#website","url":"https:\/\/derechoshumanosyempresas.cl\/","name":"Plataforma Chilena de la Sociedad Civil de Derechos Humanos y Empresas","description":"","potentialAction":[{"@type":"SearchAction","target":{"@type":"EntryPoint","urlTemplate":"https:\/\/derechoshumanosyempresas.cl\/?s={search_term_string}"},"query-input":{"@type":"PropertyValueSpecification","valueRequired":true,"valueName":"search_term_string"}}],"inLanguage":"es"},{"@type":"Person","@id":"https:\/\/derechoshumanosyempresas.cl\/#\/schema\/person\/6476dd2bd26bc2ab59a33de40c2c2baa","name":"admin","image":{"@type":"ImageObject","inLanguage":"es","@id":"https:\/\/secure.gravatar.com\/avatar\/e482226d0b315127399077d5c4b71da7603e497013d2412b38a9884e70d87e81?s=96&d=mm&r=g","url":"https:\/\/secure.gravatar.com\/avatar\/e482226d0b315127399077d5c4b71da7603e497013d2412b38a9884e70d87e81?s=96&d=mm&r=g","contentUrl":"https:\/\/secure.gravatar.com\/avatar\/e482226d0b315127399077d5c4b71da7603e497013d2412b38a9884e70d87e81?s=96&d=mm&r=g","caption":"admin"},"sameAs":["https:\/\/derechoshumanosyempresas.cl"],"url":"https:\/\/derechoshumanosyempresas.cl\/index.php\/author\/admin\/"}]}},"wpmagazine_modules_lite_featured_media_urls":{"thumbnail":["https:\/\/derechoshumanosyempresas.cl\/wp-content\/uploads\/2025\/01\/SEMINARIO-INTERNACIONAL-PLATAFORMA-150x150.png",150,150,true],"cvmm-medium":["https:\/\/derechoshumanosyempresas.cl\/wp-content\/uploads\/2025\/01\/SEMINARIO-INTERNACIONAL-PLATAFORMA-300x300.png",300,300,true],"cvmm-medium-plus":["https:\/\/derechoshumanosyempresas.cl\/wp-content\/uploads\/2025\/01\/SEMINARIO-INTERNACIONAL-PLATAFORMA-305x207.png",305,207,true],"cvmm-portrait":["https:\/\/derechoshumanosyempresas.cl\/wp-content\/uploads\/2025\/01\/SEMINARIO-INTERNACIONAL-PLATAFORMA-400x600.png",400,600,true],"cvmm-medium-square":["https:\/\/derechoshumanosyempresas.cl\/wp-content\/uploads\/2025\/01\/SEMINARIO-INTERNACIONAL-PLATAFORMA-600x600.png",600,600,true],"cvmm-large":["https:\/\/derechoshumanosyempresas.cl\/wp-content\/uploads\/2025\/01\/SEMINARIO-INTERNACIONAL-PLATAFORMA-1024x1024.png",1024,1024,true],"cvmm-small":["https:\/\/derechoshumanosyempresas.cl\/wp-content\/uploads\/2025\/01\/SEMINARIO-INTERNACIONAL-PLATAFORMA-130x95.png",130,95,true],"full":["https:\/\/derechoshumanosyempresas.cl\/wp-content\/uploads\/2025\/01\/SEMINARIO-INTERNACIONAL-PLATAFORMA.png",1080,1080,false]},"categories_names":{"43":{"name":"Noticias","link":"https:\/\/derechoshumanosyempresas.cl\/index.php\/category\/centro-de-informacion\/"}},"tags_names":{"83":{"name":"derechos humanos","link":"https:\/\/derechoshumanosyempresas.cl\/index.php\/tag\/derechos-humanos\/"},"86":{"name":"derechos humanos y empresas","link":"https:\/\/derechoshumanosyempresas.cl\/index.php\/tag\/derechos-humanos-y-empresas\/"},"84":{"name":"empresas","link":"https:\/\/derechoshumanosyempresas.cl\/index.php\/tag\/empresas\/"},"93":{"name":"proyecto redar","link":"https:\/\/derechoshumanosyempresas.cl\/index.php\/tag\/proyecto-redar\/"}},"comments_number":"0","_links":{"self":[{"href":"https:\/\/derechoshumanosyempresas.cl\/index.php\/wp-json\/wp\/v2\/posts\/2418","targetHints":{"allow":["GET"]}}],"collection":[{"href":"https:\/\/derechoshumanosyempresas.cl\/index.php\/wp-json\/wp\/v2\/posts"}],"about":[{"href":"https:\/\/derechoshumanosyempresas.cl\/index.php\/wp-json\/wp\/v2\/types\/post"}],"author":[{"embeddable":true,"href":"https:\/\/derechoshumanosyempresas.cl\/index.php\/wp-json\/wp\/v2\/users\/1"}],"replies":[{"embeddable":true,"href":"https:\/\/derechoshumanosyempresas.cl\/index.php\/wp-json\/wp\/v2\/comments?post=2418"}],"version-history":[{"count":0,"href":"https:\/\/derechoshumanosyempresas.cl\/index.php\/wp-json\/wp\/v2\/posts\/2418\/revisions"}],"wp:featuredmedia":[{"embeddable":true,"href":"https:\/\/derechoshumanosyempresas.cl\/index.php\/wp-json\/wp\/v2\/media\/2420"}],"wp:attachment":[{"href":"https:\/\/derechoshumanosyempresas.cl\/index.php\/wp-json\/wp\/v2\/media?parent=2418"}],"wp:term":[{"taxonomy":"category","embeddable":true,"href":"https:\/\/derechoshumanosyempresas.cl\/index.php\/wp-json\/wp\/v2\/categories?post=2418"},{"taxonomy":"post_tag","embeddable":true,"href":"https:\/\/derechoshumanosyempresas.cl\/index.php\/wp-json\/wp\/v2\/tags?post=2418"}],"curies":[{"name":"wp","href":"https:\/\/api.w.org\/{rel}","templated":true}]}}