{"id":2413,"date":"2025-01-09T14:31:21","date_gmt":"2025-01-09T14:31:21","guid":{"rendered":"https:\/\/derechoshumanosyempresas.cl\/?p=2413"},"modified":"2025-02-21T14:43:26","modified_gmt":"2025-02-21T14:43:26","slug":"declaracion-publica-2","status":"publish","type":"post","link":"https:\/\/derechoshumanosyempresas.cl\/index.php\/2025\/01\/09\/declaracion-publica-2\/","title":{"rendered":"DECLARACI\u00d3N P\u00daBLICA"},"content":{"rendered":"<p><span style=\"font-weight: 400;\">Las organizaciones que conformamos <strong>la Plataforma Chilena de la Sociedad Civil sobre Derechos Humanos y Empresas, expresamos nuestra mayor preocupaci\u00f3n por la desaparici\u00f3n de la dirigente y defensora de derechos humanos ambientales Julia Chu\u00f1il Catricura<\/strong>, quien es presidenta de la comunidad ind\u00edgena Putreguel. Julia desapareci\u00f3 el 8 de noviembre en circunstancias a\u00fan no aclaradas, mientras buscaba unos animales que se encontraban extraviados<\/span><span style=\"font-weight: 400;\">,<\/span><span style=\"font-weight: 400;\"> en la comuna de Mafil, regi\u00f3n de Los Lagos.\u00a0<\/span><\/p>\n<p><span style=\"font-weight: 400;\"><strong>Julia lidera comprometidamente la protecci\u00f3n de cerca de 900 hect\u00e1reas de bosque nativo<\/strong>, enfrentando amenazas y agresiones por parte de empresarios de la zona, que buscan utilizar el terreno para la explotaci\u00f3n de la tierra.\u00a0<\/span><\/p>\n<p><span style=\"font-weight: 400;\">La informaci\u00f3n recabada hasta la fecha ha llevado a plantear la hip\u00f3tesis de un posible secuestro relacionado con su labor como defensora ambiental.\u00a0<\/span><\/p>\n<p><span style=\"font-weight: 400;\">Tras semanas de b\u00fasqueda, con la participaci\u00f3n de Carabineros, Bomberos, familiares y voluntarios, no se ha logrado encontrar rastro de Julia ni su perro en la zona.\u00a0 La familia de Julia, con el apoyo de diversas organizaciones, ha realizado todas las gestiones para activar inicialmente la b\u00fasqueda, y ha presentado una querella para identificar los responsables de esta desaparici\u00f3n\u00a0<\/span><\/p>\n<p><span style=\"font-weight: 400;\">Desde nuestra Plataforma, solicitamos a las distintas instituciones policiales y judiciales redoblar los esfuerzos para lograr encontrar el paradero de Julia Chu\u00f1il Catricura y particularmente,<strong> le solicitamos al Presidente Gabriel Boric poner a disposici\u00f3n los recursos que sean necesarios para fortalecer su b\u00fasqueda.\u00a0<\/strong><\/span><\/p>\n<p><span style=\"font-weight: 400;\">Lamentablemente, nuestro pa\u00eds tiene un grave historial de ataques a defensores de derechos humanos en los \u00faltimos a\u00f1os. En virtud del Acuerdo de Escaz\u00fa, la Declaraci\u00f3n sobre los defensores de los Derechos Humanos de la Asamblea General en 1998 y el <a href=\"https:\/\/www.derechoshumanos.gob.cl\/protocolo-de-proteccion-a-las-personas-defensoras-de-derechos-humanos\/\" target=\"_blank\" rel=\"noopener\">Protocolo de Protecci\u00f3n a las Personas Defensoras de Derechos Humanos de la Subsecretar\u00eda de Derechos Humanos<\/a>,\u00a0 el Estado de Chile debe asegurar la debida investigaci\u00f3n de estos hechos, que debe abarcar las eventuales motivaciones detr\u00e1s de estos ataques, especialmente a la luz de la existencia de amenazas y amedrentamientos por parte de entes empresariales, que la querella presentada ha dado a conocer. El medio m\u00e1s eficaz para proteger a quienes defienden los derechos humanos es combatiendo la impunidad.\u00a0<\/span><\/p>\n<p><span style=\"font-weight: 400;\">Nuestra plataforma se adhiere a las distintas instancias, naciones e internacionales, que han manifestado su preocupaci\u00f3n por este lamentable hecho y entregamos nuestra solidaridad a su familia y a su comunidad.\u00a0<\/span><\/p>\n<p><b>\u00a0Plataforma Chilena de la Sociedad Civil sobre Derechos Humanos y Empresas<\/b><\/p>\n","protected":false},"excerpt":{"rendered":"<p>Las organizaciones que conformamos la Plataforma Chilena de la Sociedad Civil sobre Derechos Humanos y Empresas, expresamos nuestra mayor preocupaci\u00f3n por la [&hellip;]<\/p>\n","protected":false},"author":1,"featured_media":2414,"comment_status":"open","ping_status":"open","sticky":false,"template":"","format":"standard","meta":{"footnotes":""},"categories":[43,47],"tags":[103,83,102],"class_list":["post-2413","post","type-post","status-publish","format-standard","has-post-thumbnail","hentry","category-centro-de-informacion","category-portada","tag-defensores-ambientales","tag-derechos-humanos","tag-julia-chunil"],"yoast_head":"<!-- This site is optimized with the Yoast SEO plugin v27.4 - https:\/\/yoast.com\/product\/yoast-seo-wordpress\/ -->\n<title>Declaraci\u00f3n p\u00fablica por desaparici\u00f3n de Julia Chu\u00f1il<\/title>\n<meta name=\"description\" content=\"La Plataforma de Derechos Humanos y Empresas expresa su preocupaci\u00f3n por la desaparici\u00f3n de defensora ambiental Julia Chu\u00f1il\" \/>\n<meta name=\"robots\" content=\"index, follow, max-snippet:-1, max-image-preview:large, max-video-preview:-1\" \/>\n<link rel=\"canonical\" href=\"https:\/\/derechoshumanosyempresas.cl\/index.php\/2025\/01\/09\/declaracion-publica-2\/\" \/>\n<meta property=\"og:locale\" content=\"es_ES\" \/>\n<meta property=\"og:type\" content=\"article\" \/>\n<meta property=\"og:title\" content=\"Declaraci\u00f3n p\u00fablica por desaparici\u00f3n de Julia Chu\u00f1il\" \/>\n<meta property=\"og:description\" content=\"La Plataforma de Derechos Humanos y Empresas expresa su preocupaci\u00f3n por la desaparici\u00f3n de defensora ambiental Julia Chu\u00f1il\" \/>\n<meta property=\"og:url\" content=\"https:\/\/derechoshumanosyempresas.cl\/index.php\/2025\/01\/09\/declaracion-publica-2\/\" \/>\n<meta property=\"og:site_name\" content=\"Plataforma Chilena de la Sociedad Civil de Derechos Humanos y Empresas\" \/>\n<meta property=\"article:published_time\" content=\"2025-01-09T14:31:21+00:00\" \/>\n<meta property=\"article:modified_time\" content=\"2025-02-21T14:43:26+00:00\" \/>\n<meta property=\"og:image\" content=\"https:\/\/derechoshumanosyempresas.cl\/wp-content\/uploads\/2025\/01\/JULIA-CHUNIL.jpg\" \/>\n\t<meta property=\"og:image:width\" content=\"690\" \/>\n\t<meta property=\"og:image:height\" content=\"502\" \/>\n\t<meta property=\"og:image:type\" content=\"image\/jpeg\" \/>\n<meta name=\"author\" content=\"admin\" \/>\n<meta name=\"twitter:card\" content=\"summary_large_image\" \/>\n<meta name=\"twitter:label1\" content=\"Escrito por\" \/>\n\t<meta name=\"twitter:data1\" content=\"admin\" \/>\n\t<meta name=\"twitter:label2\" content=\"Tiempo de lectura\" \/>\n\t<meta name=\"twitter:data2\" content=\"2 minutos\" \/>\n<script type=\"application\/ld+json\" class=\"yoast-schema-graph\">{\"@context\":\"https:\\\/\\\/schema.org\",\"@graph\":[{\"@type\":\"Article\",\"@id\":\"https:\\\/\\\/derechoshumanosyempresas.cl\\\/index.php\\\/2025\\\/01\\\/09\\\/declaracion-publica-2\\\/#article\",\"isPartOf\":{\"@id\":\"https:\\\/\\\/derechoshumanosyempresas.cl\\\/index.php\\\/2025\\\/01\\\/09\\\/declaracion-publica-2\\\/\"},\"author\":{\"name\":\"admin\",\"@id\":\"https:\\\/\\\/derechoshumanosyempresas.cl\\\/#\\\/schema\\\/person\\\/6476dd2bd26bc2ab59a33de40c2c2baa\"},\"headline\":\"DECLARACI\u00d3N P\u00daBLICA\",\"datePublished\":\"2025-01-09T14:31:21+00:00\",\"dateModified\":\"2025-02-21T14:43:26+00:00\",\"mainEntityOfPage\":{\"@id\":\"https:\\\/\\\/derechoshumanosyempresas.cl\\\/index.php\\\/2025\\\/01\\\/09\\\/declaracion-publica-2\\\/\"},\"wordCount\":420,\"commentCount\":0,\"image\":{\"@id\":\"https:\\\/\\\/derechoshumanosyempresas.cl\\\/index.php\\\/2025\\\/01\\\/09\\\/declaracion-publica-2\\\/#primaryimage\"},\"thumbnailUrl\":\"https:\\\/\\\/derechoshumanosyempresas.cl\\\/wp-content\\\/uploads\\\/2025\\\/01\\\/JULIA-CHUNIL.jpg\",\"keywords\":[\"defensores ambientales\",\"derechos humanos\",\"Julia Chu\u00f1il\"],\"articleSection\":[\"Noticias\",\"Portada\"],\"inLanguage\":\"es\",\"potentialAction\":[{\"@type\":\"CommentAction\",\"name\":\"Comment\",\"target\":[\"https:\\\/\\\/derechoshumanosyempresas.cl\\\/index.php\\\/2025\\\/01\\\/09\\\/declaracion-publica-2\\\/#respond\"]}]},{\"@type\":\"WebPage\",\"@id\":\"https:\\\/\\\/derechoshumanosyempresas.cl\\\/index.php\\\/2025\\\/01\\\/09\\\/declaracion-publica-2\\\/\",\"url\":\"https:\\\/\\\/derechoshumanosyempresas.cl\\\/index.php\\\/2025\\\/01\\\/09\\\/declaracion-publica-2\\\/\",\"name\":\"Declaraci\u00f3n p\u00fablica por desaparici\u00f3n de Julia Chu\u00f1il\",\"isPartOf\":{\"@id\":\"https:\\\/\\\/derechoshumanosyempresas.cl\\\/#website\"},\"primaryImageOfPage\":{\"@id\":\"https:\\\/\\\/derechoshumanosyempresas.cl\\\/index.php\\\/2025\\\/01\\\/09\\\/declaracion-publica-2\\\/#primaryimage\"},\"image\":{\"@id\":\"https:\\\/\\\/derechoshumanosyempresas.cl\\\/index.php\\\/2025\\\/01\\\/09\\\/declaracion-publica-2\\\/#primaryimage\"},\"thumbnailUrl\":\"https:\\\/\\\/derechoshumanosyempresas.cl\\\/wp-content\\\/uploads\\\/2025\\\/01\\\/JULIA-CHUNIL.jpg\",\"datePublished\":\"2025-01-09T14:31:21+00:00\",\"dateModified\":\"2025-02-21T14:43:26+00:00\",\"author\":{\"@id\":\"https:\\\/\\\/derechoshumanosyempresas.cl\\\/#\\\/schema\\\/person\\\/6476dd2bd26bc2ab59a33de40c2c2baa\"},\"description\":\"La Plataforma de Derechos Humanos y Empresas expresa su preocupaci\u00f3n por la desaparici\u00f3n de defensora ambiental Julia Chu\u00f1il\",\"breadcrumb\":{\"@id\":\"https:\\\/\\\/derechoshumanosyempresas.cl\\\/index.php\\\/2025\\\/01\\\/09\\\/declaracion-publica-2\\\/#breadcrumb\"},\"inLanguage\":\"es\",\"potentialAction\":[{\"@type\":\"ReadAction\",\"target\":[\"https:\\\/\\\/derechoshumanosyempresas.cl\\\/index.php\\\/2025\\\/01\\\/09\\\/declaracion-publica-2\\\/\"]}]},{\"@type\":\"ImageObject\",\"inLanguage\":\"es\",\"@id\":\"https:\\\/\\\/derechoshumanosyempresas.cl\\\/index.php\\\/2025\\\/01\\\/09\\\/declaracion-publica-2\\\/#primaryimage\",\"url\":\"https:\\\/\\\/derechoshumanosyempresas.cl\\\/wp-content\\\/uploads\\\/2025\\\/01\\\/JULIA-CHUNIL.jpg\",\"contentUrl\":\"https:\\\/\\\/derechoshumanosyempresas.cl\\\/wp-content\\\/uploads\\\/2025\\\/01\\\/JULIA-CHUNIL.jpg\",\"width\":690,\"height\":502},{\"@type\":\"BreadcrumbList\",\"@id\":\"https:\\\/\\\/derechoshumanosyempresas.cl\\\/index.php\\\/2025\\\/01\\\/09\\\/declaracion-publica-2\\\/#breadcrumb\",\"itemListElement\":[{\"@type\":\"ListItem\",\"position\":1,\"name\":\"Portada\",\"item\":\"https:\\\/\\\/derechoshumanosyempresas.cl\\\/\"},{\"@type\":\"ListItem\",\"position\":2,\"name\":\"DECLARACI\u00d3N P\u00daBLICA\"}]},{\"@type\":\"WebSite\",\"@id\":\"https:\\\/\\\/derechoshumanosyempresas.cl\\\/#website\",\"url\":\"https:\\\/\\\/derechoshumanosyempresas.cl\\\/\",\"name\":\"Plataforma Chilena de la Sociedad Civil de Derechos Humanos y Empresas\",\"description\":\"\",\"potentialAction\":[{\"@type\":\"SearchAction\",\"target\":{\"@type\":\"EntryPoint\",\"urlTemplate\":\"https:\\\/\\\/derechoshumanosyempresas.cl\\\/?s={search_term_string}\"},\"query-input\":{\"@type\":\"PropertyValueSpecification\",\"valueRequired\":true,\"valueName\":\"search_term_string\"}}],\"inLanguage\":\"es\"},{\"@type\":\"Person\",\"@id\":\"https:\\\/\\\/derechoshumanosyempresas.cl\\\/#\\\/schema\\\/person\\\/6476dd2bd26bc2ab59a33de40c2c2baa\",\"name\":\"admin\",\"image\":{\"@type\":\"ImageObject\",\"inLanguage\":\"es\",\"@id\":\"https:\\\/\\\/secure.gravatar.com\\\/avatar\\\/e482226d0b315127399077d5c4b71da7603e497013d2412b38a9884e70d87e81?s=96&d=mm&r=g\",\"url\":\"https:\\\/\\\/secure.gravatar.com\\\/avatar\\\/e482226d0b315127399077d5c4b71da7603e497013d2412b38a9884e70d87e81?s=96&d=mm&r=g\",\"contentUrl\":\"https:\\\/\\\/secure.gravatar.com\\\/avatar\\\/e482226d0b315127399077d5c4b71da7603e497013d2412b38a9884e70d87e81?s=96&d=mm&r=g\",\"caption\":\"admin\"},\"sameAs\":[\"https:\\\/\\\/derechoshumanosyempresas.cl\"],\"url\":\"https:\\\/\\\/derechoshumanosyempresas.cl\\\/index.php\\\/author\\\/admin\\\/\"}]}<\/script>\n<!-- \/ Yoast SEO plugin. -->","yoast_head_json":{"title":"Declaraci\u00f3n p\u00fablica por desaparici\u00f3n de Julia Chu\u00f1il","description":"La Plataforma de Derechos Humanos y Empresas expresa su preocupaci\u00f3n por la desaparici\u00f3n de defensora ambiental Julia Chu\u00f1il","robots":{"index":"index","follow":"follow","max-snippet":"max-snippet:-1","max-image-preview":"max-image-preview:large","max-video-preview":"max-video-preview:-1"},"canonical":"https:\/\/derechoshumanosyempresas.cl\/index.php\/2025\/01\/09\/declaracion-publica-2\/","og_locale":"es_ES","og_type":"article","og_title":"Declaraci\u00f3n p\u00fablica por desaparici\u00f3n de Julia Chu\u00f1il","og_description":"La Plataforma de Derechos Humanos y Empresas expresa su preocupaci\u00f3n por la desaparici\u00f3n de defensora ambiental Julia Chu\u00f1il","og_url":"https:\/\/derechoshumanosyempresas.cl\/index.php\/2025\/01\/09\/declaracion-publica-2\/","og_site_name":"Plataforma Chilena de la Sociedad Civil de Derechos Humanos y Empresas","article_published_time":"2025-01-09T14:31:21+00:00","article_modified_time":"2025-02-21T14:43:26+00:00","og_image":[{"width":690,"height":502,"url":"https:\/\/derechoshumanosyempresas.cl\/wp-content\/uploads\/2025\/01\/JULIA-CHUNIL.jpg","type":"image\/jpeg"}],"author":"admin","twitter_card":"summary_large_image","twitter_misc":{"Escrito por":"admin","Tiempo de lectura":"2 minutos"},"schema":{"@context":"https:\/\/schema.org","@graph":[{"@type":"Article","@id":"https:\/\/derechoshumanosyempresas.cl\/index.php\/2025\/01\/09\/declaracion-publica-2\/#article","isPartOf":{"@id":"https:\/\/derechoshumanosyempresas.cl\/index.php\/2025\/01\/09\/declaracion-publica-2\/"},"author":{"name":"admin","@id":"https:\/\/derechoshumanosyempresas.cl\/#\/schema\/person\/6476dd2bd26bc2ab59a33de40c2c2baa"},"headline":"DECLARACI\u00d3N P\u00daBLICA","datePublished":"2025-01-09T14:31:21+00:00","dateModified":"2025-02-21T14:43:26+00:00","mainEntityOfPage":{"@id":"https:\/\/derechoshumanosyempresas.cl\/index.php\/2025\/01\/09\/declaracion-publica-2\/"},"wordCount":420,"commentCount":0,"image":{"@id":"https:\/\/derechoshumanosyempresas.cl\/index.php\/2025\/01\/09\/declaracion-publica-2\/#primaryimage"},"thumbnailUrl":"https:\/\/derechoshumanosyempresas.cl\/wp-content\/uploads\/2025\/01\/JULIA-CHUNIL.jpg","keywords":["defensores ambientales","derechos humanos","Julia Chu\u00f1il"],"articleSection":["Noticias","Portada"],"inLanguage":"es","potentialAction":[{"@type":"CommentAction","name":"Comment","target":["https:\/\/derechoshumanosyempresas.cl\/index.php\/2025\/01\/09\/declaracion-publica-2\/#respond"]}]},{"@type":"WebPage","@id":"https:\/\/derechoshumanosyempresas.cl\/index.php\/2025\/01\/09\/declaracion-publica-2\/","url":"https:\/\/derechoshumanosyempresas.cl\/index.php\/2025\/01\/09\/declaracion-publica-2\/","name":"Declaraci\u00f3n p\u00fablica por desaparici\u00f3n de Julia Chu\u00f1il","isPartOf":{"@id":"https:\/\/derechoshumanosyempresas.cl\/#website"},"primaryImageOfPage":{"@id":"https:\/\/derechoshumanosyempresas.cl\/index.php\/2025\/01\/09\/declaracion-publica-2\/#primaryimage"},"image":{"@id":"https:\/\/derechoshumanosyempresas.cl\/index.php\/2025\/01\/09\/declaracion-publica-2\/#primaryimage"},"thumbnailUrl":"https:\/\/derechoshumanosyempresas.cl\/wp-content\/uploads\/2025\/01\/JULIA-CHUNIL.jpg","datePublished":"2025-01-09T14:31:21+00:00","dateModified":"2025-02-21T14:43:26+00:00","author":{"@id":"https:\/\/derechoshumanosyempresas.cl\/#\/schema\/person\/6476dd2bd26bc2ab59a33de40c2c2baa"},"description":"La Plataforma de Derechos Humanos y Empresas expresa su preocupaci\u00f3n por la desaparici\u00f3n de defensora ambiental Julia Chu\u00f1il","breadcrumb":{"@id":"https:\/\/derechoshumanosyempresas.cl\/index.php\/2025\/01\/09\/declaracion-publica-2\/#breadcrumb"},"inLanguage":"es","potentialAction":[{"@type":"ReadAction","target":["https:\/\/derechoshumanosyempresas.cl\/index.php\/2025\/01\/09\/declaracion-publica-2\/"]}]},{"@type":"ImageObject","inLanguage":"es","@id":"https:\/\/derechoshumanosyempresas.cl\/index.php\/2025\/01\/09\/declaracion-publica-2\/#primaryimage","url":"https:\/\/derechoshumanosyempresas.cl\/wp-content\/uploads\/2025\/01\/JULIA-CHUNIL.jpg","contentUrl":"https:\/\/derechoshumanosyempresas.cl\/wp-content\/uploads\/2025\/01\/JULIA-CHUNIL.jpg","width":690,"height":502},{"@type":"BreadcrumbList","@id":"https:\/\/derechoshumanosyempresas.cl\/index.php\/2025\/01\/09\/declaracion-publica-2\/#breadcrumb","itemListElement":[{"@type":"ListItem","position":1,"name":"Portada","item":"https:\/\/derechoshumanosyempresas.cl\/"},{"@type":"ListItem","position":2,"name":"DECLARACI\u00d3N P\u00daBLICA"}]},{"@type":"WebSite","@id":"https:\/\/derechoshumanosyempresas.cl\/#website","url":"https:\/\/derechoshumanosyempresas.cl\/","name":"Plataforma Chilena de la Sociedad Civil de Derechos Humanos y Empresas","description":"","potentialAction":[{"@type":"SearchAction","target":{"@type":"EntryPoint","urlTemplate":"https:\/\/derechoshumanosyempresas.cl\/?s={search_term_string}"},"query-input":{"@type":"PropertyValueSpecification","valueRequired":true,"valueName":"search_term_string"}}],"inLanguage":"es"},{"@type":"Person","@id":"https:\/\/derechoshumanosyempresas.cl\/#\/schema\/person\/6476dd2bd26bc2ab59a33de40c2c2baa","name":"admin","image":{"@type":"ImageObject","inLanguage":"es","@id":"https:\/\/secure.gravatar.com\/avatar\/e482226d0b315127399077d5c4b71da7603e497013d2412b38a9884e70d87e81?s=96&d=mm&r=g","url":"https:\/\/secure.gravatar.com\/avatar\/e482226d0b315127399077d5c4b71da7603e497013d2412b38a9884e70d87e81?s=96&d=mm&r=g","contentUrl":"https:\/\/secure.gravatar.com\/avatar\/e482226d0b315127399077d5c4b71da7603e497013d2412b38a9884e70d87e81?s=96&d=mm&r=g","caption":"admin"},"sameAs":["https:\/\/derechoshumanosyempresas.cl"],"url":"https:\/\/derechoshumanosyempresas.cl\/index.php\/author\/admin\/"}]}},"wpmagazine_modules_lite_featured_media_urls":{"thumbnail":["https:\/\/derechoshumanosyempresas.cl\/wp-content\/uploads\/2025\/01\/JULIA-CHUNIL-150x150.jpg",150,150,true],"cvmm-medium":["https:\/\/derechoshumanosyempresas.cl\/wp-content\/uploads\/2025\/01\/JULIA-CHUNIL-300x300.jpg",300,300,true],"cvmm-medium-plus":["https:\/\/derechoshumanosyempresas.cl\/wp-content\/uploads\/2025\/01\/JULIA-CHUNIL-305x207.jpg",305,207,true],"cvmm-portrait":["https:\/\/derechoshumanosyempresas.cl\/wp-content\/uploads\/2025\/01\/JULIA-CHUNIL-400x502.jpg",400,502,true],"cvmm-medium-square":["https:\/\/derechoshumanosyempresas.cl\/wp-content\/uploads\/2025\/01\/JULIA-CHUNIL-600x502.jpg",600,502,true],"cvmm-large":["https:\/\/derechoshumanosyempresas.cl\/wp-content\/uploads\/2025\/01\/JULIA-CHUNIL.jpg",690,502,false],"cvmm-small":["https:\/\/derechoshumanosyempresas.cl\/wp-content\/uploads\/2025\/01\/JULIA-CHUNIL-130x95.jpg",130,95,true],"full":["https:\/\/derechoshumanosyempresas.cl\/wp-content\/uploads\/2025\/01\/JULIA-CHUNIL.jpg",690,502,false]},"categories_names":{"43":{"name":"Noticias","link":"https:\/\/derechoshumanosyempresas.cl\/index.php\/category\/centro-de-informacion\/"},"47":{"name":"Portada","link":"https:\/\/derechoshumanosyempresas.cl\/index.php\/category\/portada\/"}},"tags_names":{"103":{"name":"defensores ambientales","link":"https:\/\/derechoshumanosyempresas.cl\/index.php\/tag\/defensores-ambientales\/"},"83":{"name":"derechos humanos","link":"https:\/\/derechoshumanosyempresas.cl\/index.php\/tag\/derechos-humanos\/"},"102":{"name":"Julia Chu\u00f1il","link":"https:\/\/derechoshumanosyempresas.cl\/index.php\/tag\/julia-chunil\/"}},"comments_number":"0","_links":{"self":[{"href":"https:\/\/derechoshumanosyempresas.cl\/index.php\/wp-json\/wp\/v2\/posts\/2413","targetHints":{"allow":["GET"]}}],"collection":[{"href":"https:\/\/derechoshumanosyempresas.cl\/index.php\/wp-json\/wp\/v2\/posts"}],"about":[{"href":"https:\/\/derechoshumanosyempresas.cl\/index.php\/wp-json\/wp\/v2\/types\/post"}],"author":[{"embeddable":true,"href":"https:\/\/derechoshumanosyempresas.cl\/index.php\/wp-json\/wp\/v2\/users\/1"}],"replies":[{"embeddable":true,"href":"https:\/\/derechoshumanosyempresas.cl\/index.php\/wp-json\/wp\/v2\/comments?post=2413"}],"version-history":[{"count":0,"href":"https:\/\/derechoshumanosyempresas.cl\/index.php\/wp-json\/wp\/v2\/posts\/2413\/revisions"}],"wp:featuredmedia":[{"embeddable":true,"href":"https:\/\/derechoshumanosyempresas.cl\/index.php\/wp-json\/wp\/v2\/media\/2414"}],"wp:attachment":[{"href":"https:\/\/derechoshumanosyempresas.cl\/index.php\/wp-json\/wp\/v2\/media?parent=2413"}],"wp:term":[{"taxonomy":"category","embeddable":true,"href":"https:\/\/derechoshumanosyempresas.cl\/index.php\/wp-json\/wp\/v2\/categories?post=2413"},{"taxonomy":"post_tag","embeddable":true,"href":"https:\/\/derechoshumanosyempresas.cl\/index.php\/wp-json\/wp\/v2\/tags?post=2413"}],"curies":[{"name":"wp","href":"https:\/\/api.w.org\/{rel}","templated":true}]}}