{"id":2406,"date":"2025-01-03T20:53:59","date_gmt":"2025-01-03T20:53:59","guid":{"rendered":"https:\/\/derechoshumanosyempresas.cl\/?p=2406"},"modified":"2025-02-21T14:43:21","modified_gmt":"2025-02-21T14:43:21","slug":"columna-de-opinion-rendicion-de-cuentas-y-transparencia-en-chileun-reto-urgente","status":"publish","type":"post","link":"https:\/\/derechoshumanosyempresas.cl\/index.php\/2025\/01\/03\/columna-de-opinion-rendicion-de-cuentas-y-transparencia-en-chileun-reto-urgente\/","title":{"rendered":"Columna de Opini\u00f3n \u00abRendici\u00f3n de cuentas y transparencia en Chile: un reto urgente\u00bb"},"content":{"rendered":"<p>Compartimos la columna de opini\u00f3n de Ang\u00e9lica C\u00e1rdenas, investigadora del Proyecto REDAR, y Judith Sch\u00f6nsteiner, acad\u00e9mica <a href=\"https:\/\/www.udp.cl\/\" target=\"_blank\" rel=\"noopener\">UDP<\/a> e investigadora de nuestra Plataforma, titulada <strong>\u201cRendici\u00f3n de Cuentas y Transparencia en Chile: Un Reto Urgente\u201d<\/strong>, publicada en <em>El Mercurio Legal<\/em>.<\/p>\n<p>En su an\u00e1lisis, las autoras destacan que, en un <strong>Estado de Derecho, la transparencia es fundamental no solo para permitir la participaci\u00f3n ciudadana en decisiones que impactan sus vidas, sino tambi\u00e9n para supervisar el actuar del Estado y los privados que puedan generar impactos negativos.<\/strong> Asimismo, subrayan que la transparencia es un pilar esencial para garantizar el respeto a los derechos humanos y el acceso a mecanismos de reparaci\u00f3n, especialmente en el marco de la regulaci\u00f3n de la responsabilidad corporativa.<\/p>\n<p>Te invitamos a leer el texto completo en <em>El Mercurio Legal<\/em> y reflexionar sobre c\u00f3mo avanzar hacia un Chile m\u00e1s transparente, justo y comprometido con la protecci\u00f3n de los derechos humanos.<\/p>\n<p><strong><a href=\"https:\/\/derechoshumanosyempresas.cl\/wp-content\/uploads\/2025\/01\/Rendicion-de-cuentas-y-transparencia-en-Chile_-un-reto-urgente.pdf\" class=\"pdfemb-viewer\" style=\"\" data-width=\"max\" data-height=\"max\" data-toolbar=\"both\" data-toolbar-fixed=\"on\">Rendicio\u0301n de cuentas y transparencia en Chile_ un reto urgente<\/a><\/strong><\/p>\n<p><strong>Lee m\u00e1s aqu\u00ed:<\/strong> <a href=\"https:\/\/www.elmercurio.com\/legal\/Registro\/Login.aspx?urlBack=\/Legal\/Noticias\/Opinion\/2024\/12\/30\/914586\/rendicion-cuentas-transparencia-chile.aspx\" target=\"_blank\" rel=\"noopener\">El Mercurio Legal<\/a><\/p>\n<p>&nbsp;<\/p>\n","protected":false},"excerpt":{"rendered":"<p>Compartimos la columna de opini\u00f3n de Ang\u00e9lica C\u00e1rdenas, investigadora del Proyecto REDAR, y Judith Sch\u00f6nsteiner, acad\u00e9mica UDP e investigadora de nuestra Plataforma, [&hellip;]<\/p>\n","protected":false},"author":1,"featured_media":2410,"comment_status":"open","ping_status":"open","sticky":false,"template":"","format":"standard","meta":{"footnotes":""},"categories":[82,43],"tags":[101,86,100],"class_list":["post-2406","post","type-post","status-publish","format-standard","has-post-thumbnail","hentry","category-de-interes","category-centro-de-informacion","tag-acceso-a-la-informacion","tag-derechos-humanos-y-empresas","tag-transparencia"],"yoast_head":"<!-- This site is optimized with the Yoast SEO plugin v27.4 - https:\/\/yoast.com\/product\/yoast-seo-wordpress\/ -->\n<title>Rendici\u00f3n de Cuentas y Transparencia en Chile: Un Reto Urgente<\/title>\n<meta name=\"description\" content=\"Columna de opini\u00f3n Rendici\u00f3n de Cuentas y Transparencia en Chile: Un Reto Urgente publicada en El Mercurio Legal\" \/>\n<meta name=\"robots\" content=\"index, follow, max-snippet:-1, max-image-preview:large, max-video-preview:-1\" \/>\n<link rel=\"canonical\" href=\"https:\/\/derechoshumanosyempresas.cl\/index.php\/2025\/01\/03\/columna-de-opinion-rendicion-de-cuentas-y-transparencia-en-chileun-reto-urgente\/\" \/>\n<meta property=\"og:locale\" content=\"es_ES\" \/>\n<meta property=\"og:type\" content=\"article\" \/>\n<meta property=\"og:title\" content=\"Rendici\u00f3n de Cuentas y Transparencia en Chile: Un Reto Urgente\" \/>\n<meta property=\"og:description\" content=\"Columna de opini\u00f3n Rendici\u00f3n de Cuentas y Transparencia en Chile: Un Reto Urgente publicada en El Mercurio Legal\" \/>\n<meta property=\"og:url\" content=\"https:\/\/derechoshumanosyempresas.cl\/index.php\/2025\/01\/03\/columna-de-opinion-rendicion-de-cuentas-y-transparencia-en-chileun-reto-urgente\/\" \/>\n<meta property=\"og:site_name\" content=\"Plataforma Chilena de la Sociedad Civil de Derechos Humanos y Empresas\" \/>\n<meta property=\"article:published_time\" content=\"2025-01-03T20:53:59+00:00\" \/>\n<meta property=\"article:modified_time\" content=\"2025-02-21T14:43:21+00:00\" \/>\n<meta property=\"og:image\" content=\"https:\/\/derechoshumanosyempresas.cl\/wp-content\/uploads\/2025\/01\/Columnas-DDHH-y-empresas-2.png\" \/>\n\t<meta property=\"og:image:width\" content=\"1080\" \/>\n\t<meta property=\"og:image:height\" content=\"1080\" \/>\n\t<meta property=\"og:image:type\" content=\"image\/png\" \/>\n<meta name=\"author\" content=\"admin\" \/>\n<meta name=\"twitter:card\" content=\"summary_large_image\" \/>\n<meta name=\"twitter:label1\" content=\"Escrito por\" \/>\n\t<meta name=\"twitter:data1\" content=\"admin\" \/>\n\t<meta name=\"twitter:label2\" content=\"Tiempo de lectura\" \/>\n\t<meta name=\"twitter:data2\" content=\"1 minuto\" \/>\n<script type=\"application\/ld+json\" class=\"yoast-schema-graph\">{\"@context\":\"https:\\\/\\\/schema.org\",\"@graph\":[{\"@type\":\"Article\",\"@id\":\"https:\\\/\\\/derechoshumanosyempresas.cl\\\/index.php\\\/2025\\\/01\\\/03\\\/columna-de-opinion-rendicion-de-cuentas-y-transparencia-en-chileun-reto-urgente\\\/#article\",\"isPartOf\":{\"@id\":\"https:\\\/\\\/derechoshumanosyempresas.cl\\\/index.php\\\/2025\\\/01\\\/03\\\/columna-de-opinion-rendicion-de-cuentas-y-transparencia-en-chileun-reto-urgente\\\/\"},\"author\":{\"name\":\"admin\",\"@id\":\"https:\\\/\\\/derechoshumanosyempresas.cl\\\/#\\\/schema\\\/person\\\/6476dd2bd26bc2ab59a33de40c2c2baa\"},\"headline\":\"Columna de Opini\u00f3n \u00abRendici\u00f3n de cuentas y transparencia en Chile: un reto urgente\u00bb\",\"datePublished\":\"2025-01-03T20:53:59+00:00\",\"dateModified\":\"2025-02-21T14:43:21+00:00\",\"mainEntityOfPage\":{\"@id\":\"https:\\\/\\\/derechoshumanosyempresas.cl\\\/index.php\\\/2025\\\/01\\\/03\\\/columna-de-opinion-rendicion-de-cuentas-y-transparencia-en-chileun-reto-urgente\\\/\"},\"wordCount\":208,\"commentCount\":0,\"image\":{\"@id\":\"https:\\\/\\\/derechoshumanosyempresas.cl\\\/index.php\\\/2025\\\/01\\\/03\\\/columna-de-opinion-rendicion-de-cuentas-y-transparencia-en-chileun-reto-urgente\\\/#primaryimage\"},\"thumbnailUrl\":\"https:\\\/\\\/derechoshumanosyempresas.cl\\\/wp-content\\\/uploads\\\/2025\\\/01\\\/Columnas-DDHH-y-empresas-2.png\",\"keywords\":[\"acceso a la informaci\u00f3n\",\"derechos humanos y empresas\",\"transparencia\"],\"articleSection\":[\"De \u00ednteres\",\"Noticias\"],\"inLanguage\":\"es\",\"potentialAction\":[{\"@type\":\"CommentAction\",\"name\":\"Comment\",\"target\":[\"https:\\\/\\\/derechoshumanosyempresas.cl\\\/index.php\\\/2025\\\/01\\\/03\\\/columna-de-opinion-rendicion-de-cuentas-y-transparencia-en-chileun-reto-urgente\\\/#respond\"]}]},{\"@type\":\"WebPage\",\"@id\":\"https:\\\/\\\/derechoshumanosyempresas.cl\\\/index.php\\\/2025\\\/01\\\/03\\\/columna-de-opinion-rendicion-de-cuentas-y-transparencia-en-chileun-reto-urgente\\\/\",\"url\":\"https:\\\/\\\/derechoshumanosyempresas.cl\\\/index.php\\\/2025\\\/01\\\/03\\\/columna-de-opinion-rendicion-de-cuentas-y-transparencia-en-chileun-reto-urgente\\\/\",\"name\":\"Rendici\u00f3n de Cuentas y Transparencia en Chile: Un Reto Urgente\",\"isPartOf\":{\"@id\":\"https:\\\/\\\/derechoshumanosyempresas.cl\\\/#website\"},\"primaryImageOfPage\":{\"@id\":\"https:\\\/\\\/derechoshumanosyempresas.cl\\\/index.php\\\/2025\\\/01\\\/03\\\/columna-de-opinion-rendicion-de-cuentas-y-transparencia-en-chileun-reto-urgente\\\/#primaryimage\"},\"image\":{\"@id\":\"https:\\\/\\\/derechoshumanosyempresas.cl\\\/index.php\\\/2025\\\/01\\\/03\\\/columna-de-opinion-rendicion-de-cuentas-y-transparencia-en-chileun-reto-urgente\\\/#primaryimage\"},\"thumbnailUrl\":\"https:\\\/\\\/derechoshumanosyempresas.cl\\\/wp-content\\\/uploads\\\/2025\\\/01\\\/Columnas-DDHH-y-empresas-2.png\",\"datePublished\":\"2025-01-03T20:53:59+00:00\",\"dateModified\":\"2025-02-21T14:43:21+00:00\",\"author\":{\"@id\":\"https:\\\/\\\/derechoshumanosyempresas.cl\\\/#\\\/schema\\\/person\\\/6476dd2bd26bc2ab59a33de40c2c2baa\"},\"description\":\"Columna de opini\u00f3n Rendici\u00f3n de Cuentas y Transparencia en Chile: Un Reto Urgente publicada en El Mercurio Legal\",\"breadcrumb\":{\"@id\":\"https:\\\/\\\/derechoshumanosyempresas.cl\\\/index.php\\\/2025\\\/01\\\/03\\\/columna-de-opinion-rendicion-de-cuentas-y-transparencia-en-chileun-reto-urgente\\\/#breadcrumb\"},\"inLanguage\":\"es\",\"potentialAction\":[{\"@type\":\"ReadAction\",\"target\":[\"https:\\\/\\\/derechoshumanosyempresas.cl\\\/index.php\\\/2025\\\/01\\\/03\\\/columna-de-opinion-rendicion-de-cuentas-y-transparencia-en-chileun-reto-urgente\\\/\"]}]},{\"@type\":\"ImageObject\",\"inLanguage\":\"es\",\"@id\":\"https:\\\/\\\/derechoshumanosyempresas.cl\\\/index.php\\\/2025\\\/01\\\/03\\\/columna-de-opinion-rendicion-de-cuentas-y-transparencia-en-chileun-reto-urgente\\\/#primaryimage\",\"url\":\"https:\\\/\\\/derechoshumanosyempresas.cl\\\/wp-content\\\/uploads\\\/2025\\\/01\\\/Columnas-DDHH-y-empresas-2.png\",\"contentUrl\":\"https:\\\/\\\/derechoshumanosyempresas.cl\\\/wp-content\\\/uploads\\\/2025\\\/01\\\/Columnas-DDHH-y-empresas-2.png\",\"width\":1080,\"height\":1080},{\"@type\":\"BreadcrumbList\",\"@id\":\"https:\\\/\\\/derechoshumanosyempresas.cl\\\/index.php\\\/2025\\\/01\\\/03\\\/columna-de-opinion-rendicion-de-cuentas-y-transparencia-en-chileun-reto-urgente\\\/#breadcrumb\",\"itemListElement\":[{\"@type\":\"ListItem\",\"position\":1,\"name\":\"Portada\",\"item\":\"https:\\\/\\\/derechoshumanosyempresas.cl\\\/\"},{\"@type\":\"ListItem\",\"position\":2,\"name\":\"Columna de Opini\u00f3n \u00abRendici\u00f3n de cuentas y transparencia en Chile: un reto urgente\u00bb\"}]},{\"@type\":\"WebSite\",\"@id\":\"https:\\\/\\\/derechoshumanosyempresas.cl\\\/#website\",\"url\":\"https:\\\/\\\/derechoshumanosyempresas.cl\\\/\",\"name\":\"Plataforma Chilena de la Sociedad Civil de Derechos Humanos y Empresas\",\"description\":\"\",\"potentialAction\":[{\"@type\":\"SearchAction\",\"target\":{\"@type\":\"EntryPoint\",\"urlTemplate\":\"https:\\\/\\\/derechoshumanosyempresas.cl\\\/?s={search_term_string}\"},\"query-input\":{\"@type\":\"PropertyValueSpecification\",\"valueRequired\":true,\"valueName\":\"search_term_string\"}}],\"inLanguage\":\"es\"},{\"@type\":\"Person\",\"@id\":\"https:\\\/\\\/derechoshumanosyempresas.cl\\\/#\\\/schema\\\/person\\\/6476dd2bd26bc2ab59a33de40c2c2baa\",\"name\":\"admin\",\"image\":{\"@type\":\"ImageObject\",\"inLanguage\":\"es\",\"@id\":\"https:\\\/\\\/secure.gravatar.com\\\/avatar\\\/e482226d0b315127399077d5c4b71da7603e497013d2412b38a9884e70d87e81?s=96&d=mm&r=g\",\"url\":\"https:\\\/\\\/secure.gravatar.com\\\/avatar\\\/e482226d0b315127399077d5c4b71da7603e497013d2412b38a9884e70d87e81?s=96&d=mm&r=g\",\"contentUrl\":\"https:\\\/\\\/secure.gravatar.com\\\/avatar\\\/e482226d0b315127399077d5c4b71da7603e497013d2412b38a9884e70d87e81?s=96&d=mm&r=g\",\"caption\":\"admin\"},\"sameAs\":[\"https:\\\/\\\/derechoshumanosyempresas.cl\"],\"url\":\"https:\\\/\\\/derechoshumanosyempresas.cl\\\/index.php\\\/author\\\/admin\\\/\"}]}<\/script>\n<!-- \/ Yoast SEO plugin. -->","yoast_head_json":{"title":"Rendici\u00f3n de Cuentas y Transparencia en Chile: Un Reto Urgente","description":"Columna de opini\u00f3n Rendici\u00f3n de Cuentas y Transparencia en Chile: Un Reto Urgente publicada en El Mercurio Legal","robots":{"index":"index","follow":"follow","max-snippet":"max-snippet:-1","max-image-preview":"max-image-preview:large","max-video-preview":"max-video-preview:-1"},"canonical":"https:\/\/derechoshumanosyempresas.cl\/index.php\/2025\/01\/03\/columna-de-opinion-rendicion-de-cuentas-y-transparencia-en-chileun-reto-urgente\/","og_locale":"es_ES","og_type":"article","og_title":"Rendici\u00f3n de Cuentas y Transparencia en Chile: Un Reto Urgente","og_description":"Columna de opini\u00f3n Rendici\u00f3n de Cuentas y Transparencia en Chile: Un Reto Urgente publicada en El Mercurio Legal","og_url":"https:\/\/derechoshumanosyempresas.cl\/index.php\/2025\/01\/03\/columna-de-opinion-rendicion-de-cuentas-y-transparencia-en-chileun-reto-urgente\/","og_site_name":"Plataforma Chilena de la Sociedad Civil de Derechos Humanos y Empresas","article_published_time":"2025-01-03T20:53:59+00:00","article_modified_time":"2025-02-21T14:43:21+00:00","og_image":[{"width":1080,"height":1080,"url":"https:\/\/derechoshumanosyempresas.cl\/wp-content\/uploads\/2025\/01\/Columnas-DDHH-y-empresas-2.png","type":"image\/png"}],"author":"admin","twitter_card":"summary_large_image","twitter_misc":{"Escrito por":"admin","Tiempo de lectura":"1 minuto"},"schema":{"@context":"https:\/\/schema.org","@graph":[{"@type":"Article","@id":"https:\/\/derechoshumanosyempresas.cl\/index.php\/2025\/01\/03\/columna-de-opinion-rendicion-de-cuentas-y-transparencia-en-chileun-reto-urgente\/#article","isPartOf":{"@id":"https:\/\/derechoshumanosyempresas.cl\/index.php\/2025\/01\/03\/columna-de-opinion-rendicion-de-cuentas-y-transparencia-en-chileun-reto-urgente\/"},"author":{"name":"admin","@id":"https:\/\/derechoshumanosyempresas.cl\/#\/schema\/person\/6476dd2bd26bc2ab59a33de40c2c2baa"},"headline":"Columna de Opini\u00f3n \u00abRendici\u00f3n de cuentas y transparencia en Chile: un reto urgente\u00bb","datePublished":"2025-01-03T20:53:59+00:00","dateModified":"2025-02-21T14:43:21+00:00","mainEntityOfPage":{"@id":"https:\/\/derechoshumanosyempresas.cl\/index.php\/2025\/01\/03\/columna-de-opinion-rendicion-de-cuentas-y-transparencia-en-chileun-reto-urgente\/"},"wordCount":208,"commentCount":0,"image":{"@id":"https:\/\/derechoshumanosyempresas.cl\/index.php\/2025\/01\/03\/columna-de-opinion-rendicion-de-cuentas-y-transparencia-en-chileun-reto-urgente\/#primaryimage"},"thumbnailUrl":"https:\/\/derechoshumanosyempresas.cl\/wp-content\/uploads\/2025\/01\/Columnas-DDHH-y-empresas-2.png","keywords":["acceso a la informaci\u00f3n","derechos humanos y empresas","transparencia"],"articleSection":["De \u00ednteres","Noticias"],"inLanguage":"es","potentialAction":[{"@type":"CommentAction","name":"Comment","target":["https:\/\/derechoshumanosyempresas.cl\/index.php\/2025\/01\/03\/columna-de-opinion-rendicion-de-cuentas-y-transparencia-en-chileun-reto-urgente\/#respond"]}]},{"@type":"WebPage","@id":"https:\/\/derechoshumanosyempresas.cl\/index.php\/2025\/01\/03\/columna-de-opinion-rendicion-de-cuentas-y-transparencia-en-chileun-reto-urgente\/","url":"https:\/\/derechoshumanosyempresas.cl\/index.php\/2025\/01\/03\/columna-de-opinion-rendicion-de-cuentas-y-transparencia-en-chileun-reto-urgente\/","name":"Rendici\u00f3n de Cuentas y Transparencia en Chile: Un Reto Urgente","isPartOf":{"@id":"https:\/\/derechoshumanosyempresas.cl\/#website"},"primaryImageOfPage":{"@id":"https:\/\/derechoshumanosyempresas.cl\/index.php\/2025\/01\/03\/columna-de-opinion-rendicion-de-cuentas-y-transparencia-en-chileun-reto-urgente\/#primaryimage"},"image":{"@id":"https:\/\/derechoshumanosyempresas.cl\/index.php\/2025\/01\/03\/columna-de-opinion-rendicion-de-cuentas-y-transparencia-en-chileun-reto-urgente\/#primaryimage"},"thumbnailUrl":"https:\/\/derechoshumanosyempresas.cl\/wp-content\/uploads\/2025\/01\/Columnas-DDHH-y-empresas-2.png","datePublished":"2025-01-03T20:53:59+00:00","dateModified":"2025-02-21T14:43:21+00:00","author":{"@id":"https:\/\/derechoshumanosyempresas.cl\/#\/schema\/person\/6476dd2bd26bc2ab59a33de40c2c2baa"},"description":"Columna de opini\u00f3n Rendici\u00f3n de Cuentas y Transparencia en Chile: Un Reto Urgente publicada en El Mercurio Legal","breadcrumb":{"@id":"https:\/\/derechoshumanosyempresas.cl\/index.php\/2025\/01\/03\/columna-de-opinion-rendicion-de-cuentas-y-transparencia-en-chileun-reto-urgente\/#breadcrumb"},"inLanguage":"es","potentialAction":[{"@type":"ReadAction","target":["https:\/\/derechoshumanosyempresas.cl\/index.php\/2025\/01\/03\/columna-de-opinion-rendicion-de-cuentas-y-transparencia-en-chileun-reto-urgente\/"]}]},{"@type":"ImageObject","inLanguage":"es","@id":"https:\/\/derechoshumanosyempresas.cl\/index.php\/2025\/01\/03\/columna-de-opinion-rendicion-de-cuentas-y-transparencia-en-chileun-reto-urgente\/#primaryimage","url":"https:\/\/derechoshumanosyempresas.cl\/wp-content\/uploads\/2025\/01\/Columnas-DDHH-y-empresas-2.png","contentUrl":"https:\/\/derechoshumanosyempresas.cl\/wp-content\/uploads\/2025\/01\/Columnas-DDHH-y-empresas-2.png","width":1080,"height":1080},{"@type":"BreadcrumbList","@id":"https:\/\/derechoshumanosyempresas.cl\/index.php\/2025\/01\/03\/columna-de-opinion-rendicion-de-cuentas-y-transparencia-en-chileun-reto-urgente\/#breadcrumb","itemListElement":[{"@type":"ListItem","position":1,"name":"Portada","item":"https:\/\/derechoshumanosyempresas.cl\/"},{"@type":"ListItem","position":2,"name":"Columna de Opini\u00f3n \u00abRendici\u00f3n de cuentas y transparencia en Chile: un reto urgente\u00bb"}]},{"@type":"WebSite","@id":"https:\/\/derechoshumanosyempresas.cl\/#website","url":"https:\/\/derechoshumanosyempresas.cl\/","name":"Plataforma Chilena de la Sociedad Civil de Derechos Humanos y Empresas","description":"","potentialAction":[{"@type":"SearchAction","target":{"@type":"EntryPoint","urlTemplate":"https:\/\/derechoshumanosyempresas.cl\/?s={search_term_string}"},"query-input":{"@type":"PropertyValueSpecification","valueRequired":true,"valueName":"search_term_string"}}],"inLanguage":"es"},{"@type":"Person","@id":"https:\/\/derechoshumanosyempresas.cl\/#\/schema\/person\/6476dd2bd26bc2ab59a33de40c2c2baa","name":"admin","image":{"@type":"ImageObject","inLanguage":"es","@id":"https:\/\/secure.gravatar.com\/avatar\/e482226d0b315127399077d5c4b71da7603e497013d2412b38a9884e70d87e81?s=96&d=mm&r=g","url":"https:\/\/secure.gravatar.com\/avatar\/e482226d0b315127399077d5c4b71da7603e497013d2412b38a9884e70d87e81?s=96&d=mm&r=g","contentUrl":"https:\/\/secure.gravatar.com\/avatar\/e482226d0b315127399077d5c4b71da7603e497013d2412b38a9884e70d87e81?s=96&d=mm&r=g","caption":"admin"},"sameAs":["https:\/\/derechoshumanosyempresas.cl"],"url":"https:\/\/derechoshumanosyempresas.cl\/index.php\/author\/admin\/"}]}},"wpmagazine_modules_lite_featured_media_urls":{"thumbnail":["https:\/\/derechoshumanosyempresas.cl\/wp-content\/uploads\/2025\/01\/Columnas-DDHH-y-empresas-2-150x150.png",150,150,true],"cvmm-medium":["https:\/\/derechoshumanosyempresas.cl\/wp-content\/uploads\/2025\/01\/Columnas-DDHH-y-empresas-2-300x300.png",300,300,true],"cvmm-medium-plus":["https:\/\/derechoshumanosyempresas.cl\/wp-content\/uploads\/2025\/01\/Columnas-DDHH-y-empresas-2-305x207.png",305,207,true],"cvmm-portrait":["https:\/\/derechoshumanosyempresas.cl\/wp-content\/uploads\/2025\/01\/Columnas-DDHH-y-empresas-2-400x600.png",400,600,true],"cvmm-medium-square":["https:\/\/derechoshumanosyempresas.cl\/wp-content\/uploads\/2025\/01\/Columnas-DDHH-y-empresas-2-600x600.png",600,600,true],"cvmm-large":["https:\/\/derechoshumanosyempresas.cl\/wp-content\/uploads\/2025\/01\/Columnas-DDHH-y-empresas-2-1024x1024.png",1024,1024,true],"cvmm-small":["https:\/\/derechoshumanosyempresas.cl\/wp-content\/uploads\/2025\/01\/Columnas-DDHH-y-empresas-2-130x95.png",130,95,true],"full":["https:\/\/derechoshumanosyempresas.cl\/wp-content\/uploads\/2025\/01\/Columnas-DDHH-y-empresas-2.png",1080,1080,false]},"categories_names":{"82":{"name":"De \u00ednteres","link":"https:\/\/derechoshumanosyempresas.cl\/index.php\/category\/de-interes\/"},"43":{"name":"Noticias","link":"https:\/\/derechoshumanosyempresas.cl\/index.php\/category\/centro-de-informacion\/"}},"tags_names":{"101":{"name":"acceso a la informaci\u00f3n","link":"https:\/\/derechoshumanosyempresas.cl\/index.php\/tag\/acceso-a-la-informacion\/"},"86":{"name":"derechos humanos y empresas","link":"https:\/\/derechoshumanosyempresas.cl\/index.php\/tag\/derechos-humanos-y-empresas\/"},"100":{"name":"transparencia","link":"https:\/\/derechoshumanosyempresas.cl\/index.php\/tag\/transparencia\/"}},"comments_number":"0","_links":{"self":[{"href":"https:\/\/derechoshumanosyempresas.cl\/index.php\/wp-json\/wp\/v2\/posts\/2406","targetHints":{"allow":["GET"]}}],"collection":[{"href":"https:\/\/derechoshumanosyempresas.cl\/index.php\/wp-json\/wp\/v2\/posts"}],"about":[{"href":"https:\/\/derechoshumanosyempresas.cl\/index.php\/wp-json\/wp\/v2\/types\/post"}],"author":[{"embeddable":true,"href":"https:\/\/derechoshumanosyempresas.cl\/index.php\/wp-json\/wp\/v2\/users\/1"}],"replies":[{"embeddable":true,"href":"https:\/\/derechoshumanosyempresas.cl\/index.php\/wp-json\/wp\/v2\/comments?post=2406"}],"version-history":[{"count":0,"href":"https:\/\/derechoshumanosyempresas.cl\/index.php\/wp-json\/wp\/v2\/posts\/2406\/revisions"}],"wp:featuredmedia":[{"embeddable":true,"href":"https:\/\/derechoshumanosyempresas.cl\/index.php\/wp-json\/wp\/v2\/media\/2410"}],"wp:attachment":[{"href":"https:\/\/derechoshumanosyempresas.cl\/index.php\/wp-json\/wp\/v2\/media?parent=2406"}],"wp:term":[{"taxonomy":"category","embeddable":true,"href":"https:\/\/derechoshumanosyempresas.cl\/index.php\/wp-json\/wp\/v2\/categories?post=2406"},{"taxonomy":"post_tag","embeddable":true,"href":"https:\/\/derechoshumanosyempresas.cl\/index.php\/wp-json\/wp\/v2\/tags?post=2406"}],"curies":[{"name":"wp","href":"https:\/\/api.w.org\/{rel}","templated":true}]}}