{"id":2393,"date":"2024-12-05T21:24:46","date_gmt":"2024-12-05T21:24:46","guid":{"rendered":"https:\/\/derechoshumanosyempresas.cl\/?p=2393"},"modified":"2024-12-06T14:25:50","modified_gmt":"2024-12-06T14:25:50","slug":"plataforma-de-derechos-humanos-y-empresas-aborda-desafios-normativos-en-america-latina-sobre-derechos-humanos-en-foro-internacional","status":"publish","type":"post","link":"https:\/\/derechoshumanosyempresas.cl\/index.php\/2024\/12\/05\/plataforma-de-derechos-humanos-y-empresas-aborda-desafios-normativos-en-america-latina-sobre-derechos-humanos-en-foro-internacional\/","title":{"rendered":"Plataforma de Derechos Humanos y Empresas aborda desaf\u00edos normativos en Am\u00e9rica Latina sobre derechos humanos en foro internacional"},"content":{"rendered":"<h4><strong><i>Con una mirada cr\u00edtica hacia las tensiones entre desarrollo y derechos humanos, la Plataforma Chilena expuso en Ginebra los desaf\u00edos normativos en Am\u00e9rica Latina y c\u00f3mo las agendas pro-inversi\u00f3n y la captura corporativa impactan derechos fundamentales.\u00a0<\/i><\/strong><\/h4>\n<p><span style=\"font-weight: 400;\">La Plataforma Chilena de la Sociedad Civil sobre Derechos Humanos y Empresas tuvo un rol destacado en el <a href=\"https:\/\/www.ohchr.org\/es\/events\/sessions\/2024\/13th-united-nations-forum-business-and-human-rights\" target=\"_blank\" rel=\"noopener\">13\u00ba Foro de Naciones Unidas sobre Derechos Humanos y Empresas<\/a>, celebrado en Ginebra entre el 25 y 27 de noviembre. Esto como parte de las actividades que se desarrollan en el marco del Proyecto REDAR (Respeto Empresarial, Derechos, Ambiente y Responsabilidad), financiado por la Uni\u00f3n Europea.\u00a0<\/span><\/p>\n<p><span style=\"font-weight: 400;\">Este evento constituye <strong>el espacio global m\u00e1s importante para analizar los impactos empresariales en comunidades y el medioambiente, promoviendo estrategias que respeten los derechos humanos.<\/strong> Durante tres d\u00edas, reuni\u00f3 a m\u00e1s de 2.000 participantes de gobiernos, empresas, sociedad civil, sindicatos y organismos internacionales en m\u00e1s de 60 mesas redondas sobre los <a href=\"https:\/\/www.minrel.gob.cl\/minrel\/ministerio\/direcciones\/derechos-humanos\/derechos-humanos-y-empresas\" target=\"_blank\" rel=\"noopener\">Principios Rectores de la ONU<\/a> y temas emergentes, fomentando el intercambio de experiencias, colaboraci\u00f3n internacional y pol\u00edticas que equilibren desarrollo econ\u00f3mico y derechos humanos.<\/span><\/p>\n<h3><b><img fetchpriority=\"high\" decoding=\"async\" class=\"wp-image-2395 size-medium alignleft\" src=\"https:\/\/derechoshumanosyempresas.cl\/wp-content\/uploads\/2024\/12\/IMG_20241126_171345-300x225.jpg\" alt=\"\" width=\"300\" height=\"225\" srcset=\"https:\/\/derechoshumanosyempresas.cl\/wp-content\/uploads\/2024\/12\/IMG_20241126_171345-300x225.jpg 300w, https:\/\/derechoshumanosyempresas.cl\/wp-content\/uploads\/2024\/12\/IMG_20241126_171345-1024x768.jpg 1024w, https:\/\/derechoshumanosyempresas.cl\/wp-content\/uploads\/2024\/12\/IMG_20241126_171345-768x576.jpg 768w, https:\/\/derechoshumanosyempresas.cl\/wp-content\/uploads\/2024\/12\/IMG_20241126_171345-1536x1152.jpg 1536w, https:\/\/derechoshumanosyempresas.cl\/wp-content\/uploads\/2024\/12\/IMG_20241126_171345-2048x1536.jpg 2048w, https:\/\/derechoshumanosyempresas.cl\/wp-content\/uploads\/2024\/12\/IMG_20241126_171345-1000x750.jpg 1000w, https:\/\/derechoshumanosyempresas.cl\/wp-content\/uploads\/2024\/12\/IMG_20241126_171345-230x173.jpg 230w, https:\/\/derechoshumanosyempresas.cl\/wp-content\/uploads\/2024\/12\/IMG_20241126_171345-350x263.jpg 350w, https:\/\/derechoshumanosyempresas.cl\/wp-content\/uploads\/2024\/12\/IMG_20241126_171345-480x360.jpg 480w\" sizes=\"(max-width: 300px) 100vw, 300px\" \/>Participaci\u00f3n clave<\/b><\/h3>\n<p>En particular, la Plataforma particip\u00f3 en eventos y paneles que resaltaron los desaf\u00edos de la regi\u00f3n para avanzar en marcos legales que aseguren la responsabilidad empresarial respecto a los derechos humanos y el medioambiente. Por ejemplo, en el panel <strong>\u201cHacia una rendici\u00f3n de cuentas corporativa m\u00e1s efectiva en Am\u00e9rica Latina\u201d<\/strong>, se discuti\u00f3 sobre la insuficiencia de los <a href=\"https:\/\/www.derechoshumanos.gob.cl\/plan-de-accion-nacional-de-derechos-humanos-y-empresas-pan\/#:~:text=El%20Plan%20de%20Acci%C3%B3n%20Nacional,2011%2C%20con%20el%20objeto%20de\" target=\"_blank\" rel=\"noopener\">Planes de Acci\u00f3n Nacional (PAN)<\/a> y la relevancia de proponer iniciativas legislativas comprehensivas en pa\u00edses como Chile, Brasil, Per\u00fa y Colombia, a pesar de los obst\u00e1culos derivados de agendas pro inversi\u00f3n que amenazan con revertir avances en la protecci\u00f3n de derechos humanos.<\/p>\n<p><span style=\"font-weight: 400;\"><strong>\u201cLa importancia de esta participaci\u00f3n radica en la capacidad de incidir en las discusiones globales desde una perspectiva regional, visibilizando los desaf\u00edos \u00fanicos de Am\u00e9rica Latina<\/strong> y fortaleciendo las redes entre organizaciones de la sociedad civil para impulsar agendas sectoriales que promuevan marcos normativos efectivos y respetuosos de los derechos humanos\u201d, se\u00f1al\u00f3 Juan Carlos Cayo, coordinador Plataforma de DDHH y Empresas.<\/span><\/p>\n<h3><b>Panel de conversaci\u00f3n\u00a0<\/b><\/h3>\n<p><span style=\"font-weight: 400;\">Jos\u00e9 Aylwin, miembro de la Plataforma y co-director del <a href=\"https:\/\/observatorio.cl\/\" target=\"_blank\" rel=\"noopener\">Observatorio Ciudadano<\/a>, particip\u00f3 en el panel \u201cHacia una rendici\u00f3n de cuentas corporativa m\u00e1s efectiva en Am\u00e9rica Latina\u201d, donde se discutieron tendencias normativas, obst\u00e1culos para implementar marcos legales y la relevancia de la debida diligencia para prevenir violaciones de derechos.<\/span><\/p>\n<p><span style=\"font-weight: 400;\"><img decoding=\"async\" class=\"wp-image-2397 size-medium alignleft\" src=\"https:\/\/derechoshumanosyempresas.cl\/wp-content\/uploads\/2024\/12\/WhatsApp-Image-2024-11-27-at-16.14.06-300x225.jpeg\" alt=\"\" width=\"300\" height=\"225\" srcset=\"https:\/\/derechoshumanosyempresas.cl\/wp-content\/uploads\/2024\/12\/WhatsApp-Image-2024-11-27-at-16.14.06-300x225.jpeg 300w, https:\/\/derechoshumanosyempresas.cl\/wp-content\/uploads\/2024\/12\/WhatsApp-Image-2024-11-27-at-16.14.06-1024x768.jpeg 1024w, https:\/\/derechoshumanosyempresas.cl\/wp-content\/uploads\/2024\/12\/WhatsApp-Image-2024-11-27-at-16.14.06-768x576.jpeg 768w, https:\/\/derechoshumanosyempresas.cl\/wp-content\/uploads\/2024\/12\/WhatsApp-Image-2024-11-27-at-16.14.06-1536x1152.jpeg 1536w, https:\/\/derechoshumanosyempresas.cl\/wp-content\/uploads\/2024\/12\/WhatsApp-Image-2024-11-27-at-16.14.06-1000x750.jpeg 1000w, https:\/\/derechoshumanosyempresas.cl\/wp-content\/uploads\/2024\/12\/WhatsApp-Image-2024-11-27-at-16.14.06-230x173.jpeg 230w, https:\/\/derechoshumanosyempresas.cl\/wp-content\/uploads\/2024\/12\/WhatsApp-Image-2024-11-27-at-16.14.06-350x263.jpeg 350w, https:\/\/derechoshumanosyempresas.cl\/wp-content\/uploads\/2024\/12\/WhatsApp-Image-2024-11-27-at-16.14.06-480x360.jpeg 480w, https:\/\/derechoshumanosyempresas.cl\/wp-content\/uploads\/2024\/12\/WhatsApp-Image-2024-11-27-at-16.14.06.jpeg 1600w\" sizes=\"(max-width: 300px) 100vw, 300px\" \/>En su intervenci\u00f3n, el integrante de la Plataforma de DDHH y Empresas reflexion\u00f3 sobre los retos que enfrenta Am\u00e9rica Latina para avanzar en marcos normativos que garanticen la protecci\u00f3n de los derechos humanos en el contexto empresarial. \u201cEn varios pa\u00edses de la regi\u00f3n, se constata que los marcos que posibilitan la participaci\u00f3n ciudadana; la consulta y el Consentimiento Libre, Previo e Informado (CLPI) de los Pueblos Ind\u00edgenas; el derecho al medio ambiente; y el derecho a la protesta social, entre otros, est\u00e1n siendo restringidos por legislaciones o pol\u00edticas impulsadas por los gobiernos. <strong>Esto es consecuencia de la presi\u00f3n que las corporaciones ejercen sobre los poderes p\u00fablicos para acelerar la aprobaci\u00f3n de sus inversiones, en su mayor\u00eda extractivas,<\/strong> dominantes hoy en la regi\u00f3n, evidenciando muchas veces su captura corporativa de estos\u201d, se\u00f1al\u00f3 Aylwin<\/span><b>.<\/b><span style=\"font-weight: 400;\">\u00a0<\/span><\/p>\n<p><span style=\"font-weight: 400;\">A pesar de este panorama adverso, el co- director del Observatorio Ciudadano, destac\u00f3 tendencias positivas como el <a href=\"https:\/\/acuerdodeescazu.cepal.org\/cop3\/es\/programa\/plan-accion-regional-defensoras-defensores-derechos-humanos-asuntos-ambientales\" target=\"_blank\" rel=\"noopener\">Plan de Acci\u00f3n Regional para Defensores Ambientales<\/a>, vinculado al <a href=\"https:\/\/www.cepal.org\/es\/acuerdodeescazu\" target=\"_blank\" rel=\"noopener\">Acuerdo de Escaz\u00fa<\/a>, y la reciente sentencia de la <a href=\"https:\/\/www.corteidh.or.cr\/\" target=\"_blank\" rel=\"noopener\">Corte Interamericana de Derechos Humanos<\/a> en el caso de La Oroya, que refuerza la responsabilidad de los estados y las empresas en la protecci\u00f3n de derechos humanos y ambientales.\u00a0<\/span><\/p>\n<h3><b>Retos para la Plataforma<\/b><\/h3>\n<p><span style=\"font-weight: 400;\">En este contexto, la Plataforma contin\u00faa articulando esfuerzos con otras organizaciones regionales para incidir en agendas sectoriales y proponer normativas que regulen actividades empresariales, incluyendo las de empresas p\u00fablicas.\u00a0<\/span><\/p>\n<p><span style=\"font-weight: 400;\">El foro destac\u00f3 la urgente necesidad de crear marcos legales que obliguen a las empresas, incluidas las estatales, a respetar los derechos humanos. Por otra parte, subray\u00f3 la importancia de i<strong>mplementar mecanismos de prevenci\u00f3n y reparaci\u00f3n que incluyan la consulta previa y la participaci\u00f3n de comunidades ind\u00edgenas afectadas<\/strong>, para proteger sus derechos y prevenir impactos negativos de proyectos de inversi\u00f3n.<\/span><\/p>\n<p><span style=\"font-weight: 400;\">\u201cEstas conclusiones son especialmente significativas frente a iniciativas como el <a href=\"https:\/\/www.camara.cl\/legislacion\/ProyectosDeLey\/tramitacion.aspx?prmID=17134&amp;prmBOLETIN=16566-03\" target=\"_blank\" rel=\"noopener\">Proyecto de Ley Marco de Autorizaciones Sectoriales<\/a>, que busca agilizar la aprobaci\u00f3n de proyectos de inversi\u00f3n, pero que podr\u00eda debilitar est\u00e1ndares de participaci\u00f3n ciudadana y consulta ind\u00edgena. La Plataforma destaca la importancia de no solo preservar, sino tambi\u00e9n fortalecer estos est\u00e1ndares para garantizar la protecci\u00f3n efectiva de derechos\u201d, coment\u00f3 Cayo.\u00a0<\/span><\/p>\n","protected":false},"excerpt":{"rendered":"<p>Con una mirada cr\u00edtica hacia las tensiones entre desarrollo y derechos humanos, la Plataforma Chilena expuso en Ginebra los desaf\u00edos normativos en [&hellip;]<\/p>\n","protected":false},"author":1,"featured_media":2394,"comment_status":"open","ping_status":"open","sticky":false,"template":"","format":"standard","meta":{"footnotes":""},"categories":[43],"tags":[83,86,98],"class_list":["post-2393","post","type-post","status-publish","format-standard","has-post-thumbnail","hentry","category-centro-de-informacion","tag-derechos-humanos","tag-derechos-humanos-y-empresas","tag-onu"],"yoast_head":"<!-- This site is optimized with the Yoast SEO plugin v27.4 - https:\/\/yoast.com\/product\/yoast-seo-wordpress\/ -->\n<title>Plataforma de Derechos Humanos participa en foro internacional<\/title>\n<meta name=\"description\" content=\"La Plataforma de Derechos Humanos y Empresas abord\u00f3 desaf\u00edos normativos en Am\u00e9rica Latina sobre derechos humanos en foro internacional\" \/>\n<meta name=\"robots\" content=\"index, follow, max-snippet:-1, max-image-preview:large, max-video-preview:-1\" \/>\n<link rel=\"canonical\" href=\"https:\/\/derechoshumanosyempresas.cl\/index.php\/2024\/12\/05\/plataforma-de-derechos-humanos-y-empresas-aborda-desafios-normativos-en-america-latina-sobre-derechos-humanos-en-foro-internacional\/\" \/>\n<meta property=\"og:locale\" content=\"es_ES\" \/>\n<meta property=\"og:type\" content=\"article\" \/>\n<meta property=\"og:title\" content=\"Plataforma de Derechos Humanos participa en foro internacional\" \/>\n<meta property=\"og:description\" content=\"La Plataforma de Derechos Humanos y Empresas abord\u00f3 desaf\u00edos normativos en Am\u00e9rica Latina sobre derechos humanos en foro internacional\" \/>\n<meta property=\"og:url\" content=\"https:\/\/derechoshumanosyempresas.cl\/index.php\/2024\/12\/05\/plataforma-de-derechos-humanos-y-empresas-aborda-desafios-normativos-en-america-latina-sobre-derechos-humanos-en-foro-internacional\/\" \/>\n<meta property=\"og:site_name\" content=\"Plataforma Chilena de la Sociedad Civil de Derechos Humanos y Empresas\" \/>\n<meta property=\"article:published_time\" content=\"2024-12-05T21:24:46+00:00\" \/>\n<meta property=\"article:modified_time\" content=\"2024-12-06T14:25:50+00:00\" \/>\n<meta property=\"og:image\" content=\"https:\/\/derechoshumanosyempresas.cl\/wp-content\/uploads\/2024\/12\/IMG_20241125_164226-scaled.jpg\" \/>\n\t<meta property=\"og:image:width\" content=\"2560\" \/>\n\t<meta property=\"og:image:height\" content=\"1920\" \/>\n\t<meta property=\"og:image:type\" content=\"image\/jpeg\" \/>\n<meta name=\"author\" content=\"admin\" \/>\n<meta name=\"twitter:card\" content=\"summary_large_image\" \/>\n<meta name=\"twitter:label1\" content=\"Escrito por\" \/>\n\t<meta name=\"twitter:data1\" content=\"admin\" \/>\n\t<meta name=\"twitter:label2\" content=\"Tiempo de lectura\" \/>\n\t<meta name=\"twitter:data2\" content=\"4 minutos\" \/>\n<script type=\"application\/ld+json\" class=\"yoast-schema-graph\">{\"@context\":\"https:\\\/\\\/schema.org\",\"@graph\":[{\"@type\":\"Article\",\"@id\":\"https:\\\/\\\/derechoshumanosyempresas.cl\\\/index.php\\\/2024\\\/12\\\/05\\\/plataforma-de-derechos-humanos-y-empresas-aborda-desafios-normativos-en-america-latina-sobre-derechos-humanos-en-foro-internacional\\\/#article\",\"isPartOf\":{\"@id\":\"https:\\\/\\\/derechoshumanosyempresas.cl\\\/index.php\\\/2024\\\/12\\\/05\\\/plataforma-de-derechos-humanos-y-empresas-aborda-desafios-normativos-en-america-latina-sobre-derechos-humanos-en-foro-internacional\\\/\"},\"author\":{\"name\":\"admin\",\"@id\":\"https:\\\/\\\/derechoshumanosyempresas.cl\\\/#\\\/schema\\\/person\\\/6476dd2bd26bc2ab59a33de40c2c2baa\"},\"headline\":\"Plataforma de Derechos Humanos y Empresas aborda desaf\u00edos normativos en Am\u00e9rica Latina sobre derechos humanos en foro internacional\",\"datePublished\":\"2024-12-05T21:24:46+00:00\",\"dateModified\":\"2024-12-06T14:25:50+00:00\",\"mainEntityOfPage\":{\"@id\":\"https:\\\/\\\/derechoshumanosyempresas.cl\\\/index.php\\\/2024\\\/12\\\/05\\\/plataforma-de-derechos-humanos-y-empresas-aborda-desafios-normativos-en-america-latina-sobre-derechos-humanos-en-foro-internacional\\\/\"},\"wordCount\":818,\"commentCount\":0,\"image\":{\"@id\":\"https:\\\/\\\/derechoshumanosyempresas.cl\\\/index.php\\\/2024\\\/12\\\/05\\\/plataforma-de-derechos-humanos-y-empresas-aborda-desafios-normativos-en-america-latina-sobre-derechos-humanos-en-foro-internacional\\\/#primaryimage\"},\"thumbnailUrl\":\"https:\\\/\\\/derechoshumanosyempresas.cl\\\/wp-content\\\/uploads\\\/2024\\\/12\\\/IMG_20241125_164226-scaled.jpg\",\"keywords\":[\"derechos humanos\",\"derechos humanos y empresas\",\"onu\"],\"articleSection\":[\"Noticias\"],\"inLanguage\":\"es\",\"potentialAction\":[{\"@type\":\"CommentAction\",\"name\":\"Comment\",\"target\":[\"https:\\\/\\\/derechoshumanosyempresas.cl\\\/index.php\\\/2024\\\/12\\\/05\\\/plataforma-de-derechos-humanos-y-empresas-aborda-desafios-normativos-en-america-latina-sobre-derechos-humanos-en-foro-internacional\\\/#respond\"]}]},{\"@type\":\"WebPage\",\"@id\":\"https:\\\/\\\/derechoshumanosyempresas.cl\\\/index.php\\\/2024\\\/12\\\/05\\\/plataforma-de-derechos-humanos-y-empresas-aborda-desafios-normativos-en-america-latina-sobre-derechos-humanos-en-foro-internacional\\\/\",\"url\":\"https:\\\/\\\/derechoshumanosyempresas.cl\\\/index.php\\\/2024\\\/12\\\/05\\\/plataforma-de-derechos-humanos-y-empresas-aborda-desafios-normativos-en-america-latina-sobre-derechos-humanos-en-foro-internacional\\\/\",\"name\":\"Plataforma de Derechos Humanos participa en foro internacional\",\"isPartOf\":{\"@id\":\"https:\\\/\\\/derechoshumanosyempresas.cl\\\/#website\"},\"primaryImageOfPage\":{\"@id\":\"https:\\\/\\\/derechoshumanosyempresas.cl\\\/index.php\\\/2024\\\/12\\\/05\\\/plataforma-de-derechos-humanos-y-empresas-aborda-desafios-normativos-en-america-latina-sobre-derechos-humanos-en-foro-internacional\\\/#primaryimage\"},\"image\":{\"@id\":\"https:\\\/\\\/derechoshumanosyempresas.cl\\\/index.php\\\/2024\\\/12\\\/05\\\/plataforma-de-derechos-humanos-y-empresas-aborda-desafios-normativos-en-america-latina-sobre-derechos-humanos-en-foro-internacional\\\/#primaryimage\"},\"thumbnailUrl\":\"https:\\\/\\\/derechoshumanosyempresas.cl\\\/wp-content\\\/uploads\\\/2024\\\/12\\\/IMG_20241125_164226-scaled.jpg\",\"datePublished\":\"2024-12-05T21:24:46+00:00\",\"dateModified\":\"2024-12-06T14:25:50+00:00\",\"author\":{\"@id\":\"https:\\\/\\\/derechoshumanosyempresas.cl\\\/#\\\/schema\\\/person\\\/6476dd2bd26bc2ab59a33de40c2c2baa\"},\"description\":\"La Plataforma de Derechos Humanos y Empresas abord\u00f3 desaf\u00edos normativos en Am\u00e9rica Latina sobre derechos humanos en foro internacional\",\"breadcrumb\":{\"@id\":\"https:\\\/\\\/derechoshumanosyempresas.cl\\\/index.php\\\/2024\\\/12\\\/05\\\/plataforma-de-derechos-humanos-y-empresas-aborda-desafios-normativos-en-america-latina-sobre-derechos-humanos-en-foro-internacional\\\/#breadcrumb\"},\"inLanguage\":\"es\",\"potentialAction\":[{\"@type\":\"ReadAction\",\"target\":[\"https:\\\/\\\/derechoshumanosyempresas.cl\\\/index.php\\\/2024\\\/12\\\/05\\\/plataforma-de-derechos-humanos-y-empresas-aborda-desafios-normativos-en-america-latina-sobre-derechos-humanos-en-foro-internacional\\\/\"]}]},{\"@type\":\"ImageObject\",\"inLanguage\":\"es\",\"@id\":\"https:\\\/\\\/derechoshumanosyempresas.cl\\\/index.php\\\/2024\\\/12\\\/05\\\/plataforma-de-derechos-humanos-y-empresas-aborda-desafios-normativos-en-america-latina-sobre-derechos-humanos-en-foro-internacional\\\/#primaryimage\",\"url\":\"https:\\\/\\\/derechoshumanosyempresas.cl\\\/wp-content\\\/uploads\\\/2024\\\/12\\\/IMG_20241125_164226-scaled.jpg\",\"contentUrl\":\"https:\\\/\\\/derechoshumanosyempresas.cl\\\/wp-content\\\/uploads\\\/2024\\\/12\\\/IMG_20241125_164226-scaled.jpg\",\"width\":2560,\"height\":1920},{\"@type\":\"BreadcrumbList\",\"@id\":\"https:\\\/\\\/derechoshumanosyempresas.cl\\\/index.php\\\/2024\\\/12\\\/05\\\/plataforma-de-derechos-humanos-y-empresas-aborda-desafios-normativos-en-america-latina-sobre-derechos-humanos-en-foro-internacional\\\/#breadcrumb\",\"itemListElement\":[{\"@type\":\"ListItem\",\"position\":1,\"name\":\"Portada\",\"item\":\"https:\\\/\\\/derechoshumanosyempresas.cl\\\/\"},{\"@type\":\"ListItem\",\"position\":2,\"name\":\"Plataforma de Derechos Humanos y Empresas aborda desaf\u00edos normativos en Am\u00e9rica Latina sobre derechos humanos en foro internacional\"}]},{\"@type\":\"WebSite\",\"@id\":\"https:\\\/\\\/derechoshumanosyempresas.cl\\\/#website\",\"url\":\"https:\\\/\\\/derechoshumanosyempresas.cl\\\/\",\"name\":\"Plataforma Chilena de la Sociedad Civil de Derechos Humanos y Empresas\",\"description\":\"\",\"potentialAction\":[{\"@type\":\"SearchAction\",\"target\":{\"@type\":\"EntryPoint\",\"urlTemplate\":\"https:\\\/\\\/derechoshumanosyempresas.cl\\\/?s={search_term_string}\"},\"query-input\":{\"@type\":\"PropertyValueSpecification\",\"valueRequired\":true,\"valueName\":\"search_term_string\"}}],\"inLanguage\":\"es\"},{\"@type\":\"Person\",\"@id\":\"https:\\\/\\\/derechoshumanosyempresas.cl\\\/#\\\/schema\\\/person\\\/6476dd2bd26bc2ab59a33de40c2c2baa\",\"name\":\"admin\",\"image\":{\"@type\":\"ImageObject\",\"inLanguage\":\"es\",\"@id\":\"https:\\\/\\\/secure.gravatar.com\\\/avatar\\\/e482226d0b315127399077d5c4b71da7603e497013d2412b38a9884e70d87e81?s=96&d=mm&r=g\",\"url\":\"https:\\\/\\\/secure.gravatar.com\\\/avatar\\\/e482226d0b315127399077d5c4b71da7603e497013d2412b38a9884e70d87e81?s=96&d=mm&r=g\",\"contentUrl\":\"https:\\\/\\\/secure.gravatar.com\\\/avatar\\\/e482226d0b315127399077d5c4b71da7603e497013d2412b38a9884e70d87e81?s=96&d=mm&r=g\",\"caption\":\"admin\"},\"sameAs\":[\"https:\\\/\\\/derechoshumanosyempresas.cl\"],\"url\":\"https:\\\/\\\/derechoshumanosyempresas.cl\\\/index.php\\\/author\\\/admin\\\/\"}]}<\/script>\n<!-- \/ Yoast SEO plugin. -->","yoast_head_json":{"title":"Plataforma de Derechos Humanos participa en foro internacional","description":"La Plataforma de Derechos Humanos y Empresas abord\u00f3 desaf\u00edos normativos en Am\u00e9rica Latina sobre derechos humanos en foro internacional","robots":{"index":"index","follow":"follow","max-snippet":"max-snippet:-1","max-image-preview":"max-image-preview:large","max-video-preview":"max-video-preview:-1"},"canonical":"https:\/\/derechoshumanosyempresas.cl\/index.php\/2024\/12\/05\/plataforma-de-derechos-humanos-y-empresas-aborda-desafios-normativos-en-america-latina-sobre-derechos-humanos-en-foro-internacional\/","og_locale":"es_ES","og_type":"article","og_title":"Plataforma de Derechos Humanos participa en foro internacional","og_description":"La Plataforma de Derechos Humanos y Empresas abord\u00f3 desaf\u00edos normativos en Am\u00e9rica Latina sobre derechos humanos en foro internacional","og_url":"https:\/\/derechoshumanosyempresas.cl\/index.php\/2024\/12\/05\/plataforma-de-derechos-humanos-y-empresas-aborda-desafios-normativos-en-america-latina-sobre-derechos-humanos-en-foro-internacional\/","og_site_name":"Plataforma Chilena de la Sociedad Civil de Derechos Humanos y Empresas","article_published_time":"2024-12-05T21:24:46+00:00","article_modified_time":"2024-12-06T14:25:50+00:00","og_image":[{"width":2560,"height":1920,"url":"https:\/\/derechoshumanosyempresas.cl\/wp-content\/uploads\/2024\/12\/IMG_20241125_164226-scaled.jpg","type":"image\/jpeg"}],"author":"admin","twitter_card":"summary_large_image","twitter_misc":{"Escrito por":"admin","Tiempo de lectura":"4 minutos"},"schema":{"@context":"https:\/\/schema.org","@graph":[{"@type":"Article","@id":"https:\/\/derechoshumanosyempresas.cl\/index.php\/2024\/12\/05\/plataforma-de-derechos-humanos-y-empresas-aborda-desafios-normativos-en-america-latina-sobre-derechos-humanos-en-foro-internacional\/#article","isPartOf":{"@id":"https:\/\/derechoshumanosyempresas.cl\/index.php\/2024\/12\/05\/plataforma-de-derechos-humanos-y-empresas-aborda-desafios-normativos-en-america-latina-sobre-derechos-humanos-en-foro-internacional\/"},"author":{"name":"admin","@id":"https:\/\/derechoshumanosyempresas.cl\/#\/schema\/person\/6476dd2bd26bc2ab59a33de40c2c2baa"},"headline":"Plataforma de Derechos Humanos y Empresas aborda desaf\u00edos normativos en Am\u00e9rica Latina sobre derechos humanos en foro internacional","datePublished":"2024-12-05T21:24:46+00:00","dateModified":"2024-12-06T14:25:50+00:00","mainEntityOfPage":{"@id":"https:\/\/derechoshumanosyempresas.cl\/index.php\/2024\/12\/05\/plataforma-de-derechos-humanos-y-empresas-aborda-desafios-normativos-en-america-latina-sobre-derechos-humanos-en-foro-internacional\/"},"wordCount":818,"commentCount":0,"image":{"@id":"https:\/\/derechoshumanosyempresas.cl\/index.php\/2024\/12\/05\/plataforma-de-derechos-humanos-y-empresas-aborda-desafios-normativos-en-america-latina-sobre-derechos-humanos-en-foro-internacional\/#primaryimage"},"thumbnailUrl":"https:\/\/derechoshumanosyempresas.cl\/wp-content\/uploads\/2024\/12\/IMG_20241125_164226-scaled.jpg","keywords":["derechos humanos","derechos humanos y empresas","onu"],"articleSection":["Noticias"],"inLanguage":"es","potentialAction":[{"@type":"CommentAction","name":"Comment","target":["https:\/\/derechoshumanosyempresas.cl\/index.php\/2024\/12\/05\/plataforma-de-derechos-humanos-y-empresas-aborda-desafios-normativos-en-america-latina-sobre-derechos-humanos-en-foro-internacional\/#respond"]}]},{"@type":"WebPage","@id":"https:\/\/derechoshumanosyempresas.cl\/index.php\/2024\/12\/05\/plataforma-de-derechos-humanos-y-empresas-aborda-desafios-normativos-en-america-latina-sobre-derechos-humanos-en-foro-internacional\/","url":"https:\/\/derechoshumanosyempresas.cl\/index.php\/2024\/12\/05\/plataforma-de-derechos-humanos-y-empresas-aborda-desafios-normativos-en-america-latina-sobre-derechos-humanos-en-foro-internacional\/","name":"Plataforma de Derechos Humanos participa en foro internacional","isPartOf":{"@id":"https:\/\/derechoshumanosyempresas.cl\/#website"},"primaryImageOfPage":{"@id":"https:\/\/derechoshumanosyempresas.cl\/index.php\/2024\/12\/05\/plataforma-de-derechos-humanos-y-empresas-aborda-desafios-normativos-en-america-latina-sobre-derechos-humanos-en-foro-internacional\/#primaryimage"},"image":{"@id":"https:\/\/derechoshumanosyempresas.cl\/index.php\/2024\/12\/05\/plataforma-de-derechos-humanos-y-empresas-aborda-desafios-normativos-en-america-latina-sobre-derechos-humanos-en-foro-internacional\/#primaryimage"},"thumbnailUrl":"https:\/\/derechoshumanosyempresas.cl\/wp-content\/uploads\/2024\/12\/IMG_20241125_164226-scaled.jpg","datePublished":"2024-12-05T21:24:46+00:00","dateModified":"2024-12-06T14:25:50+00:00","author":{"@id":"https:\/\/derechoshumanosyempresas.cl\/#\/schema\/person\/6476dd2bd26bc2ab59a33de40c2c2baa"},"description":"La Plataforma de Derechos Humanos y Empresas abord\u00f3 desaf\u00edos normativos en Am\u00e9rica Latina sobre derechos humanos en foro internacional","breadcrumb":{"@id":"https:\/\/derechoshumanosyempresas.cl\/index.php\/2024\/12\/05\/plataforma-de-derechos-humanos-y-empresas-aborda-desafios-normativos-en-america-latina-sobre-derechos-humanos-en-foro-internacional\/#breadcrumb"},"inLanguage":"es","potentialAction":[{"@type":"ReadAction","target":["https:\/\/derechoshumanosyempresas.cl\/index.php\/2024\/12\/05\/plataforma-de-derechos-humanos-y-empresas-aborda-desafios-normativos-en-america-latina-sobre-derechos-humanos-en-foro-internacional\/"]}]},{"@type":"ImageObject","inLanguage":"es","@id":"https:\/\/derechoshumanosyempresas.cl\/index.php\/2024\/12\/05\/plataforma-de-derechos-humanos-y-empresas-aborda-desafios-normativos-en-america-latina-sobre-derechos-humanos-en-foro-internacional\/#primaryimage","url":"https:\/\/derechoshumanosyempresas.cl\/wp-content\/uploads\/2024\/12\/IMG_20241125_164226-scaled.jpg","contentUrl":"https:\/\/derechoshumanosyempresas.cl\/wp-content\/uploads\/2024\/12\/IMG_20241125_164226-scaled.jpg","width":2560,"height":1920},{"@type":"BreadcrumbList","@id":"https:\/\/derechoshumanosyempresas.cl\/index.php\/2024\/12\/05\/plataforma-de-derechos-humanos-y-empresas-aborda-desafios-normativos-en-america-latina-sobre-derechos-humanos-en-foro-internacional\/#breadcrumb","itemListElement":[{"@type":"ListItem","position":1,"name":"Portada","item":"https:\/\/derechoshumanosyempresas.cl\/"},{"@type":"ListItem","position":2,"name":"Plataforma de Derechos Humanos y Empresas aborda desaf\u00edos normativos en Am\u00e9rica Latina sobre derechos humanos en foro internacional"}]},{"@type":"WebSite","@id":"https:\/\/derechoshumanosyempresas.cl\/#website","url":"https:\/\/derechoshumanosyempresas.cl\/","name":"Plataforma Chilena de la Sociedad Civil de Derechos Humanos y Empresas","description":"","potentialAction":[{"@type":"SearchAction","target":{"@type":"EntryPoint","urlTemplate":"https:\/\/derechoshumanosyempresas.cl\/?s={search_term_string}"},"query-input":{"@type":"PropertyValueSpecification","valueRequired":true,"valueName":"search_term_string"}}],"inLanguage":"es"},{"@type":"Person","@id":"https:\/\/derechoshumanosyempresas.cl\/#\/schema\/person\/6476dd2bd26bc2ab59a33de40c2c2baa","name":"admin","image":{"@type":"ImageObject","inLanguage":"es","@id":"https:\/\/secure.gravatar.com\/avatar\/e482226d0b315127399077d5c4b71da7603e497013d2412b38a9884e70d87e81?s=96&d=mm&r=g","url":"https:\/\/secure.gravatar.com\/avatar\/e482226d0b315127399077d5c4b71da7603e497013d2412b38a9884e70d87e81?s=96&d=mm&r=g","contentUrl":"https:\/\/secure.gravatar.com\/avatar\/e482226d0b315127399077d5c4b71da7603e497013d2412b38a9884e70d87e81?s=96&d=mm&r=g","caption":"admin"},"sameAs":["https:\/\/derechoshumanosyempresas.cl"],"url":"https:\/\/derechoshumanosyempresas.cl\/index.php\/author\/admin\/"}]}},"wpmagazine_modules_lite_featured_media_urls":{"thumbnail":["https:\/\/derechoshumanosyempresas.cl\/wp-content\/uploads\/2024\/12\/IMG_20241125_164226-150x150.jpg",150,150,true],"cvmm-medium":["https:\/\/derechoshumanosyempresas.cl\/wp-content\/uploads\/2024\/12\/IMG_20241125_164226-300x300.jpg",300,300,true],"cvmm-medium-plus":["https:\/\/derechoshumanosyempresas.cl\/wp-content\/uploads\/2024\/12\/IMG_20241125_164226-305x207.jpg",305,207,true],"cvmm-portrait":["https:\/\/derechoshumanosyempresas.cl\/wp-content\/uploads\/2024\/12\/IMG_20241125_164226-400x600.jpg",400,600,true],"cvmm-medium-square":["https:\/\/derechoshumanosyempresas.cl\/wp-content\/uploads\/2024\/12\/IMG_20241125_164226-600x600.jpg",600,600,true],"cvmm-large":["https:\/\/derechoshumanosyempresas.cl\/wp-content\/uploads\/2024\/12\/IMG_20241125_164226-1024x1024.jpg",1024,1024,true],"cvmm-small":["https:\/\/derechoshumanosyempresas.cl\/wp-content\/uploads\/2024\/12\/IMG_20241125_164226-130x95.jpg",130,95,true],"full":["https:\/\/derechoshumanosyempresas.cl\/wp-content\/uploads\/2024\/12\/IMG_20241125_164226-scaled.jpg",2560,1920,false]},"categories_names":{"43":{"name":"Noticias","link":"https:\/\/derechoshumanosyempresas.cl\/index.php\/category\/centro-de-informacion\/"}},"tags_names":{"83":{"name":"derechos humanos","link":"https:\/\/derechoshumanosyempresas.cl\/index.php\/tag\/derechos-humanos\/"},"86":{"name":"derechos humanos y empresas","link":"https:\/\/derechoshumanosyempresas.cl\/index.php\/tag\/derechos-humanos-y-empresas\/"},"98":{"name":"onu","link":"https:\/\/derechoshumanosyempresas.cl\/index.php\/tag\/onu\/"}},"comments_number":"0","_links":{"self":[{"href":"https:\/\/derechoshumanosyempresas.cl\/index.php\/wp-json\/wp\/v2\/posts\/2393","targetHints":{"allow":["GET"]}}],"collection":[{"href":"https:\/\/derechoshumanosyempresas.cl\/index.php\/wp-json\/wp\/v2\/posts"}],"about":[{"href":"https:\/\/derechoshumanosyempresas.cl\/index.php\/wp-json\/wp\/v2\/types\/post"}],"author":[{"embeddable":true,"href":"https:\/\/derechoshumanosyempresas.cl\/index.php\/wp-json\/wp\/v2\/users\/1"}],"replies":[{"embeddable":true,"href":"https:\/\/derechoshumanosyempresas.cl\/index.php\/wp-json\/wp\/v2\/comments?post=2393"}],"version-history":[{"count":0,"href":"https:\/\/derechoshumanosyempresas.cl\/index.php\/wp-json\/wp\/v2\/posts\/2393\/revisions"}],"wp:featuredmedia":[{"embeddable":true,"href":"https:\/\/derechoshumanosyempresas.cl\/index.php\/wp-json\/wp\/v2\/media\/2394"}],"wp:attachment":[{"href":"https:\/\/derechoshumanosyempresas.cl\/index.php\/wp-json\/wp\/v2\/media?parent=2393"}],"wp:term":[{"taxonomy":"category","embeddable":true,"href":"https:\/\/derechoshumanosyempresas.cl\/index.php\/wp-json\/wp\/v2\/categories?post=2393"},{"taxonomy":"post_tag","embeddable":true,"href":"https:\/\/derechoshumanosyempresas.cl\/index.php\/wp-json\/wp\/v2\/tags?post=2393"}],"curies":[{"name":"wp","href":"https:\/\/api.w.org\/{rel}","templated":true}]}}