{"id":2387,"date":"2024-11-12T14:38:07","date_gmt":"2024-11-12T14:38:07","guid":{"rendered":"https:\/\/derechoshumanosyempresas.cl\/?p=2387"},"modified":"2024-11-12T14:38:07","modified_gmt":"2024-11-12T14:38:07","slug":"carta-de-apoyo-frente-a-actos-de-amedrentamiento-en-seminario-sobre-trabajo-forzado-y-explotacion-laboral-en-la-industria-del-salmon","status":"publish","type":"post","link":"https:\/\/derechoshumanosyempresas.cl\/index.php\/2024\/11\/12\/carta-de-apoyo-frente-a-actos-de-amedrentamiento-en-seminario-sobre-trabajo-forzado-y-explotacion-laboral-en-la-industria-del-salmon\/","title":{"rendered":"Carta de apoyo frente a actos de amedrentamiento en seminario sobre trabajo forzado y explotaci\u00f3n laboral en la industria del salm\u00f3n"},"content":{"rendered":"<p><span style=\"font-weight: 400;\">El d\u00eda 29 de octubre, <a href=\"https:\/\/libera.ong\/\" target=\"_blank\" rel=\"noopener\">Fundaci\u00f3n Libera,<\/a> organizaci\u00f3n experta en asistencia jur\u00eddica y litigaci\u00f3n estrat\u00e9gica de casos de trata y trabajo forzado, miembro de la Global Alliance against Trafficking of Women (GAATW), OECDWatch, Global Network against Forced Labor &#8211; NForce, the Coalition against Forced labor in Trade &#8211; CAFLT, Organizaciones Unidas contra la Trata y Toda Forma de Violencia &#8211; OUTRAV, Red de Organizaciones de la Sociedad Civil que Brindan Asesor\u00eda y Representaci\u00f3n Jur\u00eddica a las V\u00edctimas de la Trata de Personas y Otras Formas de Explotaci\u00f3n en Am\u00e9rica Latina y el Caribe &#8211; RedLactra y <a href=\"https:\/\/presidencia-observalatrata.com\/\" target=\"_blank\" rel=\"noopener\">Observatorio Latinoamericano sobre Trata y Tr\u00e1fico de Personas Cap\u00edtulo Chileno<\/a>, y de la Plataforma Chilena de la Sociedad Civil en Derechos humanos y Empresas, organiz\u00f3 un seminario para dar a conocer su <strong>investigaci\u00f3n de dos a\u00f1os sobre las condiciones laborales de los buzos en la salmonicultura en el sur de Chile, a la luz de los est\u00e1ndares internacionales de la OIT en materia de trabajo forzado y los deberes del Estado y las empresas de proteger y respetar los derechos humanos. <\/strong><\/span><\/p>\n<p><span style=\"font-weight: 400;\">A la presentaci\u00f3n le seguir\u00eda un un panel de connotados expertos, compuesto por representantes del Sindicato de Buzos \u201cHijos del Rigor\u201d, la <a href=\"https:\/\/www.ecoceanos.cl\/\" target=\"_blank\" rel=\"noopener\">ONG Ecoc\u00e9anos<\/a>, la <a href=\"https:\/\/observatorio.cl\/\" target=\"_blank\" rel=\"noopener\">ONG Observatorio Ciudadano<\/a> y ex representante del proyecto <a href=\"https:\/\/www.chileagenda2030.gob.cl\/institucionalidad\/iniciativaficha\/39\" target=\"_blank\" rel=\"noopener\">Oc\u00e9anos Sostenibles<\/a>, y el <a href=\"https:\/\/derechoshumanos.udp.cl\/\" target=\"_blank\" rel=\"noopener\">Centro de Derechos Humanos de la Universidad Diego Portales (UDP)<\/a>, quienes han trabajado en la defensa de los derechos de los trabajadores y buzos salmoneros, denunciando pr\u00e1cticas abusivas y\/o han investigado el sector en su nivel de cumplimiento del est\u00e1ndar de protecci\u00f3n y respeto de los derechos humanos por parte del Estado y las empresas.<\/span><\/p>\n<p><span style=\"font-weight: 400;\">Un grupo concertado de trabajadores de la industria, acompa\u00f1ados por abogados de empresas salmoneras (<a href=\"https:\/\/www.aquachile.com\/\" target=\"_blank\" rel=\"noopener\">AquaChile<\/a>) y representantes de la asociaci\u00f3n de productores de industria acu\u00edcola chilena (<a href=\"https:\/\/www.salmonchile.cl\/\" target=\"_blank\" rel=\"noopener\">Salmon Chile<\/a> y <a href=\"https:\/\/www.consejodelsalmon.cl\/\" target=\"_blank\" rel=\"noopener\">Consejo del Salm\u00f3n<\/a>), asistieron al evento.\u00a0 <strong>Desde el inicio del seminario, y previo a la entrega de los datos, los trabajadores interrumpieron\u00a0 la exposici\u00f3n de Libera,\u00a0 descalificando tanto la metodolog\u00eda como sus resultados.<\/strong> A viva voz, sin respetar la estructura de participaci\u00f3n que se hab\u00eda anunciado al inicio del evento, amedrentaron a la expositora y a los panelistas, intentando impedir la entrega de los resultados de la investigaci\u00f3n,\u00a0 descalificando a los expositores y generando un ambiente de inseguridad y temor entre los asistentes.<\/span><\/p>\n<p><span style=\"font-weight: 400;\">La difusi\u00f3n de los hallazgos de Fundaci\u00f3n Libera forma parte de uno de los pilares de todo sistema respetuoso de los derechos humanos, como lo es la rendici\u00f3n de cuentas de los actores empresariales en su deber de respeto de los derechos fundamentales de los trabajadores, las personas y las comunidades.<\/span><\/p>\n<p><span style=\"font-weight: 400;\"><strong>Rechazamos en\u00e9rgicamente estos actos de intimidaci\u00f3n y amedrentamiento<\/strong>, que tambi\u00e9n han sido cometidos con anterioridad contra otras organizaciones que han denunciado graves vulneraciones a los derechos humanos, laborales y ambientales en la industria salmonera chilena.<\/span><\/p>\n<p><span style=\"font-weight: 400;\">En el marco del <a href=\"https:\/\/mma.gob.cl\/escazu-en-chile\/#:~:text=El%20Acuerdo%20de%20Escaz%C3%BA%20busca,que%20tenemos%20todos%20y%20todas.\" target=\"_blank\" rel=\"noopener\">Acuerdo de Escaz\u00fa<\/a> y los compromisos internacionales en materia de derechos humanos asumidos por Chile, incluida la presidencia de la Alianza 8.7 contra el trabajo forzado,<strong> solicitamos a las autoridades chilenas su condena expl\u00edcita y en\u00e9rgica contra estos lamentables actos intimidatorios, y que tomen las medidas y providencias necesarias para la protecci\u00f3n de los defensores de derechos humanos y sus organizaciones.<\/strong><\/span><\/p>\n<p><span style=\"font-weight: 400;\">Asimismo, hacemos un llamado a las empresas del sector, que constituyen el segundo productor internacional de salm\u00f3nidos de cultivo del mundo, a quienes<strong> instamos a cumplir de manera \u00edntegra y completa sus compromisos de respeto de los derechos humanos<\/strong> a lo largo de toda de su cadena de valor y la prohibici\u00f3n de trabajo forzado.<\/span><\/p>\n<p><span style=\"font-weight: 400;\">Instamos a la sociedad chilena y a los actores internacionales del mercado global a estar atentos a esta grave situaci\u00f3n que pone en riesgo y vulnera los principios b\u00e1sicos que sostienen al comercio internacional sostenible,\u00a0 justo y confiable, tales como el deber de respetar los derechos humanos por parte de las empresas, la conducta empresarial responsable, la transparencia, la rendici\u00f3n de cuentas, la debida diligencia a lo largo de la cadena de suministro, el respeto a la producci\u00f3n cient\u00edfica, y la prohibici\u00f3n del uso de trabajo forzado.<\/span><\/p>\n<p>&nbsp;<\/p>\n","protected":false},"excerpt":{"rendered":"<p>El d\u00eda 29 de octubre, Fundaci\u00f3n Libera, organizaci\u00f3n experta en asistencia jur\u00eddica y litigaci\u00f3n estrat\u00e9gica de casos de trata y trabajo forzado, [&hellip;]<\/p>\n","protected":false},"author":1,"featured_media":2388,"comment_status":"open","ping_status":"open","sticky":false,"template":"","format":"standard","meta":{"footnotes":""},"categories":[43],"tags":[83,86,97],"class_list":["post-2387","post","type-post","status-publish","format-standard","has-post-thumbnail","hentry","category-centro-de-informacion","tag-derechos-humanos","tag-derechos-humanos-y-empresas","tag-industria-salmonera"],"yoast_head":"<!-- This site is optimized with the Yoast SEO plugin v27.4 - https:\/\/yoast.com\/product\/yoast-seo-wordpress\/ -->\n<title>Carta de apoyo frente a actos de amedrentamiento en seminario sobre trabajo forzado y explotaci\u00f3n laboral en la industria del salm\u00f3n - Plataforma Chilena de la Sociedad Civil de Derechos Humanos y Empresas<\/title>\n<meta name=\"robots\" content=\"index, follow, max-snippet:-1, max-image-preview:large, max-video-preview:-1\" \/>\n<link rel=\"canonical\" href=\"https:\/\/derechoshumanosyempresas.cl\/index.php\/2024\/11\/12\/carta-de-apoyo-frente-a-actos-de-amedrentamiento-en-seminario-sobre-trabajo-forzado-y-explotacion-laboral-en-la-industria-del-salmon\/\" \/>\n<meta property=\"og:locale\" content=\"es_ES\" \/>\n<meta property=\"og:type\" content=\"article\" \/>\n<meta property=\"og:title\" content=\"Carta de apoyo frente a actos de amedrentamiento en seminario sobre trabajo forzado y explotaci\u00f3n laboral en la industria del salm\u00f3n - Plataforma Chilena de la Sociedad Civil de Derechos Humanos y Empresas\" \/>\n<meta property=\"og:description\" content=\"El d\u00eda 29 de octubre, Fundaci\u00f3n Libera, organizaci\u00f3n experta en asistencia jur\u00eddica y litigaci\u00f3n estrat\u00e9gica de casos de trata y trabajo forzado, [&hellip;]\" \/>\n<meta property=\"og:url\" content=\"https:\/\/derechoshumanosyempresas.cl\/index.php\/2024\/11\/12\/carta-de-apoyo-frente-a-actos-de-amedrentamiento-en-seminario-sobre-trabajo-forzado-y-explotacion-laboral-en-la-industria-del-salmon\/\" \/>\n<meta property=\"og:site_name\" content=\"Plataforma Chilena de la Sociedad Civil de Derechos Humanos y Empresas\" \/>\n<meta property=\"article:published_time\" content=\"2024-11-12T14:38:07+00:00\" \/>\n<meta property=\"og:image\" content=\"https:\/\/derechoshumanosyempresas.cl\/wp-content\/uploads\/2024\/11\/20241029_204513-EDIT-1536x1040-1.jpg\" \/>\n\t<meta property=\"og:image:width\" content=\"1536\" \/>\n\t<meta property=\"og:image:height\" content=\"1040\" \/>\n\t<meta property=\"og:image:type\" content=\"image\/jpeg\" \/>\n<meta name=\"author\" content=\"admin\" \/>\n<meta name=\"twitter:card\" content=\"summary_large_image\" \/>\n<meta name=\"twitter:label1\" content=\"Escrito por\" \/>\n\t<meta name=\"twitter:data1\" content=\"admin\" \/>\n\t<meta name=\"twitter:label2\" content=\"Tiempo de lectura\" \/>\n\t<meta name=\"twitter:data2\" content=\"4 minutos\" \/>\n<script type=\"application\/ld+json\" class=\"yoast-schema-graph\">{\"@context\":\"https:\\\/\\\/schema.org\",\"@graph\":[{\"@type\":\"Article\",\"@id\":\"https:\\\/\\\/derechoshumanosyempresas.cl\\\/index.php\\\/2024\\\/11\\\/12\\\/carta-de-apoyo-frente-a-actos-de-amedrentamiento-en-seminario-sobre-trabajo-forzado-y-explotacion-laboral-en-la-industria-del-salmon\\\/#article\",\"isPartOf\":{\"@id\":\"https:\\\/\\\/derechoshumanosyempresas.cl\\\/index.php\\\/2024\\\/11\\\/12\\\/carta-de-apoyo-frente-a-actos-de-amedrentamiento-en-seminario-sobre-trabajo-forzado-y-explotacion-laboral-en-la-industria-del-salmon\\\/\"},\"author\":{\"name\":\"admin\",\"@id\":\"https:\\\/\\\/derechoshumanosyempresas.cl\\\/#\\\/schema\\\/person\\\/6476dd2bd26bc2ab59a33de40c2c2baa\"},\"headline\":\"Carta de apoyo frente a actos de amedrentamiento en seminario sobre trabajo forzado y explotaci\u00f3n laboral en la industria del salm\u00f3n\",\"datePublished\":\"2024-11-12T14:38:07+00:00\",\"mainEntityOfPage\":{\"@id\":\"https:\\\/\\\/derechoshumanosyempresas.cl\\\/index.php\\\/2024\\\/11\\\/12\\\/carta-de-apoyo-frente-a-actos-de-amedrentamiento-en-seminario-sobre-trabajo-forzado-y-explotacion-laboral-en-la-industria-del-salmon\\\/\"},\"wordCount\":747,\"commentCount\":0,\"image\":{\"@id\":\"https:\\\/\\\/derechoshumanosyempresas.cl\\\/index.php\\\/2024\\\/11\\\/12\\\/carta-de-apoyo-frente-a-actos-de-amedrentamiento-en-seminario-sobre-trabajo-forzado-y-explotacion-laboral-en-la-industria-del-salmon\\\/#primaryimage\"},\"thumbnailUrl\":\"https:\\\/\\\/derechoshumanosyempresas.cl\\\/wp-content\\\/uploads\\\/2024\\\/11\\\/20241029_204513-EDIT-1536x1040-1.jpg\",\"keywords\":[\"derechos humanos\",\"derechos humanos y empresas\",\"industria salmonera\"],\"articleSection\":[\"Noticias\"],\"inLanguage\":\"es\",\"potentialAction\":[{\"@type\":\"CommentAction\",\"name\":\"Comment\",\"target\":[\"https:\\\/\\\/derechoshumanosyempresas.cl\\\/index.php\\\/2024\\\/11\\\/12\\\/carta-de-apoyo-frente-a-actos-de-amedrentamiento-en-seminario-sobre-trabajo-forzado-y-explotacion-laboral-en-la-industria-del-salmon\\\/#respond\"]}]},{\"@type\":\"WebPage\",\"@id\":\"https:\\\/\\\/derechoshumanosyempresas.cl\\\/index.php\\\/2024\\\/11\\\/12\\\/carta-de-apoyo-frente-a-actos-de-amedrentamiento-en-seminario-sobre-trabajo-forzado-y-explotacion-laboral-en-la-industria-del-salmon\\\/\",\"url\":\"https:\\\/\\\/derechoshumanosyempresas.cl\\\/index.php\\\/2024\\\/11\\\/12\\\/carta-de-apoyo-frente-a-actos-de-amedrentamiento-en-seminario-sobre-trabajo-forzado-y-explotacion-laboral-en-la-industria-del-salmon\\\/\",\"name\":\"Carta de apoyo frente a actos de amedrentamiento en seminario sobre trabajo forzado y explotaci\u00f3n laboral en la industria del salm\u00f3n - Plataforma Chilena de la Sociedad Civil de Derechos Humanos y Empresas\",\"isPartOf\":{\"@id\":\"https:\\\/\\\/derechoshumanosyempresas.cl\\\/#website\"},\"primaryImageOfPage\":{\"@id\":\"https:\\\/\\\/derechoshumanosyempresas.cl\\\/index.php\\\/2024\\\/11\\\/12\\\/carta-de-apoyo-frente-a-actos-de-amedrentamiento-en-seminario-sobre-trabajo-forzado-y-explotacion-laboral-en-la-industria-del-salmon\\\/#primaryimage\"},\"image\":{\"@id\":\"https:\\\/\\\/derechoshumanosyempresas.cl\\\/index.php\\\/2024\\\/11\\\/12\\\/carta-de-apoyo-frente-a-actos-de-amedrentamiento-en-seminario-sobre-trabajo-forzado-y-explotacion-laboral-en-la-industria-del-salmon\\\/#primaryimage\"},\"thumbnailUrl\":\"https:\\\/\\\/derechoshumanosyempresas.cl\\\/wp-content\\\/uploads\\\/2024\\\/11\\\/20241029_204513-EDIT-1536x1040-1.jpg\",\"datePublished\":\"2024-11-12T14:38:07+00:00\",\"author\":{\"@id\":\"https:\\\/\\\/derechoshumanosyempresas.cl\\\/#\\\/schema\\\/person\\\/6476dd2bd26bc2ab59a33de40c2c2baa\"},\"breadcrumb\":{\"@id\":\"https:\\\/\\\/derechoshumanosyempresas.cl\\\/index.php\\\/2024\\\/11\\\/12\\\/carta-de-apoyo-frente-a-actos-de-amedrentamiento-en-seminario-sobre-trabajo-forzado-y-explotacion-laboral-en-la-industria-del-salmon\\\/#breadcrumb\"},\"inLanguage\":\"es\",\"potentialAction\":[{\"@type\":\"ReadAction\",\"target\":[\"https:\\\/\\\/derechoshumanosyempresas.cl\\\/index.php\\\/2024\\\/11\\\/12\\\/carta-de-apoyo-frente-a-actos-de-amedrentamiento-en-seminario-sobre-trabajo-forzado-y-explotacion-laboral-en-la-industria-del-salmon\\\/\"]}]},{\"@type\":\"ImageObject\",\"inLanguage\":\"es\",\"@id\":\"https:\\\/\\\/derechoshumanosyempresas.cl\\\/index.php\\\/2024\\\/11\\\/12\\\/carta-de-apoyo-frente-a-actos-de-amedrentamiento-en-seminario-sobre-trabajo-forzado-y-explotacion-laboral-en-la-industria-del-salmon\\\/#primaryimage\",\"url\":\"https:\\\/\\\/derechoshumanosyempresas.cl\\\/wp-content\\\/uploads\\\/2024\\\/11\\\/20241029_204513-EDIT-1536x1040-1.jpg\",\"contentUrl\":\"https:\\\/\\\/derechoshumanosyempresas.cl\\\/wp-content\\\/uploads\\\/2024\\\/11\\\/20241029_204513-EDIT-1536x1040-1.jpg\",\"width\":1536,\"height\":1040},{\"@type\":\"BreadcrumbList\",\"@id\":\"https:\\\/\\\/derechoshumanosyempresas.cl\\\/index.php\\\/2024\\\/11\\\/12\\\/carta-de-apoyo-frente-a-actos-de-amedrentamiento-en-seminario-sobre-trabajo-forzado-y-explotacion-laboral-en-la-industria-del-salmon\\\/#breadcrumb\",\"itemListElement\":[{\"@type\":\"ListItem\",\"position\":1,\"name\":\"Portada\",\"item\":\"https:\\\/\\\/derechoshumanosyempresas.cl\\\/\"},{\"@type\":\"ListItem\",\"position\":2,\"name\":\"Carta de apoyo frente a actos de amedrentamiento en seminario sobre trabajo forzado y explotaci\u00f3n laboral en la industria del salm\u00f3n\"}]},{\"@type\":\"WebSite\",\"@id\":\"https:\\\/\\\/derechoshumanosyempresas.cl\\\/#website\",\"url\":\"https:\\\/\\\/derechoshumanosyempresas.cl\\\/\",\"name\":\"Plataforma Chilena de la Sociedad Civil de Derechos Humanos y Empresas\",\"description\":\"\",\"potentialAction\":[{\"@type\":\"SearchAction\",\"target\":{\"@type\":\"EntryPoint\",\"urlTemplate\":\"https:\\\/\\\/derechoshumanosyempresas.cl\\\/?s={search_term_string}\"},\"query-input\":{\"@type\":\"PropertyValueSpecification\",\"valueRequired\":true,\"valueName\":\"search_term_string\"}}],\"inLanguage\":\"es\"},{\"@type\":\"Person\",\"@id\":\"https:\\\/\\\/derechoshumanosyempresas.cl\\\/#\\\/schema\\\/person\\\/6476dd2bd26bc2ab59a33de40c2c2baa\",\"name\":\"admin\",\"image\":{\"@type\":\"ImageObject\",\"inLanguage\":\"es\",\"@id\":\"https:\\\/\\\/secure.gravatar.com\\\/avatar\\\/e482226d0b315127399077d5c4b71da7603e497013d2412b38a9884e70d87e81?s=96&d=mm&r=g\",\"url\":\"https:\\\/\\\/secure.gravatar.com\\\/avatar\\\/e482226d0b315127399077d5c4b71da7603e497013d2412b38a9884e70d87e81?s=96&d=mm&r=g\",\"contentUrl\":\"https:\\\/\\\/secure.gravatar.com\\\/avatar\\\/e482226d0b315127399077d5c4b71da7603e497013d2412b38a9884e70d87e81?s=96&d=mm&r=g\",\"caption\":\"admin\"},\"sameAs\":[\"https:\\\/\\\/derechoshumanosyempresas.cl\"],\"url\":\"https:\\\/\\\/derechoshumanosyempresas.cl\\\/index.php\\\/author\\\/admin\\\/\"}]}<\/script>\n<!-- \/ Yoast SEO plugin. -->","yoast_head_json":{"title":"Carta de apoyo frente a actos de amedrentamiento en seminario sobre trabajo forzado y explotaci\u00f3n laboral en la industria del salm\u00f3n - Plataforma Chilena de la Sociedad Civil de Derechos Humanos y Empresas","robots":{"index":"index","follow":"follow","max-snippet":"max-snippet:-1","max-image-preview":"max-image-preview:large","max-video-preview":"max-video-preview:-1"},"canonical":"https:\/\/derechoshumanosyempresas.cl\/index.php\/2024\/11\/12\/carta-de-apoyo-frente-a-actos-de-amedrentamiento-en-seminario-sobre-trabajo-forzado-y-explotacion-laboral-en-la-industria-del-salmon\/","og_locale":"es_ES","og_type":"article","og_title":"Carta de apoyo frente a actos de amedrentamiento en seminario sobre trabajo forzado y explotaci\u00f3n laboral en la industria del salm\u00f3n - Plataforma Chilena de la Sociedad Civil de Derechos Humanos y Empresas","og_description":"El d\u00eda 29 de octubre, Fundaci\u00f3n Libera, organizaci\u00f3n experta en asistencia jur\u00eddica y litigaci\u00f3n estrat\u00e9gica de casos de trata y trabajo forzado, [&hellip;]","og_url":"https:\/\/derechoshumanosyempresas.cl\/index.php\/2024\/11\/12\/carta-de-apoyo-frente-a-actos-de-amedrentamiento-en-seminario-sobre-trabajo-forzado-y-explotacion-laboral-en-la-industria-del-salmon\/","og_site_name":"Plataforma Chilena de la Sociedad Civil de Derechos Humanos y Empresas","article_published_time":"2024-11-12T14:38:07+00:00","og_image":[{"width":1536,"height":1040,"url":"https:\/\/derechoshumanosyempresas.cl\/wp-content\/uploads\/2024\/11\/20241029_204513-EDIT-1536x1040-1.jpg","type":"image\/jpeg"}],"author":"admin","twitter_card":"summary_large_image","twitter_misc":{"Escrito por":"admin","Tiempo de lectura":"4 minutos"},"schema":{"@context":"https:\/\/schema.org","@graph":[{"@type":"Article","@id":"https:\/\/derechoshumanosyempresas.cl\/index.php\/2024\/11\/12\/carta-de-apoyo-frente-a-actos-de-amedrentamiento-en-seminario-sobre-trabajo-forzado-y-explotacion-laboral-en-la-industria-del-salmon\/#article","isPartOf":{"@id":"https:\/\/derechoshumanosyempresas.cl\/index.php\/2024\/11\/12\/carta-de-apoyo-frente-a-actos-de-amedrentamiento-en-seminario-sobre-trabajo-forzado-y-explotacion-laboral-en-la-industria-del-salmon\/"},"author":{"name":"admin","@id":"https:\/\/derechoshumanosyempresas.cl\/#\/schema\/person\/6476dd2bd26bc2ab59a33de40c2c2baa"},"headline":"Carta de apoyo frente a actos de amedrentamiento en seminario sobre trabajo forzado y explotaci\u00f3n laboral en la industria del salm\u00f3n","datePublished":"2024-11-12T14:38:07+00:00","mainEntityOfPage":{"@id":"https:\/\/derechoshumanosyempresas.cl\/index.php\/2024\/11\/12\/carta-de-apoyo-frente-a-actos-de-amedrentamiento-en-seminario-sobre-trabajo-forzado-y-explotacion-laboral-en-la-industria-del-salmon\/"},"wordCount":747,"commentCount":0,"image":{"@id":"https:\/\/derechoshumanosyempresas.cl\/index.php\/2024\/11\/12\/carta-de-apoyo-frente-a-actos-de-amedrentamiento-en-seminario-sobre-trabajo-forzado-y-explotacion-laboral-en-la-industria-del-salmon\/#primaryimage"},"thumbnailUrl":"https:\/\/derechoshumanosyempresas.cl\/wp-content\/uploads\/2024\/11\/20241029_204513-EDIT-1536x1040-1.jpg","keywords":["derechos humanos","derechos humanos y empresas","industria salmonera"],"articleSection":["Noticias"],"inLanguage":"es","potentialAction":[{"@type":"CommentAction","name":"Comment","target":["https:\/\/derechoshumanosyempresas.cl\/index.php\/2024\/11\/12\/carta-de-apoyo-frente-a-actos-de-amedrentamiento-en-seminario-sobre-trabajo-forzado-y-explotacion-laboral-en-la-industria-del-salmon\/#respond"]}]},{"@type":"WebPage","@id":"https:\/\/derechoshumanosyempresas.cl\/index.php\/2024\/11\/12\/carta-de-apoyo-frente-a-actos-de-amedrentamiento-en-seminario-sobre-trabajo-forzado-y-explotacion-laboral-en-la-industria-del-salmon\/","url":"https:\/\/derechoshumanosyempresas.cl\/index.php\/2024\/11\/12\/carta-de-apoyo-frente-a-actos-de-amedrentamiento-en-seminario-sobre-trabajo-forzado-y-explotacion-laboral-en-la-industria-del-salmon\/","name":"Carta de apoyo frente a actos de amedrentamiento en seminario sobre trabajo forzado y explotaci\u00f3n laboral en la industria del salm\u00f3n - Plataforma Chilena de la Sociedad Civil de Derechos Humanos y Empresas","isPartOf":{"@id":"https:\/\/derechoshumanosyempresas.cl\/#website"},"primaryImageOfPage":{"@id":"https:\/\/derechoshumanosyempresas.cl\/index.php\/2024\/11\/12\/carta-de-apoyo-frente-a-actos-de-amedrentamiento-en-seminario-sobre-trabajo-forzado-y-explotacion-laboral-en-la-industria-del-salmon\/#primaryimage"},"image":{"@id":"https:\/\/derechoshumanosyempresas.cl\/index.php\/2024\/11\/12\/carta-de-apoyo-frente-a-actos-de-amedrentamiento-en-seminario-sobre-trabajo-forzado-y-explotacion-laboral-en-la-industria-del-salmon\/#primaryimage"},"thumbnailUrl":"https:\/\/derechoshumanosyempresas.cl\/wp-content\/uploads\/2024\/11\/20241029_204513-EDIT-1536x1040-1.jpg","datePublished":"2024-11-12T14:38:07+00:00","author":{"@id":"https:\/\/derechoshumanosyempresas.cl\/#\/schema\/person\/6476dd2bd26bc2ab59a33de40c2c2baa"},"breadcrumb":{"@id":"https:\/\/derechoshumanosyempresas.cl\/index.php\/2024\/11\/12\/carta-de-apoyo-frente-a-actos-de-amedrentamiento-en-seminario-sobre-trabajo-forzado-y-explotacion-laboral-en-la-industria-del-salmon\/#breadcrumb"},"inLanguage":"es","potentialAction":[{"@type":"ReadAction","target":["https:\/\/derechoshumanosyempresas.cl\/index.php\/2024\/11\/12\/carta-de-apoyo-frente-a-actos-de-amedrentamiento-en-seminario-sobre-trabajo-forzado-y-explotacion-laboral-en-la-industria-del-salmon\/"]}]},{"@type":"ImageObject","inLanguage":"es","@id":"https:\/\/derechoshumanosyempresas.cl\/index.php\/2024\/11\/12\/carta-de-apoyo-frente-a-actos-de-amedrentamiento-en-seminario-sobre-trabajo-forzado-y-explotacion-laboral-en-la-industria-del-salmon\/#primaryimage","url":"https:\/\/derechoshumanosyempresas.cl\/wp-content\/uploads\/2024\/11\/20241029_204513-EDIT-1536x1040-1.jpg","contentUrl":"https:\/\/derechoshumanosyempresas.cl\/wp-content\/uploads\/2024\/11\/20241029_204513-EDIT-1536x1040-1.jpg","width":1536,"height":1040},{"@type":"BreadcrumbList","@id":"https:\/\/derechoshumanosyempresas.cl\/index.php\/2024\/11\/12\/carta-de-apoyo-frente-a-actos-de-amedrentamiento-en-seminario-sobre-trabajo-forzado-y-explotacion-laboral-en-la-industria-del-salmon\/#breadcrumb","itemListElement":[{"@type":"ListItem","position":1,"name":"Portada","item":"https:\/\/derechoshumanosyempresas.cl\/"},{"@type":"ListItem","position":2,"name":"Carta de apoyo frente a actos de amedrentamiento en seminario sobre trabajo forzado y explotaci\u00f3n laboral en la industria del salm\u00f3n"}]},{"@type":"WebSite","@id":"https:\/\/derechoshumanosyempresas.cl\/#website","url":"https:\/\/derechoshumanosyempresas.cl\/","name":"Plataforma Chilena de la Sociedad Civil de Derechos Humanos y Empresas","description":"","potentialAction":[{"@type":"SearchAction","target":{"@type":"EntryPoint","urlTemplate":"https:\/\/derechoshumanosyempresas.cl\/?s={search_term_string}"},"query-input":{"@type":"PropertyValueSpecification","valueRequired":true,"valueName":"search_term_string"}}],"inLanguage":"es"},{"@type":"Person","@id":"https:\/\/derechoshumanosyempresas.cl\/#\/schema\/person\/6476dd2bd26bc2ab59a33de40c2c2baa","name":"admin","image":{"@type":"ImageObject","inLanguage":"es","@id":"https:\/\/secure.gravatar.com\/avatar\/e482226d0b315127399077d5c4b71da7603e497013d2412b38a9884e70d87e81?s=96&d=mm&r=g","url":"https:\/\/secure.gravatar.com\/avatar\/e482226d0b315127399077d5c4b71da7603e497013d2412b38a9884e70d87e81?s=96&d=mm&r=g","contentUrl":"https:\/\/secure.gravatar.com\/avatar\/e482226d0b315127399077d5c4b71da7603e497013d2412b38a9884e70d87e81?s=96&d=mm&r=g","caption":"admin"},"sameAs":["https:\/\/derechoshumanosyempresas.cl"],"url":"https:\/\/derechoshumanosyempresas.cl\/index.php\/author\/admin\/"}]}},"wpmagazine_modules_lite_featured_media_urls":{"thumbnail":["https:\/\/derechoshumanosyempresas.cl\/wp-content\/uploads\/2024\/11\/20241029_204513-EDIT-1536x1040-1-150x150.jpg",150,150,true],"cvmm-medium":["https:\/\/derechoshumanosyempresas.cl\/wp-content\/uploads\/2024\/11\/20241029_204513-EDIT-1536x1040-1-300x300.jpg",300,300,true],"cvmm-medium-plus":["https:\/\/derechoshumanosyempresas.cl\/wp-content\/uploads\/2024\/11\/20241029_204513-EDIT-1536x1040-1-305x207.jpg",305,207,true],"cvmm-portrait":["https:\/\/derechoshumanosyempresas.cl\/wp-content\/uploads\/2024\/11\/20241029_204513-EDIT-1536x1040-1-400x600.jpg",400,600,true],"cvmm-medium-square":["https:\/\/derechoshumanosyempresas.cl\/wp-content\/uploads\/2024\/11\/20241029_204513-EDIT-1536x1040-1-600x600.jpg",600,600,true],"cvmm-large":["https:\/\/derechoshumanosyempresas.cl\/wp-content\/uploads\/2024\/11\/20241029_204513-EDIT-1536x1040-1-1024x1024.jpg",1024,1024,true],"cvmm-small":["https:\/\/derechoshumanosyempresas.cl\/wp-content\/uploads\/2024\/11\/20241029_204513-EDIT-1536x1040-1-130x95.jpg",130,95,true],"full":["https:\/\/derechoshumanosyempresas.cl\/wp-content\/uploads\/2024\/11\/20241029_204513-EDIT-1536x1040-1.jpg",1536,1040,false]},"categories_names":{"43":{"name":"Noticias","link":"https:\/\/derechoshumanosyempresas.cl\/index.php\/category\/centro-de-informacion\/"}},"tags_names":{"83":{"name":"derechos humanos","link":"https:\/\/derechoshumanosyempresas.cl\/index.php\/tag\/derechos-humanos\/"},"86":{"name":"derechos humanos y empresas","link":"https:\/\/derechoshumanosyempresas.cl\/index.php\/tag\/derechos-humanos-y-empresas\/"},"97":{"name":"industria salmonera","link":"https:\/\/derechoshumanosyempresas.cl\/index.php\/tag\/industria-salmonera\/"}},"comments_number":"0","_links":{"self":[{"href":"https:\/\/derechoshumanosyempresas.cl\/index.php\/wp-json\/wp\/v2\/posts\/2387","targetHints":{"allow":["GET"]}}],"collection":[{"href":"https:\/\/derechoshumanosyempresas.cl\/index.php\/wp-json\/wp\/v2\/posts"}],"about":[{"href":"https:\/\/derechoshumanosyempresas.cl\/index.php\/wp-json\/wp\/v2\/types\/post"}],"author":[{"embeddable":true,"href":"https:\/\/derechoshumanosyempresas.cl\/index.php\/wp-json\/wp\/v2\/users\/1"}],"replies":[{"embeddable":true,"href":"https:\/\/derechoshumanosyempresas.cl\/index.php\/wp-json\/wp\/v2\/comments?post=2387"}],"version-history":[{"count":0,"href":"https:\/\/derechoshumanosyempresas.cl\/index.php\/wp-json\/wp\/v2\/posts\/2387\/revisions"}],"wp:featuredmedia":[{"embeddable":true,"href":"https:\/\/derechoshumanosyempresas.cl\/index.php\/wp-json\/wp\/v2\/media\/2388"}],"wp:attachment":[{"href":"https:\/\/derechoshumanosyempresas.cl\/index.php\/wp-json\/wp\/v2\/media?parent=2387"}],"wp:term":[{"taxonomy":"category","embeddable":true,"href":"https:\/\/derechoshumanosyempresas.cl\/index.php\/wp-json\/wp\/v2\/categories?post=2387"},{"taxonomy":"post_tag","embeddable":true,"href":"https:\/\/derechoshumanosyempresas.cl\/index.php\/wp-json\/wp\/v2\/tags?post=2387"}],"curies":[{"name":"wp","href":"https:\/\/api.w.org\/{rel}","templated":true}]}}