{"id":2379,"date":"2024-10-25T20:05:37","date_gmt":"2024-10-25T20:05:37","guid":{"rendered":"https:\/\/derechoshumanosyempresas.cl\/?p=2379"},"modified":"2025-02-21T14:50:31","modified_gmt":"2025-02-21T14:50:31","slug":"redar-el-proyecto-que-une-esfuerzos-para-proteger-los-derechos-humanos-y-el-medio-ambiente-en-chile","status":"publish","type":"post","link":"https:\/\/derechoshumanosyempresas.cl\/index.php\/2024\/10\/25\/redar-el-proyecto-que-une-esfuerzos-para-proteger-los-derechos-humanos-y-el-medio-ambiente-en-chile\/","title":{"rendered":"REDAR: El proyecto que une esfuerzos para proteger los derechos humanos y el medio ambiente en Chile"},"content":{"rendered":"<h4><i><span style=\"font-weight: 400;\">Esta iniciativa busca fortalecer la participaci\u00f3n de la sociedad civil en la defensa de los derechos humanos y ambientales frente a la actividad empresarial. A trav\u00e9s de capacitaciones, investigaciones y un enfoque en la Ley de Debida Diligencia, el proyecto aspira a transformar el escenario de los conflictos socioambientales en Chile, empoderando a las comunidades locales y promoviendo una regulaci\u00f3n m\u00e1s justa.<\/span><\/i><\/h4>\n<p><span style=\"font-weight: 400;\">En un contexto donde Chile enfrenta un n\u00famero creciente de conflictos socioambientales, donde la actividad empresarial a menudo impacta negativamente en los derechos de comunidades locales surge el <strong>Proyecto REDAR (Respeto Empresarial, Derechos, Ambiente y Responsabilidad) como una iniciativa clave para fortalecer la defensa de los derechos humanos en el \u00e1mbito empresarial<\/strong>. Impulsado por la Plataforma Chilena de Sociedad Civil sobre Derechos Humanos y Empresas, REDAR busca articular a diversas organizaciones sociales y ambientales para que las voces de las comunidades afectadas sean escuchadas y consideradas en la formulaci\u00f3n de pol\u00edticas p\u00fablicas.\u00a0<\/span><\/p>\n<p><span style=\"font-weight: 400;\">El Proyecto REDAR es financiado por la Uni\u00f3n Europea, luego de ser adjudicado por la <a href=\"https:\/\/www.fima.cl\/\" target=\"_blank\" rel=\"noopener\">ONG FIMA<\/a> como solicitante principal y el <a href=\"https:\/\/derechoshumanos.udp.cl\/\" target=\"_blank\" rel=\"noopener\">Centro de Derechos Humanos de la Universidad Diego Portales<\/a> junto al <a href=\"https:\/\/observatorio.cl\/\" target=\"_blank\" rel=\"noopener\">Observatorio Ciudadano<\/a> como co-solicitantes. Esta alianza busca no solo incidir en la creaci\u00f3n de marcos normativos m\u00e1s justos, sino tambi\u00e9n en el <strong>empoderamiento de las comunidades para que puedan defender sus derechos frente a la actividad empresarial. <\/strong>REDAR ofrece capacitaciones y fomenta el di\u00e1logo con expertos internacionales para fortalecer la incidencia de las organizaciones en el desarrollo de una legislaci\u00f3n m\u00e1s robusta, como la Ley de Debida Diligencia empresarial.<\/span><\/p>\n<p><span style=\"font-weight: 400;\"><strong>Carolina Palma, coordinadora del Proyecto REDAR<\/strong>, nos cuenta sobre los objetivos y desaf\u00edos de esta iniciativa, destacando la importancia de fortalecer la participaci\u00f3n ciudadana, promover la regulaci\u00f3n justa y empoderar a las comunidades para enfrentar los impactos de la actividad empresarial en Chile.<\/span><\/p>\n<p><b>\u00bfCu\u00e1l es la importancia de abordar los derechos humanos y ambientales en el contexto de la actividad empresarial en Chile?<\/b><\/p>\n<p><span style=\"font-weight: 400;\">La importancia est\u00e1 en que la institucionalidad debe estar preparada para prevenir, monitorear y sancionar cualquier amenaza a los derechos humanos que se derive de la actividad empresarial. Las empresas, si bien son agentes fundamentales para el desarrollo econ\u00f3mico, <strong>deben actuar con responsabilidad, asegurando que su crecimiento no implique da\u00f1os a las comunidades ni al medio ambiente.<\/strong> Por otro lado, la ciudadan\u00eda debe estar informada y organizada para poder exigir el respeto a sus derechos, ya que esto puede ayudar a evitar conflictos socioambientales y a promover una mayor justicia ambiental. REDAR busca crear un espacio de di\u00e1logo y acci\u00f3n para que las comunidades afectadas, junto con las organizaciones de la sociedad civil, puedan incidir en la mejora de la regulaci\u00f3n y en la promoci\u00f3n de est\u00e1ndares m\u00e1s rigurosos en materia de derechos humanos.<\/span><\/p>\n<h4><b>El proyecto tiene como objetivo fortalecer las capacidades de la sociedad civil. \u00bfC\u00f3mo se planea articular la participaci\u00f3n de las organizaciones en los procesos de di\u00e1logo y toma de decisiones?<\/b><\/h4>\n<p><span style=\"font-weight: 400;\">REDAR ofrece un enfoque integral para fortalecer a las organizaciones de la sociedad civil en torno a la defensa de derechos humanos en el \u00e1mbito empresarial. Una de nuestras principales estrategias es <strong>brindarles herramientas a trav\u00e9s de capacitaciones y talleres, desarrollando competencias para entender mejor el contexto normativo y los derechos que les asisten.<\/strong> Estas actividades se complementan con el intercambio de conocimientos con expertos internacionales y el trabajo directo con comunidades afectadas en diversas regiones de Chile. Buscamos que las organizaciones no solo conozcan los marcos regulatorios, sino que puedan participar activamente en su construcci\u00f3n, representando la voz de las comunidades locales ante los tomadores de decisiones. Adem\u00e1s, la articulaci\u00f3n con la Plataforma Chilena de Sociedad Civil sobre Derechos Humanos y Empresas nos permite fortalecer redes, <strong>potenciando el trabajo conjunto entre actores locales y nacionales, y asegurando que sus demandas sean escuchadas.<\/strong><\/span><\/p>\n<h4><b>En relaci\u00f3n con los conflictos socioambientales en Chile, \u00bfc\u00f3mo crees que el Proyecto REDAR puede incidir en la mejora de la regulaci\u00f3n y las pol\u00edticas p\u00fablicas para prevenir la vulneraci\u00f3n de derechos?<\/b><\/h4>\n<p><span style=\"font-weight: 400;\">REDAR busca contribuir activamente a la <strong>discusi\u00f3n sobre la creaci\u00f3n de un marco normativo robusto, como una Ley de Debida Diligencia empresarial<\/strong>. Este tipo de legislaci\u00f3n, que ya ha sido implementada en otros pa\u00edses, permitir\u00eda regular de manera integral el cumplimiento de las normativas ambientales por parte de las empresas y su impacto en las comunidades. Adem\u00e1s, estamos muy atentos al desarrollo de pol\u00edticas nacionales, como la <strong>Estrategia Nacional del Litio y el Plan de Acci\u00f3n de Hidr\u00f3geno Verde, que son iniciativas con un fuerte impacto territorial y ambiental<\/strong>. A trav\u00e9s de la Plataforma, buscamos que las comunidades tengan un rol activo en estos procesos y que la perspectiva de derechos humanos sea un eje central en cualquier pol\u00edtica p\u00fablica. <strong>Nuestra incidencia se enfoca en asegurar que los marcos regulatorios no solo respondan a las necesidades del mercado, sino tambi\u00e9n a la protecci\u00f3n de las personas y los ecosistemas.<\/strong><\/span><\/p>\n<h4><b>\u00bfCu\u00e1les son los principales desaf\u00edos que enfrentan las organizaciones de la sociedad civil en Chile al tratar de incidir en los derechos humanos y ambientales en el contexto empresarial?<\/b><\/h4>\n<p><span style=\"font-weight: 400;\">Las organizaciones enfrentan varios desaf\u00edos importantes. El primero es la <strong>articulaci\u00f3n interna<\/strong>, que requiere coordinar a distintos actores con objetivos comunes en un contexto de recursos limitados. Es fundamental encontrar formas de unificar las distintas demandas para poder presentar una postura s\u00f3lida ante las autoridades y el sector privado. En segundo lugar, <strong>lograr que el tema de empresas y derechos humanos tenga la relevancia necesaria en el debate p\u00fablico es un reto<\/strong>, ya que a menudo se subestima el impacto social y ambiental de la actividad empresarial. Finalmente, hay un <strong>desaf\u00edo comunicacional<\/strong>, ya que la sociedad civil muchas veces debe enfrentar campa\u00f1as de desinformaci\u00f3n por parte de algunos sectores empresariales, que pueden desvirtuar el trabajo que realizamos para proteger los derechos de las comunidades afectadas. REDAR busca fortalecer a las organizaciones para que puedan enfrentar estos desaf\u00edos con m\u00e1s herramientas y estrategias, promoviendo un enfoque de derechos que permee todos los niveles de la discusi\u00f3n p\u00fablica.<\/span><\/p>\n<p>&nbsp;<\/p>\n","protected":false},"excerpt":{"rendered":"<p>Esta iniciativa busca fortalecer la participaci\u00f3n de la sociedad civil en la defensa de los derechos humanos y ambientales frente a la [&hellip;]<\/p>\n","protected":false},"author":1,"featured_media":2384,"comment_status":"open","ping_status":"open","sticky":false,"template":"","format":"standard","meta":{"footnotes":""},"categories":[82,43],"tags":[83,86,93],"class_list":["post-2379","post","type-post","status-publish","format-standard","has-post-thumbnail","hentry","category-de-interes","category-centro-de-informacion","tag-derechos-humanos","tag-derechos-humanos-y-empresas","tag-proyecto-redar"],"yoast_head":"<!-- This site is optimized with the Yoast SEO plugin v27.4 - https:\/\/yoast.com\/product\/yoast-seo-wordpress\/ -->\n<title>REDAR: derechos humanos y el medio ambiente en Chile<\/title>\n<meta name=\"description\" content=\"El Proyecto REDAR une esfuerzos para proteger los derechos humanos y el medio ambiente en Chile\" \/>\n<meta name=\"robots\" content=\"index, follow, max-snippet:-1, max-image-preview:large, max-video-preview:-1\" \/>\n<link rel=\"canonical\" href=\"https:\/\/derechoshumanosyempresas.cl\/index.php\/2024\/10\/25\/redar-el-proyecto-que-une-esfuerzos-para-proteger-los-derechos-humanos-y-el-medio-ambiente-en-chile\/\" \/>\n<meta property=\"og:locale\" content=\"es_ES\" \/>\n<meta property=\"og:type\" content=\"article\" \/>\n<meta property=\"og:title\" content=\"REDAR: derechos humanos y el medio ambiente en Chile\" \/>\n<meta property=\"og:description\" content=\"El Proyecto REDAR une esfuerzos para proteger los derechos humanos y el medio ambiente en Chile\" \/>\n<meta property=\"og:url\" content=\"https:\/\/derechoshumanosyempresas.cl\/index.php\/2024\/10\/25\/redar-el-proyecto-que-une-esfuerzos-para-proteger-los-derechos-humanos-y-el-medio-ambiente-en-chile\/\" \/>\n<meta property=\"og:site_name\" content=\"Plataforma Chilena de la Sociedad Civil de Derechos Humanos y Empresas\" \/>\n<meta property=\"article:published_time\" content=\"2024-10-25T20:05:37+00:00\" \/>\n<meta property=\"article:modified_time\" content=\"2025-02-21T14:50:31+00:00\" \/>\n<meta property=\"og:image\" content=\"https:\/\/derechoshumanosyempresas.cl\/wp-content\/uploads\/2024\/10\/Entrevista-Carolina-Palma-1.png\" \/>\n\t<meta property=\"og:image:width\" content=\"1080\" \/>\n\t<meta property=\"og:image:height\" content=\"1080\" \/>\n\t<meta property=\"og:image:type\" content=\"image\/png\" \/>\n<meta name=\"author\" content=\"admin\" \/>\n<meta name=\"twitter:card\" content=\"summary_large_image\" \/>\n<meta name=\"twitter:label1\" content=\"Escrito por\" \/>\n\t<meta name=\"twitter:data1\" content=\"admin\" \/>\n\t<meta name=\"twitter:label2\" content=\"Tiempo de lectura\" \/>\n\t<meta name=\"twitter:data2\" content=\"5 minutos\" \/>\n<script type=\"application\/ld+json\" class=\"yoast-schema-graph\">{\"@context\":\"https:\\\/\\\/schema.org\",\"@graph\":[{\"@type\":\"Article\",\"@id\":\"https:\\\/\\\/derechoshumanosyempresas.cl\\\/index.php\\\/2024\\\/10\\\/25\\\/redar-el-proyecto-que-une-esfuerzos-para-proteger-los-derechos-humanos-y-el-medio-ambiente-en-chile\\\/#article\",\"isPartOf\":{\"@id\":\"https:\\\/\\\/derechoshumanosyempresas.cl\\\/index.php\\\/2024\\\/10\\\/25\\\/redar-el-proyecto-que-une-esfuerzos-para-proteger-los-derechos-humanos-y-el-medio-ambiente-en-chile\\\/\"},\"author\":{\"name\":\"admin\",\"@id\":\"https:\\\/\\\/derechoshumanosyempresas.cl\\\/#\\\/schema\\\/person\\\/6476dd2bd26bc2ab59a33de40c2c2baa\"},\"headline\":\"REDAR: El proyecto que une esfuerzos para proteger los derechos humanos y el medio ambiente en Chile\",\"datePublished\":\"2024-10-25T20:05:37+00:00\",\"dateModified\":\"2025-02-21T14:50:31+00:00\",\"mainEntityOfPage\":{\"@id\":\"https:\\\/\\\/derechoshumanosyempresas.cl\\\/index.php\\\/2024\\\/10\\\/25\\\/redar-el-proyecto-que-une-esfuerzos-para-proteger-los-derechos-humanos-y-el-medio-ambiente-en-chile\\\/\"},\"wordCount\":1078,\"commentCount\":0,\"image\":{\"@id\":\"https:\\\/\\\/derechoshumanosyempresas.cl\\\/index.php\\\/2024\\\/10\\\/25\\\/redar-el-proyecto-que-une-esfuerzos-para-proteger-los-derechos-humanos-y-el-medio-ambiente-en-chile\\\/#primaryimage\"},\"thumbnailUrl\":\"https:\\\/\\\/derechoshumanosyempresas.cl\\\/wp-content\\\/uploads\\\/2024\\\/10\\\/Entrevista-Carolina-Palma-1.png\",\"keywords\":[\"derechos humanos\",\"derechos humanos y empresas\",\"proyecto redar\"],\"articleSection\":[\"De \u00ednteres\",\"Noticias\"],\"inLanguage\":\"es\",\"potentialAction\":[{\"@type\":\"CommentAction\",\"name\":\"Comment\",\"target\":[\"https:\\\/\\\/derechoshumanosyempresas.cl\\\/index.php\\\/2024\\\/10\\\/25\\\/redar-el-proyecto-que-une-esfuerzos-para-proteger-los-derechos-humanos-y-el-medio-ambiente-en-chile\\\/#respond\"]}]},{\"@type\":\"WebPage\",\"@id\":\"https:\\\/\\\/derechoshumanosyempresas.cl\\\/index.php\\\/2024\\\/10\\\/25\\\/redar-el-proyecto-que-une-esfuerzos-para-proteger-los-derechos-humanos-y-el-medio-ambiente-en-chile\\\/\",\"url\":\"https:\\\/\\\/derechoshumanosyempresas.cl\\\/index.php\\\/2024\\\/10\\\/25\\\/redar-el-proyecto-que-une-esfuerzos-para-proteger-los-derechos-humanos-y-el-medio-ambiente-en-chile\\\/\",\"name\":\"REDAR: derechos humanos y el medio ambiente en Chile\",\"isPartOf\":{\"@id\":\"https:\\\/\\\/derechoshumanosyempresas.cl\\\/#website\"},\"primaryImageOfPage\":{\"@id\":\"https:\\\/\\\/derechoshumanosyempresas.cl\\\/index.php\\\/2024\\\/10\\\/25\\\/redar-el-proyecto-que-une-esfuerzos-para-proteger-los-derechos-humanos-y-el-medio-ambiente-en-chile\\\/#primaryimage\"},\"image\":{\"@id\":\"https:\\\/\\\/derechoshumanosyempresas.cl\\\/index.php\\\/2024\\\/10\\\/25\\\/redar-el-proyecto-que-une-esfuerzos-para-proteger-los-derechos-humanos-y-el-medio-ambiente-en-chile\\\/#primaryimage\"},\"thumbnailUrl\":\"https:\\\/\\\/derechoshumanosyempresas.cl\\\/wp-content\\\/uploads\\\/2024\\\/10\\\/Entrevista-Carolina-Palma-1.png\",\"datePublished\":\"2024-10-25T20:05:37+00:00\",\"dateModified\":\"2025-02-21T14:50:31+00:00\",\"author\":{\"@id\":\"https:\\\/\\\/derechoshumanosyempresas.cl\\\/#\\\/schema\\\/person\\\/6476dd2bd26bc2ab59a33de40c2c2baa\"},\"description\":\"El Proyecto REDAR une esfuerzos para proteger los derechos humanos y el medio ambiente en Chile\",\"breadcrumb\":{\"@id\":\"https:\\\/\\\/derechoshumanosyempresas.cl\\\/index.php\\\/2024\\\/10\\\/25\\\/redar-el-proyecto-que-une-esfuerzos-para-proteger-los-derechos-humanos-y-el-medio-ambiente-en-chile\\\/#breadcrumb\"},\"inLanguage\":\"es\",\"potentialAction\":[{\"@type\":\"ReadAction\",\"target\":[\"https:\\\/\\\/derechoshumanosyempresas.cl\\\/index.php\\\/2024\\\/10\\\/25\\\/redar-el-proyecto-que-une-esfuerzos-para-proteger-los-derechos-humanos-y-el-medio-ambiente-en-chile\\\/\"]}]},{\"@type\":\"ImageObject\",\"inLanguage\":\"es\",\"@id\":\"https:\\\/\\\/derechoshumanosyempresas.cl\\\/index.php\\\/2024\\\/10\\\/25\\\/redar-el-proyecto-que-une-esfuerzos-para-proteger-los-derechos-humanos-y-el-medio-ambiente-en-chile\\\/#primaryimage\",\"url\":\"https:\\\/\\\/derechoshumanosyempresas.cl\\\/wp-content\\\/uploads\\\/2024\\\/10\\\/Entrevista-Carolina-Palma-1.png\",\"contentUrl\":\"https:\\\/\\\/derechoshumanosyempresas.cl\\\/wp-content\\\/uploads\\\/2024\\\/10\\\/Entrevista-Carolina-Palma-1.png\",\"width\":1080,\"height\":1080},{\"@type\":\"BreadcrumbList\",\"@id\":\"https:\\\/\\\/derechoshumanosyempresas.cl\\\/index.php\\\/2024\\\/10\\\/25\\\/redar-el-proyecto-que-une-esfuerzos-para-proteger-los-derechos-humanos-y-el-medio-ambiente-en-chile\\\/#breadcrumb\",\"itemListElement\":[{\"@type\":\"ListItem\",\"position\":1,\"name\":\"Portada\",\"item\":\"https:\\\/\\\/derechoshumanosyempresas.cl\\\/\"},{\"@type\":\"ListItem\",\"position\":2,\"name\":\"REDAR: El proyecto que une esfuerzos para proteger los derechos humanos y el medio ambiente en Chile\"}]},{\"@type\":\"WebSite\",\"@id\":\"https:\\\/\\\/derechoshumanosyempresas.cl\\\/#website\",\"url\":\"https:\\\/\\\/derechoshumanosyempresas.cl\\\/\",\"name\":\"Plataforma Chilena de la Sociedad Civil de Derechos Humanos y Empresas\",\"description\":\"\",\"potentialAction\":[{\"@type\":\"SearchAction\",\"target\":{\"@type\":\"EntryPoint\",\"urlTemplate\":\"https:\\\/\\\/derechoshumanosyempresas.cl\\\/?s={search_term_string}\"},\"query-input\":{\"@type\":\"PropertyValueSpecification\",\"valueRequired\":true,\"valueName\":\"search_term_string\"}}],\"inLanguage\":\"es\"},{\"@type\":\"Person\",\"@id\":\"https:\\\/\\\/derechoshumanosyempresas.cl\\\/#\\\/schema\\\/person\\\/6476dd2bd26bc2ab59a33de40c2c2baa\",\"name\":\"admin\",\"image\":{\"@type\":\"ImageObject\",\"inLanguage\":\"es\",\"@id\":\"https:\\\/\\\/secure.gravatar.com\\\/avatar\\\/e482226d0b315127399077d5c4b71da7603e497013d2412b38a9884e70d87e81?s=96&d=mm&r=g\",\"url\":\"https:\\\/\\\/secure.gravatar.com\\\/avatar\\\/e482226d0b315127399077d5c4b71da7603e497013d2412b38a9884e70d87e81?s=96&d=mm&r=g\",\"contentUrl\":\"https:\\\/\\\/secure.gravatar.com\\\/avatar\\\/e482226d0b315127399077d5c4b71da7603e497013d2412b38a9884e70d87e81?s=96&d=mm&r=g\",\"caption\":\"admin\"},\"sameAs\":[\"https:\\\/\\\/derechoshumanosyempresas.cl\"],\"url\":\"https:\\\/\\\/derechoshumanosyempresas.cl\\\/index.php\\\/author\\\/admin\\\/\"}]}<\/script>\n<!-- \/ Yoast SEO plugin. -->","yoast_head_json":{"title":"REDAR: derechos humanos y el medio ambiente en Chile","description":"El Proyecto REDAR une esfuerzos para proteger los derechos humanos y el medio ambiente en Chile","robots":{"index":"index","follow":"follow","max-snippet":"max-snippet:-1","max-image-preview":"max-image-preview:large","max-video-preview":"max-video-preview:-1"},"canonical":"https:\/\/derechoshumanosyempresas.cl\/index.php\/2024\/10\/25\/redar-el-proyecto-que-une-esfuerzos-para-proteger-los-derechos-humanos-y-el-medio-ambiente-en-chile\/","og_locale":"es_ES","og_type":"article","og_title":"REDAR: derechos humanos y el medio ambiente en Chile","og_description":"El Proyecto REDAR une esfuerzos para proteger los derechos humanos y el medio ambiente en Chile","og_url":"https:\/\/derechoshumanosyempresas.cl\/index.php\/2024\/10\/25\/redar-el-proyecto-que-une-esfuerzos-para-proteger-los-derechos-humanos-y-el-medio-ambiente-en-chile\/","og_site_name":"Plataforma Chilena de la Sociedad Civil de Derechos Humanos y Empresas","article_published_time":"2024-10-25T20:05:37+00:00","article_modified_time":"2025-02-21T14:50:31+00:00","og_image":[{"width":1080,"height":1080,"url":"https:\/\/derechoshumanosyempresas.cl\/wp-content\/uploads\/2024\/10\/Entrevista-Carolina-Palma-1.png","type":"image\/png"}],"author":"admin","twitter_card":"summary_large_image","twitter_misc":{"Escrito por":"admin","Tiempo de lectura":"5 minutos"},"schema":{"@context":"https:\/\/schema.org","@graph":[{"@type":"Article","@id":"https:\/\/derechoshumanosyempresas.cl\/index.php\/2024\/10\/25\/redar-el-proyecto-que-une-esfuerzos-para-proteger-los-derechos-humanos-y-el-medio-ambiente-en-chile\/#article","isPartOf":{"@id":"https:\/\/derechoshumanosyempresas.cl\/index.php\/2024\/10\/25\/redar-el-proyecto-que-une-esfuerzos-para-proteger-los-derechos-humanos-y-el-medio-ambiente-en-chile\/"},"author":{"name":"admin","@id":"https:\/\/derechoshumanosyempresas.cl\/#\/schema\/person\/6476dd2bd26bc2ab59a33de40c2c2baa"},"headline":"REDAR: El proyecto que une esfuerzos para proteger los derechos humanos y el medio ambiente en Chile","datePublished":"2024-10-25T20:05:37+00:00","dateModified":"2025-02-21T14:50:31+00:00","mainEntityOfPage":{"@id":"https:\/\/derechoshumanosyempresas.cl\/index.php\/2024\/10\/25\/redar-el-proyecto-que-une-esfuerzos-para-proteger-los-derechos-humanos-y-el-medio-ambiente-en-chile\/"},"wordCount":1078,"commentCount":0,"image":{"@id":"https:\/\/derechoshumanosyempresas.cl\/index.php\/2024\/10\/25\/redar-el-proyecto-que-une-esfuerzos-para-proteger-los-derechos-humanos-y-el-medio-ambiente-en-chile\/#primaryimage"},"thumbnailUrl":"https:\/\/derechoshumanosyempresas.cl\/wp-content\/uploads\/2024\/10\/Entrevista-Carolina-Palma-1.png","keywords":["derechos humanos","derechos humanos y empresas","proyecto redar"],"articleSection":["De \u00ednteres","Noticias"],"inLanguage":"es","potentialAction":[{"@type":"CommentAction","name":"Comment","target":["https:\/\/derechoshumanosyempresas.cl\/index.php\/2024\/10\/25\/redar-el-proyecto-que-une-esfuerzos-para-proteger-los-derechos-humanos-y-el-medio-ambiente-en-chile\/#respond"]}]},{"@type":"WebPage","@id":"https:\/\/derechoshumanosyempresas.cl\/index.php\/2024\/10\/25\/redar-el-proyecto-que-une-esfuerzos-para-proteger-los-derechos-humanos-y-el-medio-ambiente-en-chile\/","url":"https:\/\/derechoshumanosyempresas.cl\/index.php\/2024\/10\/25\/redar-el-proyecto-que-une-esfuerzos-para-proteger-los-derechos-humanos-y-el-medio-ambiente-en-chile\/","name":"REDAR: derechos humanos y el medio ambiente en Chile","isPartOf":{"@id":"https:\/\/derechoshumanosyempresas.cl\/#website"},"primaryImageOfPage":{"@id":"https:\/\/derechoshumanosyempresas.cl\/index.php\/2024\/10\/25\/redar-el-proyecto-que-une-esfuerzos-para-proteger-los-derechos-humanos-y-el-medio-ambiente-en-chile\/#primaryimage"},"image":{"@id":"https:\/\/derechoshumanosyempresas.cl\/index.php\/2024\/10\/25\/redar-el-proyecto-que-une-esfuerzos-para-proteger-los-derechos-humanos-y-el-medio-ambiente-en-chile\/#primaryimage"},"thumbnailUrl":"https:\/\/derechoshumanosyempresas.cl\/wp-content\/uploads\/2024\/10\/Entrevista-Carolina-Palma-1.png","datePublished":"2024-10-25T20:05:37+00:00","dateModified":"2025-02-21T14:50:31+00:00","author":{"@id":"https:\/\/derechoshumanosyempresas.cl\/#\/schema\/person\/6476dd2bd26bc2ab59a33de40c2c2baa"},"description":"El Proyecto REDAR une esfuerzos para proteger los derechos humanos y el medio ambiente en Chile","breadcrumb":{"@id":"https:\/\/derechoshumanosyempresas.cl\/index.php\/2024\/10\/25\/redar-el-proyecto-que-une-esfuerzos-para-proteger-los-derechos-humanos-y-el-medio-ambiente-en-chile\/#breadcrumb"},"inLanguage":"es","potentialAction":[{"@type":"ReadAction","target":["https:\/\/derechoshumanosyempresas.cl\/index.php\/2024\/10\/25\/redar-el-proyecto-que-une-esfuerzos-para-proteger-los-derechos-humanos-y-el-medio-ambiente-en-chile\/"]}]},{"@type":"ImageObject","inLanguage":"es","@id":"https:\/\/derechoshumanosyempresas.cl\/index.php\/2024\/10\/25\/redar-el-proyecto-que-une-esfuerzos-para-proteger-los-derechos-humanos-y-el-medio-ambiente-en-chile\/#primaryimage","url":"https:\/\/derechoshumanosyempresas.cl\/wp-content\/uploads\/2024\/10\/Entrevista-Carolina-Palma-1.png","contentUrl":"https:\/\/derechoshumanosyempresas.cl\/wp-content\/uploads\/2024\/10\/Entrevista-Carolina-Palma-1.png","width":1080,"height":1080},{"@type":"BreadcrumbList","@id":"https:\/\/derechoshumanosyempresas.cl\/index.php\/2024\/10\/25\/redar-el-proyecto-que-une-esfuerzos-para-proteger-los-derechos-humanos-y-el-medio-ambiente-en-chile\/#breadcrumb","itemListElement":[{"@type":"ListItem","position":1,"name":"Portada","item":"https:\/\/derechoshumanosyempresas.cl\/"},{"@type":"ListItem","position":2,"name":"REDAR: El proyecto que une esfuerzos para proteger los derechos humanos y el medio ambiente en Chile"}]},{"@type":"WebSite","@id":"https:\/\/derechoshumanosyempresas.cl\/#website","url":"https:\/\/derechoshumanosyempresas.cl\/","name":"Plataforma Chilena de la Sociedad Civil de Derechos Humanos y Empresas","description":"","potentialAction":[{"@type":"SearchAction","target":{"@type":"EntryPoint","urlTemplate":"https:\/\/derechoshumanosyempresas.cl\/?s={search_term_string}"},"query-input":{"@type":"PropertyValueSpecification","valueRequired":true,"valueName":"search_term_string"}}],"inLanguage":"es"},{"@type":"Person","@id":"https:\/\/derechoshumanosyempresas.cl\/#\/schema\/person\/6476dd2bd26bc2ab59a33de40c2c2baa","name":"admin","image":{"@type":"ImageObject","inLanguage":"es","@id":"https:\/\/secure.gravatar.com\/avatar\/e482226d0b315127399077d5c4b71da7603e497013d2412b38a9884e70d87e81?s=96&d=mm&r=g","url":"https:\/\/secure.gravatar.com\/avatar\/e482226d0b315127399077d5c4b71da7603e497013d2412b38a9884e70d87e81?s=96&d=mm&r=g","contentUrl":"https:\/\/secure.gravatar.com\/avatar\/e482226d0b315127399077d5c4b71da7603e497013d2412b38a9884e70d87e81?s=96&d=mm&r=g","caption":"admin"},"sameAs":["https:\/\/derechoshumanosyempresas.cl"],"url":"https:\/\/derechoshumanosyempresas.cl\/index.php\/author\/admin\/"}]}},"wpmagazine_modules_lite_featured_media_urls":{"thumbnail":["https:\/\/derechoshumanosyempresas.cl\/wp-content\/uploads\/2024\/10\/Entrevista-Carolina-Palma-1-150x150.png",150,150,true],"cvmm-medium":["https:\/\/derechoshumanosyempresas.cl\/wp-content\/uploads\/2024\/10\/Entrevista-Carolina-Palma-1-300x300.png",300,300,true],"cvmm-medium-plus":["https:\/\/derechoshumanosyempresas.cl\/wp-content\/uploads\/2024\/10\/Entrevista-Carolina-Palma-1-305x207.png",305,207,true],"cvmm-portrait":["https:\/\/derechoshumanosyempresas.cl\/wp-content\/uploads\/2024\/10\/Entrevista-Carolina-Palma-1-400x600.png",400,600,true],"cvmm-medium-square":["https:\/\/derechoshumanosyempresas.cl\/wp-content\/uploads\/2024\/10\/Entrevista-Carolina-Palma-1-600x600.png",600,600,true],"cvmm-large":["https:\/\/derechoshumanosyempresas.cl\/wp-content\/uploads\/2024\/10\/Entrevista-Carolina-Palma-1-1024x1024.png",1024,1024,true],"cvmm-small":["https:\/\/derechoshumanosyempresas.cl\/wp-content\/uploads\/2024\/10\/Entrevista-Carolina-Palma-1-130x95.png",130,95,true],"full":["https:\/\/derechoshumanosyempresas.cl\/wp-content\/uploads\/2024\/10\/Entrevista-Carolina-Palma-1.png",1080,1080,false]},"categories_names":{"82":{"name":"De \u00ednteres","link":"https:\/\/derechoshumanosyempresas.cl\/index.php\/category\/de-interes\/"},"43":{"name":"Noticias","link":"https:\/\/derechoshumanosyempresas.cl\/index.php\/category\/centro-de-informacion\/"}},"tags_names":{"83":{"name":"derechos humanos","link":"https:\/\/derechoshumanosyempresas.cl\/index.php\/tag\/derechos-humanos\/"},"86":{"name":"derechos humanos y empresas","link":"https:\/\/derechoshumanosyempresas.cl\/index.php\/tag\/derechos-humanos-y-empresas\/"},"93":{"name":"proyecto redar","link":"https:\/\/derechoshumanosyempresas.cl\/index.php\/tag\/proyecto-redar\/"}},"comments_number":"0","_links":{"self":[{"href":"https:\/\/derechoshumanosyempresas.cl\/index.php\/wp-json\/wp\/v2\/posts\/2379","targetHints":{"allow":["GET"]}}],"collection":[{"href":"https:\/\/derechoshumanosyempresas.cl\/index.php\/wp-json\/wp\/v2\/posts"}],"about":[{"href":"https:\/\/derechoshumanosyempresas.cl\/index.php\/wp-json\/wp\/v2\/types\/post"}],"author":[{"embeddable":true,"href":"https:\/\/derechoshumanosyempresas.cl\/index.php\/wp-json\/wp\/v2\/users\/1"}],"replies":[{"embeddable":true,"href":"https:\/\/derechoshumanosyempresas.cl\/index.php\/wp-json\/wp\/v2\/comments?post=2379"}],"version-history":[{"count":0,"href":"https:\/\/derechoshumanosyempresas.cl\/index.php\/wp-json\/wp\/v2\/posts\/2379\/revisions"}],"wp:featuredmedia":[{"embeddable":true,"href":"https:\/\/derechoshumanosyempresas.cl\/index.php\/wp-json\/wp\/v2\/media\/2384"}],"wp:attachment":[{"href":"https:\/\/derechoshumanosyempresas.cl\/index.php\/wp-json\/wp\/v2\/media?parent=2379"}],"wp:term":[{"taxonomy":"category","embeddable":true,"href":"https:\/\/derechoshumanosyempresas.cl\/index.php\/wp-json\/wp\/v2\/categories?post=2379"},{"taxonomy":"post_tag","embeddable":true,"href":"https:\/\/derechoshumanosyempresas.cl\/index.php\/wp-json\/wp\/v2\/tags?post=2379"}],"curies":[{"name":"wp","href":"https:\/\/api.w.org\/{rel}","templated":true}]}}