{"id":2372,"date":"2024-10-17T16:28:05","date_gmt":"2024-10-17T16:28:05","guid":{"rendered":"https:\/\/derechoshumanosyempresas.cl\/?p=2372"},"modified":"2024-10-17T19:34:13","modified_gmt":"2024-10-17T19:34:13","slug":"declaracion-publica","status":"publish","type":"post","link":"https:\/\/derechoshumanosyempresas.cl\/index.php\/2024\/10\/17\/declaracion-publica\/","title":{"rendered":"Declaraci\u00f3n P\u00fablica por Acusaci\u00f3n Constitucional Ministro Sergio Mu\u00f1oz"},"content":{"rendered":"<p><span style=\"font-weight: 400;\">Las organizaciones que componen la Plataforma Chilena de la Sociedad Civil sobre Empresas y Derechos Humanos est\u00e1n integradas por quienes promueven el respeto por los derechos de personas, comunidades o pueblos que son afectados por la actividad de las empresas a lo largo y ancho de nuestro pa\u00eds.\u00a0<\/span><\/p>\n<p><span style=\"font-weight: 400;\">Es desde esa perspectiva que expresamos nuestra preocupaci\u00f3n y rechazo por la aprobaci\u00f3n de la acusaci\u00f3n constitucional que se impuls\u00f3 contra el Ministro de la Corte Suprema, Sergio Mu\u00f1oz. La evidente debilidad de las razones acogidas por la mayor\u00eda del Senado hace leg\u00edtimo asumir que, detr\u00e1s de esta injusta acci\u00f3n, hubo una clara voluntad de revancha contra un magistrado. Sus fallos, en el marco de nuestra legalidad, siempre otorgaron un lugar relevante a la preocupaci\u00f3n por los derechos humanos.<\/span><\/p>\n<p><span style=\"font-weight: 400;\">El Ministro Mu\u00f1oz tuvo esa importante consideraci\u00f3n tanto en casos referidos a los derechos civiles y pol\u00edticos, como en aquellos de car\u00e1cter econ\u00f3mico, social y ambiental, en los que muchas veces afect\u00f3 poderosos intereses, haciendo efectivamente de la ley el amparo de los m\u00e1s d\u00e9biles.<\/span><\/p>\n<p>La decisi\u00f3n de la mayor\u00eda del Senado no solo priva a la Corte Suprema de una mirada que hizo de los derechos humanos un \u00e1ngulo ineludible en la interpretaci\u00f3n y aplicaci\u00f3n de nuestras leyes; sino que pone en cuesti\u00f3n la real independencia de un poder judicial que puede ser cuestionado pol\u00edticamente por los fallos de sus integrantes.<\/p>\n<p><b>Coordinaci\u00f3n Plataforma Chilena de la Sociedad Civil Sobre Derechos Humanos y Empresas<\/b><\/p>\n","protected":false},"excerpt":{"rendered":"<p>Las organizaciones que componen la Plataforma Chilena de la Sociedad Civil sobre Empresas y Derechos Humanos est\u00e1n integradas por quienes promueven el [&hellip;]<\/p>\n","protected":false},"author":1,"featured_media":2373,"comment_status":"open","ping_status":"open","sticky":false,"template":"","format":"standard","meta":{"footnotes":""},"categories":[10,43],"tags":[88,91,90,89,92],"class_list":["post-2372","post","type-post","status-publish","format-standard","has-post-thumbnail","hentry","category-informacion","category-centro-de-informacion","tag-acusacion-constitucional","tag-corte-suprema","tag-ministro-sergio-munoz","tag-poder-judicial","tag-senado"],"yoast_head":"<!-- This site is optimized with the Yoast SEO plugin v27.4 - https:\/\/yoast.com\/product\/yoast-seo-wordpress\/ -->\n<title>Declaraci\u00f3n P\u00fablica por Acusaci\u00f3n Constitucional Ministro Sergio Mu\u00f1oz - Plataforma Chilena de la Sociedad Civil de Derechos Humanos y Empresas<\/title>\n<meta name=\"robots\" content=\"index, follow, max-snippet:-1, max-image-preview:large, max-video-preview:-1\" \/>\n<link rel=\"canonical\" href=\"https:\/\/derechoshumanosyempresas.cl\/index.php\/2024\/10\/17\/declaracion-publica\/\" \/>\n<meta property=\"og:locale\" content=\"es_ES\" \/>\n<meta property=\"og:type\" content=\"article\" \/>\n<meta property=\"og:title\" content=\"Declaraci\u00f3n P\u00fablica por Acusaci\u00f3n Constitucional Ministro Sergio Mu\u00f1oz - Plataforma Chilena de la Sociedad Civil de Derechos Humanos y Empresas\" \/>\n<meta property=\"og:description\" content=\"Las organizaciones que componen la Plataforma Chilena de la Sociedad Civil sobre Empresas y Derechos Humanos est\u00e1n integradas por quienes promueven el [&hellip;]\" \/>\n<meta property=\"og:url\" content=\"https:\/\/derechoshumanosyempresas.cl\/index.php\/2024\/10\/17\/declaracion-publica\/\" \/>\n<meta property=\"og:site_name\" content=\"Plataforma Chilena de la Sociedad Civil de Derechos Humanos y Empresas\" \/>\n<meta property=\"article:published_time\" content=\"2024-10-17T16:28:05+00:00\" \/>\n<meta property=\"article:modified_time\" content=\"2024-10-17T19:34:13+00:00\" \/>\n<meta property=\"og:image\" content=\"https:\/\/derechoshumanosyempresas.cl\/wp-content\/uploads\/2024\/10\/MINISTRO-MUNOZ-1024x683.png\" \/>\n\t<meta property=\"og:image:width\" content=\"1024\" \/>\n\t<meta property=\"og:image:height\" content=\"683\" \/>\n\t<meta property=\"og:image:type\" content=\"image\/png\" \/>\n<meta name=\"author\" content=\"admin\" \/>\n<meta name=\"twitter:card\" content=\"summary_large_image\" \/>\n<meta name=\"twitter:label1\" content=\"Escrito por\" \/>\n\t<meta name=\"twitter:data1\" content=\"admin\" \/>\n\t<meta name=\"twitter:label2\" content=\"Tiempo de lectura\" \/>\n\t<meta name=\"twitter:data2\" content=\"2 minutos\" \/>\n<script type=\"application\/ld+json\" class=\"yoast-schema-graph\">{\"@context\":\"https:\\\/\\\/schema.org\",\"@graph\":[{\"@type\":\"Article\",\"@id\":\"https:\\\/\\\/derechoshumanosyempresas.cl\\\/index.php\\\/2024\\\/10\\\/17\\\/declaracion-publica\\\/#article\",\"isPartOf\":{\"@id\":\"https:\\\/\\\/derechoshumanosyempresas.cl\\\/index.php\\\/2024\\\/10\\\/17\\\/declaracion-publica\\\/\"},\"author\":{\"name\":\"admin\",\"@id\":\"https:\\\/\\\/derechoshumanosyempresas.cl\\\/#\\\/schema\\\/person\\\/6476dd2bd26bc2ab59a33de40c2c2baa\"},\"headline\":\"Declaraci\u00f3n P\u00fablica por Acusaci\u00f3n Constitucional Ministro Sergio Mu\u00f1oz\",\"datePublished\":\"2024-10-17T16:28:05+00:00\",\"dateModified\":\"2024-10-17T19:34:13+00:00\",\"mainEntityOfPage\":{\"@id\":\"https:\\\/\\\/derechoshumanosyempresas.cl\\\/index.php\\\/2024\\\/10\\\/17\\\/declaracion-publica\\\/\"},\"wordCount\":278,\"commentCount\":0,\"image\":{\"@id\":\"https:\\\/\\\/derechoshumanosyempresas.cl\\\/index.php\\\/2024\\\/10\\\/17\\\/declaracion-publica\\\/#primaryimage\"},\"thumbnailUrl\":\"https:\\\/\\\/derechoshumanosyempresas.cl\\\/wp-content\\\/uploads\\\/2024\\\/10\\\/MINISTRO-MUNOZ.png\",\"keywords\":[\"acusaci\u00f3n constitucional\",\"corte suprema\",\"ministro sergio mu\u00f1oz\",\"poder judicial\",\"senado\"],\"articleSection\":[\"Informaci\u00f3n\",\"Noticias\"],\"inLanguage\":\"es\",\"potentialAction\":[{\"@type\":\"CommentAction\",\"name\":\"Comment\",\"target\":[\"https:\\\/\\\/derechoshumanosyempresas.cl\\\/index.php\\\/2024\\\/10\\\/17\\\/declaracion-publica\\\/#respond\"]}]},{\"@type\":\"WebPage\",\"@id\":\"https:\\\/\\\/derechoshumanosyempresas.cl\\\/index.php\\\/2024\\\/10\\\/17\\\/declaracion-publica\\\/\",\"url\":\"https:\\\/\\\/derechoshumanosyempresas.cl\\\/index.php\\\/2024\\\/10\\\/17\\\/declaracion-publica\\\/\",\"name\":\"Declaraci\u00f3n P\u00fablica por Acusaci\u00f3n Constitucional Ministro Sergio Mu\u00f1oz - Plataforma Chilena de la Sociedad Civil de Derechos Humanos y Empresas\",\"isPartOf\":{\"@id\":\"https:\\\/\\\/derechoshumanosyempresas.cl\\\/#website\"},\"primaryImageOfPage\":{\"@id\":\"https:\\\/\\\/derechoshumanosyempresas.cl\\\/index.php\\\/2024\\\/10\\\/17\\\/declaracion-publica\\\/#primaryimage\"},\"image\":{\"@id\":\"https:\\\/\\\/derechoshumanosyempresas.cl\\\/index.php\\\/2024\\\/10\\\/17\\\/declaracion-publica\\\/#primaryimage\"},\"thumbnailUrl\":\"https:\\\/\\\/derechoshumanosyempresas.cl\\\/wp-content\\\/uploads\\\/2024\\\/10\\\/MINISTRO-MUNOZ.png\",\"datePublished\":\"2024-10-17T16:28:05+00:00\",\"dateModified\":\"2024-10-17T19:34:13+00:00\",\"author\":{\"@id\":\"https:\\\/\\\/derechoshumanosyempresas.cl\\\/#\\\/schema\\\/person\\\/6476dd2bd26bc2ab59a33de40c2c2baa\"},\"breadcrumb\":{\"@id\":\"https:\\\/\\\/derechoshumanosyempresas.cl\\\/index.php\\\/2024\\\/10\\\/17\\\/declaracion-publica\\\/#breadcrumb\"},\"inLanguage\":\"es\",\"potentialAction\":[{\"@type\":\"ReadAction\",\"target\":[\"https:\\\/\\\/derechoshumanosyempresas.cl\\\/index.php\\\/2024\\\/10\\\/17\\\/declaracion-publica\\\/\"]}]},{\"@type\":\"ImageObject\",\"inLanguage\":\"es\",\"@id\":\"https:\\\/\\\/derechoshumanosyempresas.cl\\\/index.php\\\/2024\\\/10\\\/17\\\/declaracion-publica\\\/#primaryimage\",\"url\":\"https:\\\/\\\/derechoshumanosyempresas.cl\\\/wp-content\\\/uploads\\\/2024\\\/10\\\/MINISTRO-MUNOZ.png\",\"contentUrl\":\"https:\\\/\\\/derechoshumanosyempresas.cl\\\/wp-content\\\/uploads\\\/2024\\\/10\\\/MINISTRO-MUNOZ.png\",\"width\":2048,\"height\":1366},{\"@type\":\"BreadcrumbList\",\"@id\":\"https:\\\/\\\/derechoshumanosyempresas.cl\\\/index.php\\\/2024\\\/10\\\/17\\\/declaracion-publica\\\/#breadcrumb\",\"itemListElement\":[{\"@type\":\"ListItem\",\"position\":1,\"name\":\"Portada\",\"item\":\"https:\\\/\\\/derechoshumanosyempresas.cl\\\/\"},{\"@type\":\"ListItem\",\"position\":2,\"name\":\"Declaraci\u00f3n P\u00fablica por Acusaci\u00f3n Constitucional Ministro Sergio Mu\u00f1oz\"}]},{\"@type\":\"WebSite\",\"@id\":\"https:\\\/\\\/derechoshumanosyempresas.cl\\\/#website\",\"url\":\"https:\\\/\\\/derechoshumanosyempresas.cl\\\/\",\"name\":\"Plataforma Chilena de la Sociedad Civil de Derechos Humanos y Empresas\",\"description\":\"\",\"potentialAction\":[{\"@type\":\"SearchAction\",\"target\":{\"@type\":\"EntryPoint\",\"urlTemplate\":\"https:\\\/\\\/derechoshumanosyempresas.cl\\\/?s={search_term_string}\"},\"query-input\":{\"@type\":\"PropertyValueSpecification\",\"valueRequired\":true,\"valueName\":\"search_term_string\"}}],\"inLanguage\":\"es\"},{\"@type\":\"Person\",\"@id\":\"https:\\\/\\\/derechoshumanosyempresas.cl\\\/#\\\/schema\\\/person\\\/6476dd2bd26bc2ab59a33de40c2c2baa\",\"name\":\"admin\",\"image\":{\"@type\":\"ImageObject\",\"inLanguage\":\"es\",\"@id\":\"https:\\\/\\\/secure.gravatar.com\\\/avatar\\\/e482226d0b315127399077d5c4b71da7603e497013d2412b38a9884e70d87e81?s=96&d=mm&r=g\",\"url\":\"https:\\\/\\\/secure.gravatar.com\\\/avatar\\\/e482226d0b315127399077d5c4b71da7603e497013d2412b38a9884e70d87e81?s=96&d=mm&r=g\",\"contentUrl\":\"https:\\\/\\\/secure.gravatar.com\\\/avatar\\\/e482226d0b315127399077d5c4b71da7603e497013d2412b38a9884e70d87e81?s=96&d=mm&r=g\",\"caption\":\"admin\"},\"sameAs\":[\"https:\\\/\\\/derechoshumanosyempresas.cl\"],\"url\":\"https:\\\/\\\/derechoshumanosyempresas.cl\\\/index.php\\\/author\\\/admin\\\/\"}]}<\/script>\n<!-- \/ Yoast SEO plugin. -->","yoast_head_json":{"title":"Declaraci\u00f3n P\u00fablica por Acusaci\u00f3n Constitucional Ministro Sergio Mu\u00f1oz - Plataforma Chilena de la Sociedad Civil de Derechos Humanos y Empresas","robots":{"index":"index","follow":"follow","max-snippet":"max-snippet:-1","max-image-preview":"max-image-preview:large","max-video-preview":"max-video-preview:-1"},"canonical":"https:\/\/derechoshumanosyempresas.cl\/index.php\/2024\/10\/17\/declaracion-publica\/","og_locale":"es_ES","og_type":"article","og_title":"Declaraci\u00f3n P\u00fablica por Acusaci\u00f3n Constitucional Ministro Sergio Mu\u00f1oz - Plataforma Chilena de la Sociedad Civil de Derechos Humanos y Empresas","og_description":"Las organizaciones que componen la Plataforma Chilena de la Sociedad Civil sobre Empresas y Derechos Humanos est\u00e1n integradas por quienes promueven el [&hellip;]","og_url":"https:\/\/derechoshumanosyempresas.cl\/index.php\/2024\/10\/17\/declaracion-publica\/","og_site_name":"Plataforma Chilena de la Sociedad Civil de Derechos Humanos y Empresas","article_published_time":"2024-10-17T16:28:05+00:00","article_modified_time":"2024-10-17T19:34:13+00:00","og_image":[{"width":1024,"height":683,"url":"https:\/\/derechoshumanosyempresas.cl\/wp-content\/uploads\/2024\/10\/MINISTRO-MUNOZ-1024x683.png","type":"image\/png"}],"author":"admin","twitter_card":"summary_large_image","twitter_misc":{"Escrito por":"admin","Tiempo de lectura":"2 minutos"},"schema":{"@context":"https:\/\/schema.org","@graph":[{"@type":"Article","@id":"https:\/\/derechoshumanosyempresas.cl\/index.php\/2024\/10\/17\/declaracion-publica\/#article","isPartOf":{"@id":"https:\/\/derechoshumanosyempresas.cl\/index.php\/2024\/10\/17\/declaracion-publica\/"},"author":{"name":"admin","@id":"https:\/\/derechoshumanosyempresas.cl\/#\/schema\/person\/6476dd2bd26bc2ab59a33de40c2c2baa"},"headline":"Declaraci\u00f3n P\u00fablica por Acusaci\u00f3n Constitucional Ministro Sergio Mu\u00f1oz","datePublished":"2024-10-17T16:28:05+00:00","dateModified":"2024-10-17T19:34:13+00:00","mainEntityOfPage":{"@id":"https:\/\/derechoshumanosyempresas.cl\/index.php\/2024\/10\/17\/declaracion-publica\/"},"wordCount":278,"commentCount":0,"image":{"@id":"https:\/\/derechoshumanosyempresas.cl\/index.php\/2024\/10\/17\/declaracion-publica\/#primaryimage"},"thumbnailUrl":"https:\/\/derechoshumanosyempresas.cl\/wp-content\/uploads\/2024\/10\/MINISTRO-MUNOZ.png","keywords":["acusaci\u00f3n constitucional","corte suprema","ministro sergio mu\u00f1oz","poder judicial","senado"],"articleSection":["Informaci\u00f3n","Noticias"],"inLanguage":"es","potentialAction":[{"@type":"CommentAction","name":"Comment","target":["https:\/\/derechoshumanosyempresas.cl\/index.php\/2024\/10\/17\/declaracion-publica\/#respond"]}]},{"@type":"WebPage","@id":"https:\/\/derechoshumanosyempresas.cl\/index.php\/2024\/10\/17\/declaracion-publica\/","url":"https:\/\/derechoshumanosyempresas.cl\/index.php\/2024\/10\/17\/declaracion-publica\/","name":"Declaraci\u00f3n P\u00fablica por Acusaci\u00f3n Constitucional Ministro Sergio Mu\u00f1oz - Plataforma Chilena de la Sociedad Civil de Derechos Humanos y Empresas","isPartOf":{"@id":"https:\/\/derechoshumanosyempresas.cl\/#website"},"primaryImageOfPage":{"@id":"https:\/\/derechoshumanosyempresas.cl\/index.php\/2024\/10\/17\/declaracion-publica\/#primaryimage"},"image":{"@id":"https:\/\/derechoshumanosyempresas.cl\/index.php\/2024\/10\/17\/declaracion-publica\/#primaryimage"},"thumbnailUrl":"https:\/\/derechoshumanosyempresas.cl\/wp-content\/uploads\/2024\/10\/MINISTRO-MUNOZ.png","datePublished":"2024-10-17T16:28:05+00:00","dateModified":"2024-10-17T19:34:13+00:00","author":{"@id":"https:\/\/derechoshumanosyempresas.cl\/#\/schema\/person\/6476dd2bd26bc2ab59a33de40c2c2baa"},"breadcrumb":{"@id":"https:\/\/derechoshumanosyempresas.cl\/index.php\/2024\/10\/17\/declaracion-publica\/#breadcrumb"},"inLanguage":"es","potentialAction":[{"@type":"ReadAction","target":["https:\/\/derechoshumanosyempresas.cl\/index.php\/2024\/10\/17\/declaracion-publica\/"]}]},{"@type":"ImageObject","inLanguage":"es","@id":"https:\/\/derechoshumanosyempresas.cl\/index.php\/2024\/10\/17\/declaracion-publica\/#primaryimage","url":"https:\/\/derechoshumanosyempresas.cl\/wp-content\/uploads\/2024\/10\/MINISTRO-MUNOZ.png","contentUrl":"https:\/\/derechoshumanosyempresas.cl\/wp-content\/uploads\/2024\/10\/MINISTRO-MUNOZ.png","width":2048,"height":1366},{"@type":"BreadcrumbList","@id":"https:\/\/derechoshumanosyempresas.cl\/index.php\/2024\/10\/17\/declaracion-publica\/#breadcrumb","itemListElement":[{"@type":"ListItem","position":1,"name":"Portada","item":"https:\/\/derechoshumanosyempresas.cl\/"},{"@type":"ListItem","position":2,"name":"Declaraci\u00f3n P\u00fablica por Acusaci\u00f3n Constitucional Ministro Sergio Mu\u00f1oz"}]},{"@type":"WebSite","@id":"https:\/\/derechoshumanosyempresas.cl\/#website","url":"https:\/\/derechoshumanosyempresas.cl\/","name":"Plataforma Chilena de la Sociedad Civil de Derechos Humanos y Empresas","description":"","potentialAction":[{"@type":"SearchAction","target":{"@type":"EntryPoint","urlTemplate":"https:\/\/derechoshumanosyempresas.cl\/?s={search_term_string}"},"query-input":{"@type":"PropertyValueSpecification","valueRequired":true,"valueName":"search_term_string"}}],"inLanguage":"es"},{"@type":"Person","@id":"https:\/\/derechoshumanosyempresas.cl\/#\/schema\/person\/6476dd2bd26bc2ab59a33de40c2c2baa","name":"admin","image":{"@type":"ImageObject","inLanguage":"es","@id":"https:\/\/secure.gravatar.com\/avatar\/e482226d0b315127399077d5c4b71da7603e497013d2412b38a9884e70d87e81?s=96&d=mm&r=g","url":"https:\/\/secure.gravatar.com\/avatar\/e482226d0b315127399077d5c4b71da7603e497013d2412b38a9884e70d87e81?s=96&d=mm&r=g","contentUrl":"https:\/\/secure.gravatar.com\/avatar\/e482226d0b315127399077d5c4b71da7603e497013d2412b38a9884e70d87e81?s=96&d=mm&r=g","caption":"admin"},"sameAs":["https:\/\/derechoshumanosyempresas.cl"],"url":"https:\/\/derechoshumanosyempresas.cl\/index.php\/author\/admin\/"}]}},"wpmagazine_modules_lite_featured_media_urls":{"thumbnail":["https:\/\/derechoshumanosyempresas.cl\/wp-content\/uploads\/2024\/10\/MINISTRO-MUNOZ-150x150.png",150,150,true],"cvmm-medium":["https:\/\/derechoshumanosyempresas.cl\/wp-content\/uploads\/2024\/10\/MINISTRO-MUNOZ-300x300.png",300,300,true],"cvmm-medium-plus":["https:\/\/derechoshumanosyempresas.cl\/wp-content\/uploads\/2024\/10\/MINISTRO-MUNOZ-305x207.png",305,207,true],"cvmm-portrait":["https:\/\/derechoshumanosyempresas.cl\/wp-content\/uploads\/2024\/10\/MINISTRO-MUNOZ-400x600.png",400,600,true],"cvmm-medium-square":["https:\/\/derechoshumanosyempresas.cl\/wp-content\/uploads\/2024\/10\/MINISTRO-MUNOZ-600x600.png",600,600,true],"cvmm-large":["https:\/\/derechoshumanosyempresas.cl\/wp-content\/uploads\/2024\/10\/MINISTRO-MUNOZ-1024x1024.png",1024,1024,true],"cvmm-small":["https:\/\/derechoshumanosyempresas.cl\/wp-content\/uploads\/2024\/10\/MINISTRO-MUNOZ-130x95.png",130,95,true],"full":["https:\/\/derechoshumanosyempresas.cl\/wp-content\/uploads\/2024\/10\/MINISTRO-MUNOZ.png",2048,1366,false]},"categories_names":{"10":{"name":"Informaci\u00f3n","link":"https:\/\/derechoshumanosyempresas.cl\/index.php\/category\/informacion\/"},"43":{"name":"Noticias","link":"https:\/\/derechoshumanosyempresas.cl\/index.php\/category\/centro-de-informacion\/"}},"tags_names":{"88":{"name":"acusaci\u00f3n constitucional","link":"https:\/\/derechoshumanosyempresas.cl\/index.php\/tag\/acusacion-constitucional\/"},"91":{"name":"corte suprema","link":"https:\/\/derechoshumanosyempresas.cl\/index.php\/tag\/corte-suprema\/"},"90":{"name":"ministro sergio mu\u00f1oz","link":"https:\/\/derechoshumanosyempresas.cl\/index.php\/tag\/ministro-sergio-munoz\/"},"89":{"name":"poder judicial","link":"https:\/\/derechoshumanosyempresas.cl\/index.php\/tag\/poder-judicial\/"},"92":{"name":"senado","link":"https:\/\/derechoshumanosyempresas.cl\/index.php\/tag\/senado\/"}},"comments_number":"0","_links":{"self":[{"href":"https:\/\/derechoshumanosyempresas.cl\/index.php\/wp-json\/wp\/v2\/posts\/2372","targetHints":{"allow":["GET"]}}],"collection":[{"href":"https:\/\/derechoshumanosyempresas.cl\/index.php\/wp-json\/wp\/v2\/posts"}],"about":[{"href":"https:\/\/derechoshumanosyempresas.cl\/index.php\/wp-json\/wp\/v2\/types\/post"}],"author":[{"embeddable":true,"href":"https:\/\/derechoshumanosyempresas.cl\/index.php\/wp-json\/wp\/v2\/users\/1"}],"replies":[{"embeddable":true,"href":"https:\/\/derechoshumanosyempresas.cl\/index.php\/wp-json\/wp\/v2\/comments?post=2372"}],"version-history":[{"count":0,"href":"https:\/\/derechoshumanosyempresas.cl\/index.php\/wp-json\/wp\/v2\/posts\/2372\/revisions"}],"wp:featuredmedia":[{"embeddable":true,"href":"https:\/\/derechoshumanosyempresas.cl\/index.php\/wp-json\/wp\/v2\/media\/2373"}],"wp:attachment":[{"href":"https:\/\/derechoshumanosyempresas.cl\/index.php\/wp-json\/wp\/v2\/media?parent=2372"}],"wp:term":[{"taxonomy":"category","embeddable":true,"href":"https:\/\/derechoshumanosyempresas.cl\/index.php\/wp-json\/wp\/v2\/categories?post=2372"},{"taxonomy":"post_tag","embeddable":true,"href":"https:\/\/derechoshumanosyempresas.cl\/index.php\/wp-json\/wp\/v2\/tags?post=2372"}],"curies":[{"name":"wp","href":"https:\/\/api.w.org\/{rel}","templated":true}]}}