{"id":2354,"date":"2024-10-04T16:13:06","date_gmt":"2024-10-04T16:13:06","guid":{"rendered":"https:\/\/derechoshumanosyempresas.cl\/?p=2354"},"modified":"2024-10-04T18:43:12","modified_gmt":"2024-10-04T18:43:12","slug":"debida-diligencia-en-derechos-humanos-definiciones-clave-para-un-proyecto-de-ley","status":"publish","type":"post","link":"https:\/\/derechoshumanosyempresas.cl\/index.php\/2024\/10\/04\/debida-diligencia-en-derechos-humanos-definiciones-clave-para-un-proyecto-de-ley\/","title":{"rendered":"Debida diligencia en derechos humanos: definiciones clave para un proyecto de ley"},"content":{"rendered":"<h4><em>Por Judith Sch\u00f6nsteiner, acad\u00e9mica e investigadora del Centro de Derechos Humanos UDP, y Pedro Cisterna Gaete, investigador Proyecto REDAR.<\/em><\/h4>\n<p><span style=\"font-weight: 400;\">Ante una econom\u00eda globalizada, cadenas de suministro transnacionales e impactos locales negativos que muchas veces se pueden vincular solamente con muchas dificultades con las empresas mandantes que reciben las utilidades. En muchas situaciones, queda la amarga sensaci\u00f3n de impunidad o falta de accountability ante las violaciones de los derechos humanos que pueden cometer los actores econ\u00f3micos.<\/span><\/p>\n<p><span style=\"font-weight: 400;\">Diferentes jurisdicciones han avanzado en la regulaci\u00f3n de esta materia, siendo especialmente relevante la aprobaci\u00f3n, en junio de este a\u00f1o, de la Directiva Diligencia Debida en Materia de Sostenibilidad Corporativa de la <a href=\"https:\/\/european-union.europa.eu\/index_es\" target=\"_blank\" rel=\"noopener\">Uni\u00f3n Europea<\/a> que hace obligatorias la debida diligencia en derechos humanos y la lucha contra el cambio clim\u00e1tico.<\/span><\/p>\n<p><span style=\"font-weight: 400;\"><strong>En Chile, el debate sobre los derechos humanos y el rol de las empresas ha sido hist\u00f3ricamente sensible. Conflictos territoriales, agudas desigualdades y el car\u00e1cter extractivista de nuestra econom\u00eda, aumentan la vulnerabilidad de ciertos sectores sociales y ecosistemas, siendo necesario tomar medidas regulatorias al efecto.<\/strong> Actualmente, existen voluntades para avanzar en una legislaci\u00f3n sobre debida diligencia y derechos humanos en Chile, siguiendo el ejemplo de Brasil, Colombia, M\u00e9xico y Per\u00fa en la materia.<\/span><\/p>\n<p><span style=\"font-weight: 400;\">En esta columna queremos subrayar la importancia de que la legislaci\u00f3n que se elabore cuente con un concepto claro de debida diligencia en derechos humanos, fijando sus alcances y objetivos, como argumenta la Plataforma Chilena de la Sociedad Civil sobre Derechos Humanos y Empresas en una propuesta que, esta semana, se entrega al <a href=\"https:\/\/www.minjusticia.gob.cl\/\" target=\"_blank\" rel=\"noopener\">Ministerio de Justicia<\/a>.<\/span><\/p>\n<p><span style=\"font-weight: 400;\">En t\u00e9rminos generales,<strong> la debida diligencia empresarial implica identificar, prevenir, mitigar y comunicar los impactos actuales y potenciales que las operaciones de una empresa puedan generar sobre los derechos humanos de individuos o grupos, especialmente aquellos m\u00e1s vulnerables<\/strong>. El objetivo final es el respeto de los derechos humanos, en l\u00ednea con los <a href=\"https:\/\/www.subrei.gob.cl\/sala-de-prensa\/noticias\/detalle-noticias\/2018\/08\/02\/-que-son-los-principios-rectores-de-naciones-unidas-sobre-derechos-humanos-y-empresas-#:~:text=regulatorios%20del%20comercio-,%C2%BFQu%C3%A9%20son%20los%20Principios%20Rectores%20de%20Naciones,sobre%20Derechos%20Humanos%20y%20Empresas%3F&amp;text=Se%20trata%20de%20un%20conjunto,en%20su%20deber%20de%20respetarlos.\" target=\"_blank\" rel=\"noopener\">Principios Rectores de las Naciones Unidas sobre Derechos Humanos y Empresas<\/a> de 2011 y la obligaci\u00f3n constitucional de respetar los derechos humanos, consagrada en el art\u00edculo 6 de la Constituci\u00f3n Pol\u00edtica de Chile.<\/span><\/p>\n<p><span style=\"font-weight: 400;\">En l\u00ednea con lo anterior, es fundamental que la legislaci\u00f3n que se proponga utilice el concepto de \u201cdebida diligencia en derechos humanos\u201d, en lugar de solo \u201cdebida diligencia\u201d, ya que ambas nociones tienen diferencias clave.<\/span><\/p>\n<p><span style=\"font-weight: 400;\">En espec\u00edfico, mientras la debida diligencia empresarial se enfoca en los riesgos que las pr\u00e1cticas de la empresa pueden representar para el negocio en s\u00ed,<strong> la noci\u00f3n de \u201cdebida diligencia en derechos humanos\u201d busca proteger a las personas y los factores clave de su entorno, de los impactos negativos que dichas actividades empresariales puedan causar.<\/strong> La <a href=\"https:\/\/www.subrei.gob.cl\/organismos-multilaterales\/ocde-organizacion-para-la-cooperacion-y-desarrollo-economico\/que-es-ocde\" target=\"_blank\" rel=\"noopener\">OCDE<\/a> ha desarrollado el t\u00e9rmino con algo de detalle.<\/span><\/p>\n<p><span style=\"font-weight: 400;\">Particularmente, <strong>en consideraci\u00f3n a la crisis clim\u00e1tica y transici\u00f3n ecol\u00f3gica que Chile est\u00e1 experimentando, es fundamental que la definici\u00f3n que se incorpore en el proyecto de ley abarque, tambi\u00e9n, elementos clim\u00e1ticos y ambientales<\/strong>, y se vincule de manera expl\u00edcita con una definici\u00f3n de da\u00f1o a los derechos humanos, que puede resultar de una debida diligencia mal ejecutada.<\/span><\/p>\n<p><span style=\"font-weight: 400;\">Chile, en los \u00faltimos a\u00f1os, ha acelerado su proceso de transici\u00f3n energ\u00e9tica, que, si bien es positivo, genera consecuencias en sectores m\u00e1s vulnerables. En ese contexto, es crucial que dicha transici\u00f3n se genere como una transici\u00f3n justa, bajo est\u00e1ndares de debida diligencia en derechos humanos, especialmente pensando en la explotaci\u00f3n de minerales cr\u00edticos y los efectos en los ecosistemas y los pueblos originarios y comunidades campesinas o urbanas de dichos territorios.<\/span><\/p>\n<p><span style=\"font-weight: 400;\">Las inversiones asociadas a medidas de adaptaci\u00f3n para enfrentar dichos impactos, requieren est\u00e1ndares regulados que establezcan obligaciones claras para empresas p\u00fablicas y privadas en el dise\u00f1o de sus proyectos e inversiones, como tambi\u00e9n de su ejecuci\u00f3n.<\/span><\/p>\n","protected":false},"excerpt":{"rendered":"<p>Por Judith Sch\u00f6nsteiner, acad\u00e9mica e investigadora del Centro de Derechos Humanos UDP, y Pedro Cisterna Gaete, investigador Proyecto REDAR. Ante una econom\u00eda [&hellip;]<\/p>\n","protected":false},"author":1,"featured_media":2355,"comment_status":"open","ping_status":"open","sticky":false,"template":"","format":"standard","meta":{"footnotes":""},"categories":[43],"tags":[83,85,84],"class_list":["post-2354","post","type-post","status-publish","format-standard","has-post-thumbnail","hentry","category-centro-de-informacion","tag-derechos-humanos","tag-diligencia","tag-empresas"],"yoast_head":"<!-- This site is optimized with the Yoast SEO plugin v27.4 - https:\/\/yoast.com\/product\/yoast-seo-wordpress\/ -->\n<title>Debida diligencia en derechos humanos<\/title>\n<meta name=\"description\" content=\"Se subraya la importancia de que la legislaci\u00f3n que se elabore cuente con un concepto claro de debida diligencia en derechos humanos\" \/>\n<meta name=\"robots\" content=\"index, follow, max-snippet:-1, max-image-preview:large, max-video-preview:-1\" \/>\n<link rel=\"canonical\" href=\"https:\/\/derechoshumanosyempresas.cl\/index.php\/2024\/10\/04\/debida-diligencia-en-derechos-humanos-definiciones-clave-para-un-proyecto-de-ley\/\" \/>\n<meta property=\"og:locale\" content=\"es_ES\" \/>\n<meta property=\"og:type\" content=\"article\" \/>\n<meta property=\"og:title\" content=\"Debida diligencia en derechos humanos\" \/>\n<meta property=\"og:description\" content=\"Se subraya la importancia de que la legislaci\u00f3n que se elabore cuente con un concepto claro de debida diligencia en derechos humanos\" \/>\n<meta property=\"og:url\" content=\"https:\/\/derechoshumanosyempresas.cl\/index.php\/2024\/10\/04\/debida-diligencia-en-derechos-humanos-definiciones-clave-para-un-proyecto-de-ley\/\" \/>\n<meta property=\"og:site_name\" content=\"Plataforma Chilena de la Sociedad Civil de Derechos Humanos y Empresas\" \/>\n<meta property=\"article:published_time\" content=\"2024-10-04T16:13:06+00:00\" \/>\n<meta property=\"article:modified_time\" content=\"2024-10-04T18:43:12+00:00\" \/>\n<meta property=\"og:image\" content=\"https:\/\/derechoshumanosyempresas.cl\/wp-content\/uploads\/2024\/10\/DDHH.png\" \/>\n\t<meta property=\"og:image:width\" content=\"1200\" \/>\n\t<meta property=\"og:image:height\" content=\"1200\" \/>\n\t<meta property=\"og:image:type\" content=\"image\/png\" \/>\n<meta name=\"author\" content=\"admin\" \/>\n<meta name=\"twitter:card\" content=\"summary_large_image\" \/>\n<meta name=\"twitter:label1\" content=\"Escrito por\" \/>\n\t<meta name=\"twitter:data1\" content=\"admin\" \/>\n\t<meta name=\"twitter:label2\" content=\"Tiempo de lectura\" \/>\n\t<meta name=\"twitter:data2\" content=\"3 minutos\" \/>\n<script type=\"application\/ld+json\" class=\"yoast-schema-graph\">{\"@context\":\"https:\\\/\\\/schema.org\",\"@graph\":[{\"@type\":\"Article\",\"@id\":\"https:\\\/\\\/derechoshumanosyempresas.cl\\\/index.php\\\/2024\\\/10\\\/04\\\/debida-diligencia-en-derechos-humanos-definiciones-clave-para-un-proyecto-de-ley\\\/#article\",\"isPartOf\":{\"@id\":\"https:\\\/\\\/derechoshumanosyempresas.cl\\\/index.php\\\/2024\\\/10\\\/04\\\/debida-diligencia-en-derechos-humanos-definiciones-clave-para-un-proyecto-de-ley\\\/\"},\"author\":{\"name\":\"admin\",\"@id\":\"https:\\\/\\\/derechoshumanosyempresas.cl\\\/#\\\/schema\\\/person\\\/6476dd2bd26bc2ab59a33de40c2c2baa\"},\"headline\":\"Debida diligencia en derechos humanos: definiciones clave para un proyecto de ley\",\"datePublished\":\"2024-10-04T16:13:06+00:00\",\"dateModified\":\"2024-10-04T18:43:12+00:00\",\"mainEntityOfPage\":{\"@id\":\"https:\\\/\\\/derechoshumanosyempresas.cl\\\/index.php\\\/2024\\\/10\\\/04\\\/debida-diligencia-en-derechos-humanos-definiciones-clave-para-un-proyecto-de-ley\\\/\"},\"wordCount\":667,\"commentCount\":0,\"image\":{\"@id\":\"https:\\\/\\\/derechoshumanosyempresas.cl\\\/index.php\\\/2024\\\/10\\\/04\\\/debida-diligencia-en-derechos-humanos-definiciones-clave-para-un-proyecto-de-ley\\\/#primaryimage\"},\"thumbnailUrl\":\"https:\\\/\\\/derechoshumanosyempresas.cl\\\/wp-content\\\/uploads\\\/2024\\\/10\\\/DDHH.png\",\"keywords\":[\"derechos humanos\",\"diligencia\",\"empresas\"],\"articleSection\":[\"Noticias\"],\"inLanguage\":\"es\",\"potentialAction\":[{\"@type\":\"CommentAction\",\"name\":\"Comment\",\"target\":[\"https:\\\/\\\/derechoshumanosyempresas.cl\\\/index.php\\\/2024\\\/10\\\/04\\\/debida-diligencia-en-derechos-humanos-definiciones-clave-para-un-proyecto-de-ley\\\/#respond\"]}]},{\"@type\":\"WebPage\",\"@id\":\"https:\\\/\\\/derechoshumanosyempresas.cl\\\/index.php\\\/2024\\\/10\\\/04\\\/debida-diligencia-en-derechos-humanos-definiciones-clave-para-un-proyecto-de-ley\\\/\",\"url\":\"https:\\\/\\\/derechoshumanosyempresas.cl\\\/index.php\\\/2024\\\/10\\\/04\\\/debida-diligencia-en-derechos-humanos-definiciones-clave-para-un-proyecto-de-ley\\\/\",\"name\":\"Debida diligencia en derechos humanos\",\"isPartOf\":{\"@id\":\"https:\\\/\\\/derechoshumanosyempresas.cl\\\/#website\"},\"primaryImageOfPage\":{\"@id\":\"https:\\\/\\\/derechoshumanosyempresas.cl\\\/index.php\\\/2024\\\/10\\\/04\\\/debida-diligencia-en-derechos-humanos-definiciones-clave-para-un-proyecto-de-ley\\\/#primaryimage\"},\"image\":{\"@id\":\"https:\\\/\\\/derechoshumanosyempresas.cl\\\/index.php\\\/2024\\\/10\\\/04\\\/debida-diligencia-en-derechos-humanos-definiciones-clave-para-un-proyecto-de-ley\\\/#primaryimage\"},\"thumbnailUrl\":\"https:\\\/\\\/derechoshumanosyempresas.cl\\\/wp-content\\\/uploads\\\/2024\\\/10\\\/DDHH.png\",\"datePublished\":\"2024-10-04T16:13:06+00:00\",\"dateModified\":\"2024-10-04T18:43:12+00:00\",\"author\":{\"@id\":\"https:\\\/\\\/derechoshumanosyempresas.cl\\\/#\\\/schema\\\/person\\\/6476dd2bd26bc2ab59a33de40c2c2baa\"},\"description\":\"Se subraya la importancia de que la legislaci\u00f3n que se elabore cuente con un concepto claro de debida diligencia en derechos humanos\",\"breadcrumb\":{\"@id\":\"https:\\\/\\\/derechoshumanosyempresas.cl\\\/index.php\\\/2024\\\/10\\\/04\\\/debida-diligencia-en-derechos-humanos-definiciones-clave-para-un-proyecto-de-ley\\\/#breadcrumb\"},\"inLanguage\":\"es\",\"potentialAction\":[{\"@type\":\"ReadAction\",\"target\":[\"https:\\\/\\\/derechoshumanosyempresas.cl\\\/index.php\\\/2024\\\/10\\\/04\\\/debida-diligencia-en-derechos-humanos-definiciones-clave-para-un-proyecto-de-ley\\\/\"]}]},{\"@type\":\"ImageObject\",\"inLanguage\":\"es\",\"@id\":\"https:\\\/\\\/derechoshumanosyempresas.cl\\\/index.php\\\/2024\\\/10\\\/04\\\/debida-diligencia-en-derechos-humanos-definiciones-clave-para-un-proyecto-de-ley\\\/#primaryimage\",\"url\":\"https:\\\/\\\/derechoshumanosyempresas.cl\\\/wp-content\\\/uploads\\\/2024\\\/10\\\/DDHH.png\",\"contentUrl\":\"https:\\\/\\\/derechoshumanosyempresas.cl\\\/wp-content\\\/uploads\\\/2024\\\/10\\\/DDHH.png\",\"width\":1200,\"height\":1200},{\"@type\":\"BreadcrumbList\",\"@id\":\"https:\\\/\\\/derechoshumanosyempresas.cl\\\/index.php\\\/2024\\\/10\\\/04\\\/debida-diligencia-en-derechos-humanos-definiciones-clave-para-un-proyecto-de-ley\\\/#breadcrumb\",\"itemListElement\":[{\"@type\":\"ListItem\",\"position\":1,\"name\":\"Portada\",\"item\":\"https:\\\/\\\/derechoshumanosyempresas.cl\\\/\"},{\"@type\":\"ListItem\",\"position\":2,\"name\":\"Debida diligencia en derechos humanos: definiciones clave para un proyecto de ley\"}]},{\"@type\":\"WebSite\",\"@id\":\"https:\\\/\\\/derechoshumanosyempresas.cl\\\/#website\",\"url\":\"https:\\\/\\\/derechoshumanosyempresas.cl\\\/\",\"name\":\"Plataforma Chilena de la Sociedad Civil de Derechos Humanos y Empresas\",\"description\":\"\",\"potentialAction\":[{\"@type\":\"SearchAction\",\"target\":{\"@type\":\"EntryPoint\",\"urlTemplate\":\"https:\\\/\\\/derechoshumanosyempresas.cl\\\/?s={search_term_string}\"},\"query-input\":{\"@type\":\"PropertyValueSpecification\",\"valueRequired\":true,\"valueName\":\"search_term_string\"}}],\"inLanguage\":\"es\"},{\"@type\":\"Person\",\"@id\":\"https:\\\/\\\/derechoshumanosyempresas.cl\\\/#\\\/schema\\\/person\\\/6476dd2bd26bc2ab59a33de40c2c2baa\",\"name\":\"admin\",\"image\":{\"@type\":\"ImageObject\",\"inLanguage\":\"es\",\"@id\":\"https:\\\/\\\/secure.gravatar.com\\\/avatar\\\/e482226d0b315127399077d5c4b71da7603e497013d2412b38a9884e70d87e81?s=96&d=mm&r=g\",\"url\":\"https:\\\/\\\/secure.gravatar.com\\\/avatar\\\/e482226d0b315127399077d5c4b71da7603e497013d2412b38a9884e70d87e81?s=96&d=mm&r=g\",\"contentUrl\":\"https:\\\/\\\/secure.gravatar.com\\\/avatar\\\/e482226d0b315127399077d5c4b71da7603e497013d2412b38a9884e70d87e81?s=96&d=mm&r=g\",\"caption\":\"admin\"},\"sameAs\":[\"https:\\\/\\\/derechoshumanosyempresas.cl\"],\"url\":\"https:\\\/\\\/derechoshumanosyempresas.cl\\\/index.php\\\/author\\\/admin\\\/\"}]}<\/script>\n<!-- \/ Yoast SEO plugin. -->","yoast_head_json":{"title":"Debida diligencia en derechos humanos","description":"Se subraya la importancia de que la legislaci\u00f3n que se elabore cuente con un concepto claro de debida diligencia en derechos humanos","robots":{"index":"index","follow":"follow","max-snippet":"max-snippet:-1","max-image-preview":"max-image-preview:large","max-video-preview":"max-video-preview:-1"},"canonical":"https:\/\/derechoshumanosyempresas.cl\/index.php\/2024\/10\/04\/debida-diligencia-en-derechos-humanos-definiciones-clave-para-un-proyecto-de-ley\/","og_locale":"es_ES","og_type":"article","og_title":"Debida diligencia en derechos humanos","og_description":"Se subraya la importancia de que la legislaci\u00f3n que se elabore cuente con un concepto claro de debida diligencia en derechos humanos","og_url":"https:\/\/derechoshumanosyempresas.cl\/index.php\/2024\/10\/04\/debida-diligencia-en-derechos-humanos-definiciones-clave-para-un-proyecto-de-ley\/","og_site_name":"Plataforma Chilena de la Sociedad Civil de Derechos Humanos y Empresas","article_published_time":"2024-10-04T16:13:06+00:00","article_modified_time":"2024-10-04T18:43:12+00:00","og_image":[{"width":1200,"height":1200,"url":"https:\/\/derechoshumanosyempresas.cl\/wp-content\/uploads\/2024\/10\/DDHH.png","type":"image\/png"}],"author":"admin","twitter_card":"summary_large_image","twitter_misc":{"Escrito por":"admin","Tiempo de lectura":"3 minutos"},"schema":{"@context":"https:\/\/schema.org","@graph":[{"@type":"Article","@id":"https:\/\/derechoshumanosyempresas.cl\/index.php\/2024\/10\/04\/debida-diligencia-en-derechos-humanos-definiciones-clave-para-un-proyecto-de-ley\/#article","isPartOf":{"@id":"https:\/\/derechoshumanosyempresas.cl\/index.php\/2024\/10\/04\/debida-diligencia-en-derechos-humanos-definiciones-clave-para-un-proyecto-de-ley\/"},"author":{"name":"admin","@id":"https:\/\/derechoshumanosyempresas.cl\/#\/schema\/person\/6476dd2bd26bc2ab59a33de40c2c2baa"},"headline":"Debida diligencia en derechos humanos: definiciones clave para un proyecto de ley","datePublished":"2024-10-04T16:13:06+00:00","dateModified":"2024-10-04T18:43:12+00:00","mainEntityOfPage":{"@id":"https:\/\/derechoshumanosyempresas.cl\/index.php\/2024\/10\/04\/debida-diligencia-en-derechos-humanos-definiciones-clave-para-un-proyecto-de-ley\/"},"wordCount":667,"commentCount":0,"image":{"@id":"https:\/\/derechoshumanosyempresas.cl\/index.php\/2024\/10\/04\/debida-diligencia-en-derechos-humanos-definiciones-clave-para-un-proyecto-de-ley\/#primaryimage"},"thumbnailUrl":"https:\/\/derechoshumanosyempresas.cl\/wp-content\/uploads\/2024\/10\/DDHH.png","keywords":["derechos humanos","diligencia","empresas"],"articleSection":["Noticias"],"inLanguage":"es","potentialAction":[{"@type":"CommentAction","name":"Comment","target":["https:\/\/derechoshumanosyempresas.cl\/index.php\/2024\/10\/04\/debida-diligencia-en-derechos-humanos-definiciones-clave-para-un-proyecto-de-ley\/#respond"]}]},{"@type":"WebPage","@id":"https:\/\/derechoshumanosyempresas.cl\/index.php\/2024\/10\/04\/debida-diligencia-en-derechos-humanos-definiciones-clave-para-un-proyecto-de-ley\/","url":"https:\/\/derechoshumanosyempresas.cl\/index.php\/2024\/10\/04\/debida-diligencia-en-derechos-humanos-definiciones-clave-para-un-proyecto-de-ley\/","name":"Debida diligencia en derechos humanos","isPartOf":{"@id":"https:\/\/derechoshumanosyempresas.cl\/#website"},"primaryImageOfPage":{"@id":"https:\/\/derechoshumanosyempresas.cl\/index.php\/2024\/10\/04\/debida-diligencia-en-derechos-humanos-definiciones-clave-para-un-proyecto-de-ley\/#primaryimage"},"image":{"@id":"https:\/\/derechoshumanosyempresas.cl\/index.php\/2024\/10\/04\/debida-diligencia-en-derechos-humanos-definiciones-clave-para-un-proyecto-de-ley\/#primaryimage"},"thumbnailUrl":"https:\/\/derechoshumanosyempresas.cl\/wp-content\/uploads\/2024\/10\/DDHH.png","datePublished":"2024-10-04T16:13:06+00:00","dateModified":"2024-10-04T18:43:12+00:00","author":{"@id":"https:\/\/derechoshumanosyempresas.cl\/#\/schema\/person\/6476dd2bd26bc2ab59a33de40c2c2baa"},"description":"Se subraya la importancia de que la legislaci\u00f3n que se elabore cuente con un concepto claro de debida diligencia en derechos humanos","breadcrumb":{"@id":"https:\/\/derechoshumanosyempresas.cl\/index.php\/2024\/10\/04\/debida-diligencia-en-derechos-humanos-definiciones-clave-para-un-proyecto-de-ley\/#breadcrumb"},"inLanguage":"es","potentialAction":[{"@type":"ReadAction","target":["https:\/\/derechoshumanosyempresas.cl\/index.php\/2024\/10\/04\/debida-diligencia-en-derechos-humanos-definiciones-clave-para-un-proyecto-de-ley\/"]}]},{"@type":"ImageObject","inLanguage":"es","@id":"https:\/\/derechoshumanosyempresas.cl\/index.php\/2024\/10\/04\/debida-diligencia-en-derechos-humanos-definiciones-clave-para-un-proyecto-de-ley\/#primaryimage","url":"https:\/\/derechoshumanosyempresas.cl\/wp-content\/uploads\/2024\/10\/DDHH.png","contentUrl":"https:\/\/derechoshumanosyempresas.cl\/wp-content\/uploads\/2024\/10\/DDHH.png","width":1200,"height":1200},{"@type":"BreadcrumbList","@id":"https:\/\/derechoshumanosyempresas.cl\/index.php\/2024\/10\/04\/debida-diligencia-en-derechos-humanos-definiciones-clave-para-un-proyecto-de-ley\/#breadcrumb","itemListElement":[{"@type":"ListItem","position":1,"name":"Portada","item":"https:\/\/derechoshumanosyempresas.cl\/"},{"@type":"ListItem","position":2,"name":"Debida diligencia en derechos humanos: definiciones clave para un proyecto de ley"}]},{"@type":"WebSite","@id":"https:\/\/derechoshumanosyempresas.cl\/#website","url":"https:\/\/derechoshumanosyempresas.cl\/","name":"Plataforma Chilena de la Sociedad Civil de Derechos Humanos y Empresas","description":"","potentialAction":[{"@type":"SearchAction","target":{"@type":"EntryPoint","urlTemplate":"https:\/\/derechoshumanosyempresas.cl\/?s={search_term_string}"},"query-input":{"@type":"PropertyValueSpecification","valueRequired":true,"valueName":"search_term_string"}}],"inLanguage":"es"},{"@type":"Person","@id":"https:\/\/derechoshumanosyempresas.cl\/#\/schema\/person\/6476dd2bd26bc2ab59a33de40c2c2baa","name":"admin","image":{"@type":"ImageObject","inLanguage":"es","@id":"https:\/\/secure.gravatar.com\/avatar\/e482226d0b315127399077d5c4b71da7603e497013d2412b38a9884e70d87e81?s=96&d=mm&r=g","url":"https:\/\/secure.gravatar.com\/avatar\/e482226d0b315127399077d5c4b71da7603e497013d2412b38a9884e70d87e81?s=96&d=mm&r=g","contentUrl":"https:\/\/secure.gravatar.com\/avatar\/e482226d0b315127399077d5c4b71da7603e497013d2412b38a9884e70d87e81?s=96&d=mm&r=g","caption":"admin"},"sameAs":["https:\/\/derechoshumanosyempresas.cl"],"url":"https:\/\/derechoshumanosyempresas.cl\/index.php\/author\/admin\/"}]}},"wpmagazine_modules_lite_featured_media_urls":{"thumbnail":["https:\/\/derechoshumanosyempresas.cl\/wp-content\/uploads\/2024\/10\/DDHH-150x150.png",150,150,true],"cvmm-medium":["https:\/\/derechoshumanosyempresas.cl\/wp-content\/uploads\/2024\/10\/DDHH-300x300.png",300,300,true],"cvmm-medium-plus":["https:\/\/derechoshumanosyempresas.cl\/wp-content\/uploads\/2024\/10\/DDHH-305x207.png",305,207,true],"cvmm-portrait":["https:\/\/derechoshumanosyempresas.cl\/wp-content\/uploads\/2024\/10\/DDHH-400x600.png",400,600,true],"cvmm-medium-square":["https:\/\/derechoshumanosyempresas.cl\/wp-content\/uploads\/2024\/10\/DDHH-600x600.png",600,600,true],"cvmm-large":["https:\/\/derechoshumanosyempresas.cl\/wp-content\/uploads\/2024\/10\/DDHH-1024x1024.png",1024,1024,true],"cvmm-small":["https:\/\/derechoshumanosyempresas.cl\/wp-content\/uploads\/2024\/10\/DDHH-130x95.png",130,95,true],"full":["https:\/\/derechoshumanosyempresas.cl\/wp-content\/uploads\/2024\/10\/DDHH.png",1200,1200,false]},"categories_names":{"43":{"name":"Noticias","link":"https:\/\/derechoshumanosyempresas.cl\/index.php\/category\/centro-de-informacion\/"}},"tags_names":{"83":{"name":"derechos humanos","link":"https:\/\/derechoshumanosyempresas.cl\/index.php\/tag\/derechos-humanos\/"},"85":{"name":"diligencia","link":"https:\/\/derechoshumanosyempresas.cl\/index.php\/tag\/diligencia\/"},"84":{"name":"empresas","link":"https:\/\/derechoshumanosyempresas.cl\/index.php\/tag\/empresas\/"}},"comments_number":"0","_links":{"self":[{"href":"https:\/\/derechoshumanosyempresas.cl\/index.php\/wp-json\/wp\/v2\/posts\/2354","targetHints":{"allow":["GET"]}}],"collection":[{"href":"https:\/\/derechoshumanosyempresas.cl\/index.php\/wp-json\/wp\/v2\/posts"}],"about":[{"href":"https:\/\/derechoshumanosyempresas.cl\/index.php\/wp-json\/wp\/v2\/types\/post"}],"author":[{"embeddable":true,"href":"https:\/\/derechoshumanosyempresas.cl\/index.php\/wp-json\/wp\/v2\/users\/1"}],"replies":[{"embeddable":true,"href":"https:\/\/derechoshumanosyempresas.cl\/index.php\/wp-json\/wp\/v2\/comments?post=2354"}],"version-history":[{"count":0,"href":"https:\/\/derechoshumanosyempresas.cl\/index.php\/wp-json\/wp\/v2\/posts\/2354\/revisions"}],"wp:featuredmedia":[{"embeddable":true,"href":"https:\/\/derechoshumanosyempresas.cl\/index.php\/wp-json\/wp\/v2\/media\/2355"}],"wp:attachment":[{"href":"https:\/\/derechoshumanosyempresas.cl\/index.php\/wp-json\/wp\/v2\/media?parent=2354"}],"wp:term":[{"taxonomy":"category","embeddable":true,"href":"https:\/\/derechoshumanosyempresas.cl\/index.php\/wp-json\/wp\/v2\/categories?post=2354"},{"taxonomy":"post_tag","embeddable":true,"href":"https:\/\/derechoshumanosyempresas.cl\/index.php\/wp-json\/wp\/v2\/tags?post=2354"}],"curies":[{"name":"wp","href":"https:\/\/api.w.org\/{rel}","templated":true}]}}