{"id":2237,"date":"2024-08-14T14:48:27","date_gmt":"2024-08-14T14:48:27","guid":{"rendered":"https:\/\/derechoshumanosyempresas.cl\/?p=2237"},"modified":"2025-02-21T14:36:54","modified_gmt":"2025-02-21T14:36:54","slug":"columna-empresas-de-energia-y-derechos-humanos","status":"publish","type":"post","link":"https:\/\/derechoshumanosyempresas.cl\/index.php\/2024\/08\/14\/columna-empresas-de-energia-y-derechos-humanos\/","title":{"rendered":"[Columna] Empresas de energ\u00eda y derechos humanos"},"content":{"rendered":"<blockquote><p><span style=\"font-weight: 400;\">Si los da\u00f1os provocados por Enel al no garantizar ni reponer oportunamente a miles de usuarios el servicio el\u00e9ctrico consustancial al derecho a una vivienda adecuada ante contingencias como el \u00faltimo temporal no nos hace reaccionar en esta materia, cabe preguntarnos, \u00bfqu\u00e9 se requiere para que avancemos en este \u00e1mbito?<\/span><\/p><\/blockquote>\n<p><!--more--><\/p>\n<p style=\"padding-left: 40px; text-align: left;\"><em><span style=\"font-weight: 400;\">Columna<a href=\"https:\/\/www.eldinamo.cl\/opinion\/2024\/08\/12\/empresas-de-energia-y-derechos-humanos\/\">\u00a0<\/a>escrita <\/span><span style=\"font-weight: 400;\">por Jos\u00e9 Aylwin, coordinador Observatorio Ciudadano, Plataforma Chilena de la Sociedad Civil sobre Derechos Humanos y Empresas, publicada en <a href=\"https:\/\/www.eldinamo.cl\/opinion\/2024\/08\/12\/empresas-de-energia-y-derechos-humanos\/\">El D\u00ednamo<\/a>.<\/span><\/em><\/p>\n<p><span style=\"font-weight: 400;\">Hasta el 10 de agosto, diez d\u00edas despu\u00e9s del temporal de viento y lluvia que afect\u00f3 el centro y sur de Chile, la SEC informaba que <\/span><b>60 mil familias continuaban sin suministro de electricidad en el pa\u00eds.<\/b><span style=\"font-weight: 400;\"> De ellas, 42 mil correspond\u00edan a la Regi\u00f3n Metropolitana.<\/span><\/p>\n<p><span style=\"font-weight: 400;\">Ello ha generado no solo la molestia de los usuarios perjudicados por los prolongados cortes en el suministro de energ\u00eda, <\/span><b>quienes leg\u00edtimamente han protestado manifest\u00e1ndose de diferentes maneras, incluyendo a trav\u00e9s de barricadas en diversos barrios de Santiago<\/b><span style=\"font-weight: 400;\">, sino tambi\u00e9n de las autoridades, incluyendo al propio presidente Gabriel Boric.\u00a0<\/span><\/p>\n<p><span style=\"font-weight: 400;\">Particularmente cr\u00edtico es el caso de <\/span><b>ENEL<\/b><span style=\"font-weight: 400;\">, empresa de capitales italianos (Ente Nazionale per l\u2019Energia Elettrica), que en nuestro pa\u00eds funciona a trav\u00e9s de Enel Chile S.A., la que adem\u00e1s de la generaci\u00f3n de energ\u00eda, tiene a cargo la distribuci\u00f3n de la electricidad en 33 comunas de la Regi\u00f3n Metropolitana.<\/span><\/p>\n<p><span style=\"font-weight: 400;\">Si bien es efectivo que el temporal de viento y lluvia tuvo una fuerza inusitada \u2013 fuerza que con la crisis clim\u00e1tica resulta predecible volver\u00e1 a repetirse y posiblemente incrementarse- todos los an\u00e1lisis existentes indican que <\/span><b>esta empresa no tuvo la debida diligencia para prevenir lo ocurrido, tampoco para reparar los da\u00f1os ocasionados a los usuarios oportunamente.<\/b><\/p>\n<p><span style=\"font-weight: 400;\">En efecto, los cortes de energ\u00eda provocados por el derribamiento de postes del tendido el\u00e9ctrico y \u00e1rboles, pueden en una medida importante ser previstos, a trav\u00e9s de la <\/span><b>mantenci\u00f3n de dichos postes, de responsabilidad exclusiva de las empresas, y mediante la poda o eliminaci\u00f3n de \u00e1rboles<\/b><span style=\"font-weight: 400;\"> cuando estos se debilitan, lo que es responsabilidad compartida entre las empresas proveedoras y la municipalidades respectivas.\u00a0<\/span><\/p>\n<p><span style=\"font-weight: 400;\">Por otro lado, la reposici\u00f3n de un servicio tan elemental como el suministro el\u00e9ctrico no puede demorar un tiempo tan prolongado como ha ocurrido afectando a miles de familias, con graves perjuicios consecuencia de la p\u00e9rdida de alimentos, la ausencia de calefacci\u00f3n en temporada invernal, los problemas de comunicaci\u00f3n que generan, entre muchos otros.<\/span><\/p>\n<p><em><span style=\"font-weight: 400;\">Ello resulta paradojal teniendo presente las enormes ganancias que ENEL obtiene por sus actividades en el pa\u00eds. En efecto, de acuerdo a la empresa sus ingresos en Chile durante el primer semestre de 2024 alcanzaron a US$2.411 millones, siendo previsible que estas se incrementen exponencialmente con el alza de tarifas decretada a contar de julio de este a\u00f1o.<\/span><\/em><\/p>\n<p><span style=\"font-weight: 400;\">M\u00e1s all\u00e1 de las multas dispuestas por la legislaci\u00f3n del consumidor, que en ning\u00fan caso compensar\u00e1n el da\u00f1o provocado, las que ENEL ha manifestado su disposici\u00f3n a pagar, <\/span><b>estamos en presencia de una afectaci\u00f3n grave a los derechos humanos como consecuencia de la negligencia empresarial.<\/b><\/p>\n<p><span style=\"font-weight: 400;\">Es importante precisar que servicios como el agua potable y la energ\u00eda son considerados como parte fundamental del derecho a una vivienda adecuada reconocido en el art\u00edculo 11 del Pacto Internacional de Derechos Econ\u00f3micos, Sociales y Culturales de Naciones Unidas ratificado por el Estado de Chile.<\/span><\/p>\n<p><span style=\"font-weight: 400;\">Se debe valorar la actitud asumida en este caso en d\u00edas pasados por el Ejecutivo. As\u00ed, el ministro de Energ\u00eda, Diego Pardow, anunci\u00f3 primero y procedi\u00f3 despu\u00e9s a impulsar la <\/span><b>primera etapa de caducidad de la concesi\u00f3n de ENEL en la Regi\u00f3n Metropolitana a trav\u00e9s de una fase adversarial.<\/b><\/p>\n<p><span style=\"font-weight: 400;\">Trat\u00e1ndose de una empresa cuya matriz se encuentra ubicada en el extranjero, el presidente Boric instruy\u00f3 al ministro de Relaciones Exteriores, Alberto van Klaveren, tomar contacto, a trav\u00e9s del embajador en Italia, Ennio Vivaldi, con los representantes de ENEL en Roma para representar lo ocurrido.\u00a0<\/span><\/p>\n<p><span style=\"font-weight: 400;\">Seg\u00fan ha trascendido en la prensa, Vivaldi fue contactado por el consejero diplom\u00e1tico de la presidenta Giorgia Meloni, quien expres\u00f3 la preocupaci\u00f3n de su gobierno y la disposici\u00f3n para contribuir a que ENEL cumpla sus compromisos en nuestro pa\u00eds.<\/span><\/p>\n<p><span style=\"font-weight: 400;\">Lo ocurrido en el caso de Enel deja en evidencia el vac\u00edo existente en nuestro marco normativo a objeto de asegurar que empresas como ENEL Chile cumplan con sus obligaciones en materia de derechos humanos.<\/span><\/p>\n<p><em><span style=\"font-weight: 400;\">La necesidad de contar con legislaci\u00f3n que permita asegurar la debida diligencia empresarial, tanto p\u00fablica como privada, en derechos humanos para evitar que su accionar afecten los derechos humanos, y que los afectados puedan exigir la reparaci\u00f3n y sanci\u00f3n por v\u00edas administrativas, civiles y penales, cuando sea pertinente, como aquella hoy existente en numerosos pa\u00edses europeos, formaba parte del programa de gobierno del presidente Boric.<\/span><\/em><\/p>\n<p><span style=\"font-weight: 400;\">A mediados del a\u00f1o pasado, el Ministerio de Justicia y Derechos Humanos inici\u00f3 un proceso participativo con distintos sectores, incluyendo las empresas y la sociedad civil, para elaborar un anteproyecto de ley sobre la materia. Lamentablemente, dicho proceso fue paralizado, sin que exista informaci\u00f3n sobre cu\u00e1ndo este ser\u00e1 reiniciado.<\/span><\/p>\n<p><span style=\"font-weight: 400;\">Si los da\u00f1os provocados por Enel al no garantizar ni reponer oportunamente a miles de usuarios el servicio el\u00e9ctrico consustancial al derecho a una vivienda adecuada ante contingencias como el \u00faltimo temporal, cuesti\u00f3n que ha sido repudiada transversalmente por usuarios y autoridades, no nos hace reaccionar en esta materia, cabe preguntarnos, \u00bfqu\u00e9 se requiere para que avancemos en este \u00e1mbito?<\/span><\/p>\n<p><span style=\"font-weight: 400;\">Esperemos no sea necesario que eventos naturales o consecuencia de la actuaci\u00f3n humana con igual o <\/span><b>mayor afectaci\u00f3n a los derechos de la poblaci\u00f3n dejen nuevamente en evidencia el actuar irresponsable de las empresas<\/b><span style=\"font-weight: 400;\">, incluyendo aquellas que generan grandes utilidades como ENEL Chile, como la inacci\u00f3n del Estado en esta materia, para que ello ocurra.<\/span><\/p>\n","protected":false},"excerpt":{"rendered":"<p>Si los da\u00f1os provocados por Enel al no garantizar ni reponer oportunamente a miles de usuarios el servicio el\u00e9ctrico consustancial al derecho [&hellip;]<\/p>\n","protected":false},"author":25,"featured_media":2238,"comment_status":"open","ping_status":"open","sticky":false,"template":"","format":"standard","meta":{"footnotes":""},"categories":[43],"tags":[],"class_list":["post-2237","post","type-post","status-publish","format-standard","has-post-thumbnail","hentry","category-centro-de-informacion"],"yoast_head":"<!-- This site is optimized with the Yoast SEO plugin v27.4 - https:\/\/yoast.com\/product\/yoast-seo-wordpress\/ -->\n<title>[Columna] Empresas de energ\u00eda y derechos humanos - Plataforma Chilena de la Sociedad Civil de Derechos Humanos y Empresas<\/title>\n<meta name=\"description\" content=\"Hasta el 10 de agosto, diez d\u00edas despu\u00e9s del temporal de viento y lluvia que afect\u00f3 el centro y sur de Chile, la SEC informaba que 60 mil familias continuaban sin suministro de electricidad en el pa\u00eds.\" \/>\n<meta name=\"robots\" content=\"index, follow, max-snippet:-1, max-image-preview:large, max-video-preview:-1\" \/>\n<link rel=\"canonical\" href=\"https:\/\/derechoshumanosyempresas.cl\/index.php\/2024\/08\/14\/columna-empresas-de-energia-y-derechos-humanos\/\" \/>\n<meta property=\"og:locale\" content=\"es_ES\" \/>\n<meta property=\"og:type\" content=\"article\" \/>\n<meta property=\"og:title\" content=\"Empresas de energ\u00eda y derechos humanos\" \/>\n<meta property=\"og:description\" content=\"Si los da\u00f1os provocados por Enel al no garantizar ni reponer oportunamente a miles de usuarios el servicio el\u00e9ctrico consustancial al derecho a una vivienda adecuada ante contingencias como el \u00faltimo temporal no nos hace reaccionar en esta materia, cabe preguntarnos, \u00bfqu\u00e9 se requiere para que avancemos en este \u00e1mbito?\" \/>\n<meta property=\"og:url\" content=\"https:\/\/derechoshumanosyempresas.cl\/index.php\/2024\/08\/14\/columna-empresas-de-energia-y-derechos-humanos\/\" \/>\n<meta property=\"og:site_name\" content=\"Plataforma Chilena de la Sociedad Civil de Derechos Humanos y Empresas\" \/>\n<meta property=\"article:published_time\" content=\"2024-08-14T14:48:27+00:00\" \/>\n<meta property=\"article:modified_time\" content=\"2025-02-21T14:36:54+00:00\" \/>\n<meta property=\"og:image\" content=\"https:\/\/derechoshumanosyempresas.cl\/wp-content\/uploads\/2024\/08\/12-181916_l4tj_A_UNO_1597475-scaled-e1723486794746-880x500-1.jpg\" \/>\n\t<meta property=\"og:image:width\" content=\"880\" \/>\n\t<meta property=\"og:image:height\" content=\"500\" \/>\n\t<meta property=\"og:image:type\" content=\"image\/jpeg\" \/>\n<meta name=\"author\" content=\"Francisca Eade\" \/>\n<meta name=\"twitter:card\" content=\"summary_large_image\" \/>\n<meta name=\"twitter:title\" content=\"Empresas de energ\u00eda y derechos humanos\" \/>\n<meta name=\"twitter:description\" content=\"Si los da\u00f1os provocados por Enel al no garantizar ni reponer oportunamente a miles de usuarios el servicio el\u00e9ctrico consustancial al derecho a una vivienda adecuada ante contingencias como el \u00faltimo temporal no nos hace reaccionar en esta materia, cabe preguntarnos, \u00bfqu\u00e9 se requiere para que avancemos en este \u00e1mbito?\" \/>\n<meta name=\"twitter:image\" content=\"https:\/\/derechoshumanosyempresas.cl\/wp-content\/uploads\/2024\/08\/12-181916_l4tj_A_UNO_1597475-scaled-e1723486794746-880x500-1.jpg\" \/>\n<meta name=\"twitter:label1\" content=\"Escrito por\" \/>\n\t<meta name=\"twitter:data1\" content=\"Francisca Eade\" \/>\n\t<meta name=\"twitter:label2\" content=\"Tiempo de lectura\" \/>\n\t<meta name=\"twitter:data2\" content=\"5 minutos\" \/>\n<script type=\"application\/ld+json\" class=\"yoast-schema-graph\">{\"@context\":\"https:\\\/\\\/schema.org\",\"@graph\":[{\"@type\":\"Article\",\"@id\":\"https:\\\/\\\/derechoshumanosyempresas.cl\\\/index.php\\\/2024\\\/08\\\/14\\\/columna-empresas-de-energia-y-derechos-humanos\\\/#article\",\"isPartOf\":{\"@id\":\"https:\\\/\\\/derechoshumanosyempresas.cl\\\/index.php\\\/2024\\\/08\\\/14\\\/columna-empresas-de-energia-y-derechos-humanos\\\/\"},\"author\":{\"name\":\"Francisca Eade\",\"@id\":\"https:\\\/\\\/derechoshumanosyempresas.cl\\\/#\\\/schema\\\/person\\\/5e33ef163586795298c1061fbaa56cb5\"},\"headline\":\"[Columna] Empresas de energ\u00eda y derechos humanos\",\"datePublished\":\"2024-08-14T14:48:27+00:00\",\"dateModified\":\"2025-02-21T14:36:54+00:00\",\"mainEntityOfPage\":{\"@id\":\"https:\\\/\\\/derechoshumanosyempresas.cl\\\/index.php\\\/2024\\\/08\\\/14\\\/columna-empresas-de-energia-y-derechos-humanos\\\/\"},\"wordCount\":1017,\"commentCount\":0,\"image\":{\"@id\":\"https:\\\/\\\/derechoshumanosyempresas.cl\\\/index.php\\\/2024\\\/08\\\/14\\\/columna-empresas-de-energia-y-derechos-humanos\\\/#primaryimage\"},\"thumbnailUrl\":\"https:\\\/\\\/derechoshumanosyempresas.cl\\\/wp-content\\\/uploads\\\/2024\\\/08\\\/12-181916_l4tj_A_UNO_1597475-scaled-e1723486794746-880x500-1.jpg\",\"articleSection\":[\"Noticias\"],\"inLanguage\":\"es\",\"potentialAction\":[{\"@type\":\"CommentAction\",\"name\":\"Comment\",\"target\":[\"https:\\\/\\\/derechoshumanosyempresas.cl\\\/index.php\\\/2024\\\/08\\\/14\\\/columna-empresas-de-energia-y-derechos-humanos\\\/#respond\"]}]},{\"@type\":\"WebPage\",\"@id\":\"https:\\\/\\\/derechoshumanosyempresas.cl\\\/index.php\\\/2024\\\/08\\\/14\\\/columna-empresas-de-energia-y-derechos-humanos\\\/\",\"url\":\"https:\\\/\\\/derechoshumanosyempresas.cl\\\/index.php\\\/2024\\\/08\\\/14\\\/columna-empresas-de-energia-y-derechos-humanos\\\/\",\"name\":\"[Columna] Empresas de energ\u00eda y derechos humanos - Plataforma Chilena de la Sociedad Civil de Derechos Humanos y Empresas\",\"isPartOf\":{\"@id\":\"https:\\\/\\\/derechoshumanosyempresas.cl\\\/#website\"},\"primaryImageOfPage\":{\"@id\":\"https:\\\/\\\/derechoshumanosyempresas.cl\\\/index.php\\\/2024\\\/08\\\/14\\\/columna-empresas-de-energia-y-derechos-humanos\\\/#primaryimage\"},\"image\":{\"@id\":\"https:\\\/\\\/derechoshumanosyempresas.cl\\\/index.php\\\/2024\\\/08\\\/14\\\/columna-empresas-de-energia-y-derechos-humanos\\\/#primaryimage\"},\"thumbnailUrl\":\"https:\\\/\\\/derechoshumanosyempresas.cl\\\/wp-content\\\/uploads\\\/2024\\\/08\\\/12-181916_l4tj_A_UNO_1597475-scaled-e1723486794746-880x500-1.jpg\",\"datePublished\":\"2024-08-14T14:48:27+00:00\",\"dateModified\":\"2025-02-21T14:36:54+00:00\",\"author\":{\"@id\":\"https:\\\/\\\/derechoshumanosyempresas.cl\\\/#\\\/schema\\\/person\\\/5e33ef163586795298c1061fbaa56cb5\"},\"description\":\"Hasta el 10 de agosto, diez d\u00edas despu\u00e9s del temporal de viento y lluvia que afect\u00f3 el centro y sur de Chile, la SEC informaba que 60 mil familias continuaban sin suministro de electricidad en el pa\u00eds.\",\"breadcrumb\":{\"@id\":\"https:\\\/\\\/derechoshumanosyempresas.cl\\\/index.php\\\/2024\\\/08\\\/14\\\/columna-empresas-de-energia-y-derechos-humanos\\\/#breadcrumb\"},\"inLanguage\":\"es\",\"potentialAction\":[{\"@type\":\"ReadAction\",\"target\":[\"https:\\\/\\\/derechoshumanosyempresas.cl\\\/index.php\\\/2024\\\/08\\\/14\\\/columna-empresas-de-energia-y-derechos-humanos\\\/\"]}]},{\"@type\":\"ImageObject\",\"inLanguage\":\"es\",\"@id\":\"https:\\\/\\\/derechoshumanosyempresas.cl\\\/index.php\\\/2024\\\/08\\\/14\\\/columna-empresas-de-energia-y-derechos-humanos\\\/#primaryimage\",\"url\":\"https:\\\/\\\/derechoshumanosyempresas.cl\\\/wp-content\\\/uploads\\\/2024\\\/08\\\/12-181916_l4tj_A_UNO_1597475-scaled-e1723486794746-880x500-1.jpg\",\"contentUrl\":\"https:\\\/\\\/derechoshumanosyempresas.cl\\\/wp-content\\\/uploads\\\/2024\\\/08\\\/12-181916_l4tj_A_UNO_1597475-scaled-e1723486794746-880x500-1.jpg\",\"width\":880,\"height\":500,\"caption\":\"Protestas cortes de luz ENEL\"},{\"@type\":\"BreadcrumbList\",\"@id\":\"https:\\\/\\\/derechoshumanosyempresas.cl\\\/index.php\\\/2024\\\/08\\\/14\\\/columna-empresas-de-energia-y-derechos-humanos\\\/#breadcrumb\",\"itemListElement\":[{\"@type\":\"ListItem\",\"position\":1,\"name\":\"Portada\",\"item\":\"https:\\\/\\\/derechoshumanosyempresas.cl\\\/\"},{\"@type\":\"ListItem\",\"position\":2,\"name\":\"[Columna] Empresas de energ\u00eda y derechos humanos\"}]},{\"@type\":\"WebSite\",\"@id\":\"https:\\\/\\\/derechoshumanosyempresas.cl\\\/#website\",\"url\":\"https:\\\/\\\/derechoshumanosyempresas.cl\\\/\",\"name\":\"Plataforma Chilena de la Sociedad Civil de Derechos Humanos y Empresas\",\"description\":\"\",\"potentialAction\":[{\"@type\":\"SearchAction\",\"target\":{\"@type\":\"EntryPoint\",\"urlTemplate\":\"https:\\\/\\\/derechoshumanosyempresas.cl\\\/?s={search_term_string}\"},\"query-input\":{\"@type\":\"PropertyValueSpecification\",\"valueRequired\":true,\"valueName\":\"search_term_string\"}}],\"inLanguage\":\"es\"},{\"@type\":\"Person\",\"@id\":\"https:\\\/\\\/derechoshumanosyempresas.cl\\\/#\\\/schema\\\/person\\\/5e33ef163586795298c1061fbaa56cb5\",\"name\":\"Francisca Eade\",\"image\":{\"@type\":\"ImageObject\",\"inLanguage\":\"es\",\"@id\":\"https:\\\/\\\/secure.gravatar.com\\\/avatar\\\/c30389153e117557cb0fc48787c74f5a47d35836d62e042c6e6e40e2cd6953ef?s=96&d=mm&r=g\",\"url\":\"https:\\\/\\\/secure.gravatar.com\\\/avatar\\\/c30389153e117557cb0fc48787c74f5a47d35836d62e042c6e6e40e2cd6953ef?s=96&d=mm&r=g\",\"contentUrl\":\"https:\\\/\\\/secure.gravatar.com\\\/avatar\\\/c30389153e117557cb0fc48787c74f5a47d35836d62e042c6e6e40e2cd6953ef?s=96&d=mm&r=g\",\"caption\":\"Francisca Eade\"},\"url\":\"https:\\\/\\\/derechoshumanosyempresas.cl\\\/index.php\\\/author\\\/comunicaciones\\\/\"}]}<\/script>\n<!-- \/ Yoast SEO plugin. -->","yoast_head_json":{"title":"[Columna] Empresas de energ\u00eda y derechos humanos - Plataforma Chilena de la Sociedad Civil de Derechos Humanos y Empresas","description":"Hasta el 10 de agosto, diez d\u00edas despu\u00e9s del temporal de viento y lluvia que afect\u00f3 el centro y sur de Chile, la SEC informaba que 60 mil familias continuaban sin suministro de electricidad en el pa\u00eds.","robots":{"index":"index","follow":"follow","max-snippet":"max-snippet:-1","max-image-preview":"max-image-preview:large","max-video-preview":"max-video-preview:-1"},"canonical":"https:\/\/derechoshumanosyempresas.cl\/index.php\/2024\/08\/14\/columna-empresas-de-energia-y-derechos-humanos\/","og_locale":"es_ES","og_type":"article","og_title":"Empresas de energ\u00eda y derechos humanos","og_description":"Si los da\u00f1os provocados por Enel al no garantizar ni reponer oportunamente a miles de usuarios el servicio el\u00e9ctrico consustancial al derecho a una vivienda adecuada ante contingencias como el \u00faltimo temporal no nos hace reaccionar en esta materia, cabe preguntarnos, \u00bfqu\u00e9 se requiere para que avancemos en este \u00e1mbito?","og_url":"https:\/\/derechoshumanosyempresas.cl\/index.php\/2024\/08\/14\/columna-empresas-de-energia-y-derechos-humanos\/","og_site_name":"Plataforma Chilena de la Sociedad Civil de Derechos Humanos y Empresas","article_published_time":"2024-08-14T14:48:27+00:00","article_modified_time":"2025-02-21T14:36:54+00:00","og_image":[{"width":880,"height":500,"url":"https:\/\/derechoshumanosyempresas.cl\/wp-content\/uploads\/2024\/08\/12-181916_l4tj_A_UNO_1597475-scaled-e1723486794746-880x500-1.jpg","type":"image\/jpeg"}],"author":"Francisca Eade","twitter_card":"summary_large_image","twitter_title":"Empresas de energ\u00eda y derechos humanos","twitter_description":"Si los da\u00f1os provocados por Enel al no garantizar ni reponer oportunamente a miles de usuarios el servicio el\u00e9ctrico consustancial al derecho a una vivienda adecuada ante contingencias como el \u00faltimo temporal no nos hace reaccionar en esta materia, cabe preguntarnos, \u00bfqu\u00e9 se requiere para que avancemos en este \u00e1mbito?","twitter_image":"https:\/\/derechoshumanosyempresas.cl\/wp-content\/uploads\/2024\/08\/12-181916_l4tj_A_UNO_1597475-scaled-e1723486794746-880x500-1.jpg","twitter_misc":{"Escrito por":"Francisca Eade","Tiempo de lectura":"5 minutos"},"schema":{"@context":"https:\/\/schema.org","@graph":[{"@type":"Article","@id":"https:\/\/derechoshumanosyempresas.cl\/index.php\/2024\/08\/14\/columna-empresas-de-energia-y-derechos-humanos\/#article","isPartOf":{"@id":"https:\/\/derechoshumanosyempresas.cl\/index.php\/2024\/08\/14\/columna-empresas-de-energia-y-derechos-humanos\/"},"author":{"name":"Francisca Eade","@id":"https:\/\/derechoshumanosyempresas.cl\/#\/schema\/person\/5e33ef163586795298c1061fbaa56cb5"},"headline":"[Columna] Empresas de energ\u00eda y derechos humanos","datePublished":"2024-08-14T14:48:27+00:00","dateModified":"2025-02-21T14:36:54+00:00","mainEntityOfPage":{"@id":"https:\/\/derechoshumanosyempresas.cl\/index.php\/2024\/08\/14\/columna-empresas-de-energia-y-derechos-humanos\/"},"wordCount":1017,"commentCount":0,"image":{"@id":"https:\/\/derechoshumanosyempresas.cl\/index.php\/2024\/08\/14\/columna-empresas-de-energia-y-derechos-humanos\/#primaryimage"},"thumbnailUrl":"https:\/\/derechoshumanosyempresas.cl\/wp-content\/uploads\/2024\/08\/12-181916_l4tj_A_UNO_1597475-scaled-e1723486794746-880x500-1.jpg","articleSection":["Noticias"],"inLanguage":"es","potentialAction":[{"@type":"CommentAction","name":"Comment","target":["https:\/\/derechoshumanosyempresas.cl\/index.php\/2024\/08\/14\/columna-empresas-de-energia-y-derechos-humanos\/#respond"]}]},{"@type":"WebPage","@id":"https:\/\/derechoshumanosyempresas.cl\/index.php\/2024\/08\/14\/columna-empresas-de-energia-y-derechos-humanos\/","url":"https:\/\/derechoshumanosyempresas.cl\/index.php\/2024\/08\/14\/columna-empresas-de-energia-y-derechos-humanos\/","name":"[Columna] Empresas de energ\u00eda y derechos humanos - Plataforma Chilena de la Sociedad Civil de Derechos Humanos y Empresas","isPartOf":{"@id":"https:\/\/derechoshumanosyempresas.cl\/#website"},"primaryImageOfPage":{"@id":"https:\/\/derechoshumanosyempresas.cl\/index.php\/2024\/08\/14\/columna-empresas-de-energia-y-derechos-humanos\/#primaryimage"},"image":{"@id":"https:\/\/derechoshumanosyempresas.cl\/index.php\/2024\/08\/14\/columna-empresas-de-energia-y-derechos-humanos\/#primaryimage"},"thumbnailUrl":"https:\/\/derechoshumanosyempresas.cl\/wp-content\/uploads\/2024\/08\/12-181916_l4tj_A_UNO_1597475-scaled-e1723486794746-880x500-1.jpg","datePublished":"2024-08-14T14:48:27+00:00","dateModified":"2025-02-21T14:36:54+00:00","author":{"@id":"https:\/\/derechoshumanosyempresas.cl\/#\/schema\/person\/5e33ef163586795298c1061fbaa56cb5"},"description":"Hasta el 10 de agosto, diez d\u00edas despu\u00e9s del temporal de viento y lluvia que afect\u00f3 el centro y sur de Chile, la SEC informaba que 60 mil familias continuaban sin suministro de electricidad en el pa\u00eds.","breadcrumb":{"@id":"https:\/\/derechoshumanosyempresas.cl\/index.php\/2024\/08\/14\/columna-empresas-de-energia-y-derechos-humanos\/#breadcrumb"},"inLanguage":"es","potentialAction":[{"@type":"ReadAction","target":["https:\/\/derechoshumanosyempresas.cl\/index.php\/2024\/08\/14\/columna-empresas-de-energia-y-derechos-humanos\/"]}]},{"@type":"ImageObject","inLanguage":"es","@id":"https:\/\/derechoshumanosyempresas.cl\/index.php\/2024\/08\/14\/columna-empresas-de-energia-y-derechos-humanos\/#primaryimage","url":"https:\/\/derechoshumanosyempresas.cl\/wp-content\/uploads\/2024\/08\/12-181916_l4tj_A_UNO_1597475-scaled-e1723486794746-880x500-1.jpg","contentUrl":"https:\/\/derechoshumanosyempresas.cl\/wp-content\/uploads\/2024\/08\/12-181916_l4tj_A_UNO_1597475-scaled-e1723486794746-880x500-1.jpg","width":880,"height":500,"caption":"Protestas cortes de luz ENEL"},{"@type":"BreadcrumbList","@id":"https:\/\/derechoshumanosyempresas.cl\/index.php\/2024\/08\/14\/columna-empresas-de-energia-y-derechos-humanos\/#breadcrumb","itemListElement":[{"@type":"ListItem","position":1,"name":"Portada","item":"https:\/\/derechoshumanosyempresas.cl\/"},{"@type":"ListItem","position":2,"name":"[Columna] Empresas de energ\u00eda y derechos humanos"}]},{"@type":"WebSite","@id":"https:\/\/derechoshumanosyempresas.cl\/#website","url":"https:\/\/derechoshumanosyempresas.cl\/","name":"Plataforma Chilena de la Sociedad Civil de Derechos Humanos y Empresas","description":"","potentialAction":[{"@type":"SearchAction","target":{"@type":"EntryPoint","urlTemplate":"https:\/\/derechoshumanosyempresas.cl\/?s={search_term_string}"},"query-input":{"@type":"PropertyValueSpecification","valueRequired":true,"valueName":"search_term_string"}}],"inLanguage":"es"},{"@type":"Person","@id":"https:\/\/derechoshumanosyempresas.cl\/#\/schema\/person\/5e33ef163586795298c1061fbaa56cb5","name":"Francisca Eade","image":{"@type":"ImageObject","inLanguage":"es","@id":"https:\/\/secure.gravatar.com\/avatar\/c30389153e117557cb0fc48787c74f5a47d35836d62e042c6e6e40e2cd6953ef?s=96&d=mm&r=g","url":"https:\/\/secure.gravatar.com\/avatar\/c30389153e117557cb0fc48787c74f5a47d35836d62e042c6e6e40e2cd6953ef?s=96&d=mm&r=g","contentUrl":"https:\/\/secure.gravatar.com\/avatar\/c30389153e117557cb0fc48787c74f5a47d35836d62e042c6e6e40e2cd6953ef?s=96&d=mm&r=g","caption":"Francisca Eade"},"url":"https:\/\/derechoshumanosyempresas.cl\/index.php\/author\/comunicaciones\/"}]}},"wpmagazine_modules_lite_featured_media_urls":{"thumbnail":["https:\/\/derechoshumanosyempresas.cl\/wp-content\/uploads\/2024\/08\/12-181916_l4tj_A_UNO_1597475-scaled-e1723486794746-880x500-1-150x150.jpg",150,150,true],"cvmm-medium":["https:\/\/derechoshumanosyempresas.cl\/wp-content\/uploads\/2024\/08\/12-181916_l4tj_A_UNO_1597475-scaled-e1723486794746-880x500-1-300x300.jpg",300,300,true],"cvmm-medium-plus":["https:\/\/derechoshumanosyempresas.cl\/wp-content\/uploads\/2024\/08\/12-181916_l4tj_A_UNO_1597475-scaled-e1723486794746-880x500-1-305x207.jpg",305,207,true],"cvmm-portrait":["https:\/\/derechoshumanosyempresas.cl\/wp-content\/uploads\/2024\/08\/12-181916_l4tj_A_UNO_1597475-scaled-e1723486794746-880x500-1-400x500.jpg",400,500,true],"cvmm-medium-square":["https:\/\/derechoshumanosyempresas.cl\/wp-content\/uploads\/2024\/08\/12-181916_l4tj_A_UNO_1597475-scaled-e1723486794746-880x500-1-600x500.jpg",600,500,true],"cvmm-large":["https:\/\/derechoshumanosyempresas.cl\/wp-content\/uploads\/2024\/08\/12-181916_l4tj_A_UNO_1597475-scaled-e1723486794746-880x500-1.jpg",880,500,false],"cvmm-small":["https:\/\/derechoshumanosyempresas.cl\/wp-content\/uploads\/2024\/08\/12-181916_l4tj_A_UNO_1597475-scaled-e1723486794746-880x500-1-130x95.jpg",130,95,true],"full":["https:\/\/derechoshumanosyempresas.cl\/wp-content\/uploads\/2024\/08\/12-181916_l4tj_A_UNO_1597475-scaled-e1723486794746-880x500-1.jpg",880,500,false]},"categories_names":{"43":{"name":"Noticias","link":"https:\/\/derechoshumanosyempresas.cl\/index.php\/category\/centro-de-informacion\/"}},"tags_names":[],"comments_number":"0","_links":{"self":[{"href":"https:\/\/derechoshumanosyempresas.cl\/index.php\/wp-json\/wp\/v2\/posts\/2237","targetHints":{"allow":["GET"]}}],"collection":[{"href":"https:\/\/derechoshumanosyempresas.cl\/index.php\/wp-json\/wp\/v2\/posts"}],"about":[{"href":"https:\/\/derechoshumanosyempresas.cl\/index.php\/wp-json\/wp\/v2\/types\/post"}],"author":[{"embeddable":true,"href":"https:\/\/derechoshumanosyempresas.cl\/index.php\/wp-json\/wp\/v2\/users\/25"}],"replies":[{"embeddable":true,"href":"https:\/\/derechoshumanosyempresas.cl\/index.php\/wp-json\/wp\/v2\/comments?post=2237"}],"version-history":[{"count":0,"href":"https:\/\/derechoshumanosyempresas.cl\/index.php\/wp-json\/wp\/v2\/posts\/2237\/revisions"}],"wp:featuredmedia":[{"embeddable":true,"href":"https:\/\/derechoshumanosyempresas.cl\/index.php\/wp-json\/wp\/v2\/media\/2238"}],"wp:attachment":[{"href":"https:\/\/derechoshumanosyempresas.cl\/index.php\/wp-json\/wp\/v2\/media?parent=2237"}],"wp:term":[{"taxonomy":"category","embeddable":true,"href":"https:\/\/derechoshumanosyempresas.cl\/index.php\/wp-json\/wp\/v2\/categories?post=2237"},{"taxonomy":"post_tag","embeddable":true,"href":"https:\/\/derechoshumanosyempresas.cl\/index.php\/wp-json\/wp\/v2\/tags?post=2237"}],"curies":[{"name":"wp","href":"https:\/\/api.w.org\/{rel}","templated":true}]}}