{"id":2201,"date":"2024-07-28T14:17:34","date_gmt":"2024-07-28T14:17:34","guid":{"rendered":"https:\/\/derechoshumanosyempresas.cl\/?p=2201"},"modified":"2025-02-21T14:45:16","modified_gmt":"2025-02-21T14:45:16","slug":"expertas-de-la-onu-en-empresas-y-derechos-humanos-visitaran-colombia","status":"publish","type":"post","link":"https:\/\/derechoshumanosyempresas.cl\/index.php\/2024\/07\/28\/expertas-de-la-onu-en-empresas-y-derechos-humanos-visitaran-colombia\/","title":{"rendered":"Expertas de la ONU en Empresas y Derechos Humanos visitar\u00e1n Colombia"},"content":{"rendered":"<blockquote>\n<p style=\"text-align: left;\"><span style=\"font-weight: 400;\">El<\/span><span style=\"font-weight: 400;\"> Grupo de Trabajo sobre Empresas y Derechos Humanos realizar\u00e1 su primera visita oficial a Colombia del 29 de julio al 9 de agosto. <\/span><span style=\"font-weight: 400;\">Las expertas evaluar\u00e1n los esfuerzos para identificar, prevenir, mitigar y responder de las consecuencias negativas de las actividades empresariales sobre los derechos humanos y el medio ambiente.<\/span><\/p>\n<\/blockquote>\n<p><!--more--><\/p>\n<p><span style=\"font-weight: 400;\">La delegaci\u00f3n del Grupo de Trabajo que visitar\u00e1 Colombia en esta ocasi\u00f3n estar\u00e1 compuesta por <strong>Fernanda Hopenhaym y Pichamon Yeophantong<\/strong>, quienes examinar\u00e1n los esfuerzos del Gobierno de la naci\u00f3n andina y de las empresas para cumplir con sus respectivas obligaciones y responsabilidades en materia de derechos humanos en virtud de los <\/span><a href=\"https:\/\/www.ohchr.org\/sites\/default\/files\/documents\/publications\/guidingprinciplesbusinesshr_sp.pdf\" target=\"_blank\" rel=\"noopener\"><b>Principios Rectores de las Naciones Unidas sobre las Empresas y los Derechos Humanos<\/b><\/a><span style=\"font-weight: 400;\">.<\/span><\/p>\n<p><span style=\"font-weight: 400;\">Las expertas se reunir\u00e1n con varios ministerios del Gobierno nacional, autoridades locales, representantes del poder judicial y legislativo , actores de la sociedad civil, personas defensoras de los derechos humanos, representantes de comunidades rurales, ind\u00edgenas y afro descendientes, representantes de la academia, de personas trabajadoras, de empresas y asociaciones industriales. Empezar\u00e1n su visita en Bogot\u00e1 y visitaran otros departamentos, incluyendo Putumayo, La Guajira, El Cesar y Medell\u00edn.<\/span><\/p>\n<blockquote class=\"twitter-tweet\">\n<p dir=\"ltr\" lang=\"es\" style=\"text-align: center;\">Agradecemos al gobierno por abrirnos la puerta y a todos los sectores por dialogar con nosotras. Mi profundo reconocimiento a todas las personas que defienden derechos humanos en Colombia, a\u00fan en contextos dif\u00edciles. Esperamos que nuestras observaciones sean \u00fatiles para el pa\u00eds.<\/p>\n<p style=\"text-align: center;\">\u2014 Fernanda Hopenhaym (@fernanda_ho) <a href=\"https:\/\/twitter.com\/fernanda_ho\/status\/1822076040295936307?ref_src=twsrc%5Etfw\">August 10, 2024<\/a><\/p>\n<\/blockquote>\n<p><script async src=\"https:\/\/platform.twitter.com\/widgets.js\" charset=\"utf-8\"><\/script><\/p>\n<h3>El Grupo de Trabajo sobre Empresas y Derechos Humanos<\/h3>\n<p><a href=\"https:\/\/www.ohchr.org\/es\/special-procedures\/wg-business#:~:text=El%20Grupo%20de%20Trabajo%20est%C3%A1%20compuesto%20por%20cinco%20expertos%20independientes,de%20pa%C3%ADses%2C%20temas%20y%20sectores.\" target=\"_blank\" rel=\"noopener\"><b>El Grupo de Trabajo sobre derechos humanos y empresas transnacionales y otras empresas<\/b><\/a><span style=\"font-weight: 400;\"> fue creado por el <strong>Consejo de Derechos Humanos de la ONU en junio de 2011<\/strong>. Est\u00e1 compuesto por cinco expertos independientes:<\/span><\/p>\n<ul>\n<li><span style=\"font-weight: 400;\"><a href=\"https:\/\/www.ohchr.org\/es\/business\/members-working-group-issue-human-rights-and-transnational-corporations-and-other-business\" target=\"_blank\" rel=\"noopener\"><strong>Fernanda Hopenhaym<\/strong><\/a> (Presidenta, M\u00e9xico\/Uruguay)<\/span><\/li>\n<li><span style=\"font-weight: 400;\"><a href=\"https:\/\/www.ohchr.org\/es\/business\/members-working-group-issue-human-rights-and-transnational-corporations-and-other-business\" target=\"_blank\" rel=\"noopener\"><strong> Pichamon Yeophantong<\/strong><\/a> (Tailandia)<\/span><\/li>\n<li><span style=\"font-weight: 400;\"><a href=\"https:\/\/www.ohchr.org\/es\/business\/members-working-group-issue-human-rights-and-transnational-corporations-and-other-business\" target=\"_blank\" rel=\"noopener\"><strong>Robert McCorquodale<\/strong><\/a> (Inglaterra)<\/span><\/li>\n<li><span style=\"font-weight: 400;\"><a href=\"https:\/\/www.ohchr.org\/es\/business\/members-working-group-issue-human-rights-and-transnational-corporations-and-other-business\" target=\"_blank\" rel=\"noopener\"><strong> Damilola Olawuyi<\/strong><\/a> (Nigeria)<\/span><\/li>\n<li><span style=\"font-weight: 400;\"><a href=\"https:\/\/www.ohchr.org\/es\/business\/members-working-group-issue-human-rights-and-transnational-corporations-and-other-business\" target=\"_blank\" rel=\"noopener\"><strong>El\u017cbieta Karska<\/strong><\/a> (Polonia)<\/span><\/li>\n<\/ul>\n<p><span style=\"font-weight: 400;\">El Grupo de Trabajo forma parte de lo que se conoce como <a href=\"https:\/\/www.ohchr.org\/es\/special-procedures-human-rights-council\" target=\"_blank\" rel=\"noopener\"><strong>Procedimientos Especiales<\/strong> <\/a><\/span><span style=\"font-weight: 400;\">del <strong>Consejo de Derechos Humanos<\/strong>. Procedimientos Especiales, el mayor \u00f3rgano de expertos independientes del sistema de Derechos Humanos de la ONU, es el nombre general de los mecanismos independientes de supervisi\u00f3n de los derechos humanos del Consejo. <strong>El Grupo de Trabajo informa al Consejo de Derechos Humanos y a la Asamblea General de la ONU.<\/strong><\/span><\/p>\n<p><span style=\"font-weight: 400;\">Los titulares de mandatos de los Procedimientos Especiales <strong>son expertos independientes en derechos humanos nombrados por el Consejo de Derechos Humanos para abordar situaciones espec\u00edficas de pa\u00edses o cuestiones tem\u00e1ticas en todo el mundo.<\/strong> Los expertos no forman parte del personal de la <a href=\"https:\/\/www.un.org\/es\/\">ONU<\/a> y son independientes de cualquier gobierno u organizaci\u00f3n. Prestan sus servicios a t\u00edtulo individual y no reciben un salario por su trabajo.<\/span><\/p>\n<p><span style=\"font-weight: 400;\">Los <\/span><a href=\"https:\/\/www.ohchr.org\/sites\/default\/files\/documents\/publications\/guidingprinciplesbusinesshr_sp.pdf\" target=\"_blank\" rel=\"noopener\"><b>Principios Rectores de las Naciones Unidas sobre las Empresas y los Derechos Humanos<\/b><\/a><span style=\"font-weight: 400;\">, constituyen la norma mundial autorizada de actuaci\u00f3n para salvaguardar los derechos humanos en un contexto empresarial, aclarando lo que se espera de los gobiernos y las empresas para <strong>prevenir y abordar los impactos sobre los derechos humanos derivados de la actividad empresarial.<\/strong><\/span><\/p>\n<p><span style=\"font-weight: 400;\">El Grupo de Trabajo presentar\u00e1 un informe al Consejo de Derechos Humanos en junio de 2025.<\/span><\/p>\n","protected":false},"excerpt":{"rendered":"<p>El Grupo de Trabajo sobre Empresas y Derechos Humanos realizar\u00e1 su primera visita oficial a Colombia del 29 de julio al 9 [&hellip;]<\/p>\n","protected":false},"author":25,"featured_media":2202,"comment_status":"open","ping_status":"open","sticky":false,"template":"","format":"standard","meta":{"footnotes":""},"categories":[43],"tags":[],"class_list":["post-2201","post","type-post","status-publish","format-standard","has-post-thumbnail","hentry","category-centro-de-informacion"],"yoast_head":"<!-- This site is optimized with the Yoast SEO plugin v27.4 - https:\/\/yoast.com\/product\/yoast-seo-wordpress\/ -->\n<title>Expertas de la ONU en Empresas y Derechos Humanos visitar\u00e1n Colombia - Plataforma Chilena de la Sociedad Civil de Derechos Humanos y Empresas<\/title>\n<meta name=\"description\" content=\"El Grupo de Trabajo sobre Empresas y Derechos Humanos realizar\u00e1 su primera visita oficial a Colombia del 29 de julio al 9 de agosto.\" \/>\n<meta name=\"robots\" content=\"index, follow, max-snippet:-1, max-image-preview:large, max-video-preview:-1\" \/>\n<link rel=\"canonical\" href=\"https:\/\/derechoshumanosyempresas.cl\/index.php\/2024\/07\/28\/expertas-de-la-onu-en-empresas-y-derechos-humanos-visitaran-colombia\/\" \/>\n<meta property=\"og:locale\" content=\"es_ES\" \/>\n<meta property=\"og:type\" content=\"article\" \/>\n<meta property=\"og:title\" content=\"Expertas de la ONU en empresas y derechos humanos visitar\u00e1n Colombia\" \/>\n<meta property=\"og:description\" content=\"El Grupo de Trabajo sobre Empresas y Derechos Humanos realizar\u00e1 su primera visita oficial a Colombia del 29 de julio al 9 de agosto.\" \/>\n<meta property=\"og:url\" content=\"https:\/\/derechoshumanosyempresas.cl\/index.php\/2024\/07\/28\/expertas-de-la-onu-en-empresas-y-derechos-humanos-visitaran-colombia\/\" \/>\n<meta property=\"og:site_name\" content=\"Plataforma Chilena de la Sociedad Civil de Derechos Humanos y Empresas\" \/>\n<meta property=\"article:published_time\" content=\"2024-07-28T14:17:34+00:00\" \/>\n<meta property=\"article:modified_time\" content=\"2025-02-21T14:45:16+00:00\" \/>\n<meta property=\"og:image\" content=\"https:\/\/derechoshumanosyempresas.cl\/wp-content\/uploads\/2024\/08\/WG-group-photo-resized.jpg\" \/>\n\t<meta property=\"og:image:width\" content=\"610\" \/>\n\t<meta property=\"og:image:height\" content=\"410\" \/>\n\t<meta property=\"og:image:type\" content=\"image\/jpeg\" \/>\n<meta name=\"author\" content=\"Francisca Eade\" \/>\n<meta name=\"twitter:card\" content=\"summary_large_image\" \/>\n<meta name=\"twitter:title\" content=\"Expertas de la ONU en empresas y derechos humanos visitar\u00e1n Colombia\" \/>\n<meta name=\"twitter:description\" content=\"El Grupo de Trabajo sobre Empresas y Derechos Humanos realizar\u00e1 su primera visita oficial a Colombia del 29 de julio al 9 de agosto.\" \/>\n<meta name=\"twitter:image\" content=\"https:\/\/derechoshumanosyempresas.cl\/wp-content\/uploads\/2024\/08\/WG-group-photo-resized.jpg\" \/>\n<meta name=\"twitter:label1\" content=\"Escrito por\" \/>\n\t<meta name=\"twitter:data1\" content=\"Francisca Eade\" \/>\n\t<meta name=\"twitter:label2\" content=\"Tiempo de lectura\" \/>\n\t<meta name=\"twitter:data2\" content=\"3 minutos\" \/>\n<script type=\"application\/ld+json\" class=\"yoast-schema-graph\">{\"@context\":\"https:\\\/\\\/schema.org\",\"@graph\":[{\"@type\":\"Article\",\"@id\":\"https:\\\/\\\/derechoshumanosyempresas.cl\\\/index.php\\\/2024\\\/07\\\/28\\\/expertas-de-la-onu-en-empresas-y-derechos-humanos-visitaran-colombia\\\/#article\",\"isPartOf\":{\"@id\":\"https:\\\/\\\/derechoshumanosyempresas.cl\\\/index.php\\\/2024\\\/07\\\/28\\\/expertas-de-la-onu-en-empresas-y-derechos-humanos-visitaran-colombia\\\/\"},\"author\":{\"name\":\"Francisca Eade\",\"@id\":\"https:\\\/\\\/derechoshumanosyempresas.cl\\\/#\\\/schema\\\/person\\\/5e33ef163586795298c1061fbaa56cb5\"},\"headline\":\"Expertas de la ONU en Empresas y Derechos Humanos visitar\u00e1n Colombia\",\"datePublished\":\"2024-07-28T14:17:34+00:00\",\"dateModified\":\"2025-02-21T14:45:16+00:00\",\"mainEntityOfPage\":{\"@id\":\"https:\\\/\\\/derechoshumanosyempresas.cl\\\/index.php\\\/2024\\\/07\\\/28\\\/expertas-de-la-onu-en-empresas-y-derechos-humanos-visitaran-colombia\\\/\"},\"wordCount\":524,\"commentCount\":0,\"image\":{\"@id\":\"https:\\\/\\\/derechoshumanosyempresas.cl\\\/index.php\\\/2024\\\/07\\\/28\\\/expertas-de-la-onu-en-empresas-y-derechos-humanos-visitaran-colombia\\\/#primaryimage\"},\"thumbnailUrl\":\"https:\\\/\\\/derechoshumanosyempresas.cl\\\/wp-content\\\/uploads\\\/2024\\\/08\\\/WG-group-photo-resized.jpg\",\"articleSection\":[\"Noticias\"],\"inLanguage\":\"es\",\"potentialAction\":[{\"@type\":\"CommentAction\",\"name\":\"Comment\",\"target\":[\"https:\\\/\\\/derechoshumanosyempresas.cl\\\/index.php\\\/2024\\\/07\\\/28\\\/expertas-de-la-onu-en-empresas-y-derechos-humanos-visitaran-colombia\\\/#respond\"]}]},{\"@type\":\"WebPage\",\"@id\":\"https:\\\/\\\/derechoshumanosyempresas.cl\\\/index.php\\\/2024\\\/07\\\/28\\\/expertas-de-la-onu-en-empresas-y-derechos-humanos-visitaran-colombia\\\/\",\"url\":\"https:\\\/\\\/derechoshumanosyempresas.cl\\\/index.php\\\/2024\\\/07\\\/28\\\/expertas-de-la-onu-en-empresas-y-derechos-humanos-visitaran-colombia\\\/\",\"name\":\"Expertas de la ONU en Empresas y Derechos Humanos visitar\u00e1n Colombia - Plataforma Chilena de la Sociedad Civil de Derechos Humanos y Empresas\",\"isPartOf\":{\"@id\":\"https:\\\/\\\/derechoshumanosyempresas.cl\\\/#website\"},\"primaryImageOfPage\":{\"@id\":\"https:\\\/\\\/derechoshumanosyempresas.cl\\\/index.php\\\/2024\\\/07\\\/28\\\/expertas-de-la-onu-en-empresas-y-derechos-humanos-visitaran-colombia\\\/#primaryimage\"},\"image\":{\"@id\":\"https:\\\/\\\/derechoshumanosyempresas.cl\\\/index.php\\\/2024\\\/07\\\/28\\\/expertas-de-la-onu-en-empresas-y-derechos-humanos-visitaran-colombia\\\/#primaryimage\"},\"thumbnailUrl\":\"https:\\\/\\\/derechoshumanosyempresas.cl\\\/wp-content\\\/uploads\\\/2024\\\/08\\\/WG-group-photo-resized.jpg\",\"datePublished\":\"2024-07-28T14:17:34+00:00\",\"dateModified\":\"2025-02-21T14:45:16+00:00\",\"author\":{\"@id\":\"https:\\\/\\\/derechoshumanosyempresas.cl\\\/#\\\/schema\\\/person\\\/5e33ef163586795298c1061fbaa56cb5\"},\"description\":\"El Grupo de Trabajo sobre Empresas y Derechos Humanos realizar\u00e1 su primera visita oficial a Colombia del 29 de julio al 9 de agosto.\",\"breadcrumb\":{\"@id\":\"https:\\\/\\\/derechoshumanosyempresas.cl\\\/index.php\\\/2024\\\/07\\\/28\\\/expertas-de-la-onu-en-empresas-y-derechos-humanos-visitaran-colombia\\\/#breadcrumb\"},\"inLanguage\":\"es\",\"potentialAction\":[{\"@type\":\"ReadAction\",\"target\":[\"https:\\\/\\\/derechoshumanosyempresas.cl\\\/index.php\\\/2024\\\/07\\\/28\\\/expertas-de-la-onu-en-empresas-y-derechos-humanos-visitaran-colombia\\\/\"]}]},{\"@type\":\"ImageObject\",\"inLanguage\":\"es\",\"@id\":\"https:\\\/\\\/derechoshumanosyempresas.cl\\\/index.php\\\/2024\\\/07\\\/28\\\/expertas-de-la-onu-en-empresas-y-derechos-humanos-visitaran-colombia\\\/#primaryimage\",\"url\":\"https:\\\/\\\/derechoshumanosyempresas.cl\\\/wp-content\\\/uploads\\\/2024\\\/08\\\/WG-group-photo-resized.jpg\",\"contentUrl\":\"https:\\\/\\\/derechoshumanosyempresas.cl\\\/wp-content\\\/uploads\\\/2024\\\/08\\\/WG-group-photo-resized.jpg\",\"width\":610,\"height\":410,\"caption\":\"Grupo de Trabajo Derechos Humanos y Empresas\"},{\"@type\":\"BreadcrumbList\",\"@id\":\"https:\\\/\\\/derechoshumanosyempresas.cl\\\/index.php\\\/2024\\\/07\\\/28\\\/expertas-de-la-onu-en-empresas-y-derechos-humanos-visitaran-colombia\\\/#breadcrumb\",\"itemListElement\":[{\"@type\":\"ListItem\",\"position\":1,\"name\":\"Portada\",\"item\":\"https:\\\/\\\/derechoshumanosyempresas.cl\\\/\"},{\"@type\":\"ListItem\",\"position\":2,\"name\":\"Expertas de la ONU en Empresas y Derechos Humanos visitar\u00e1n Colombia\"}]},{\"@type\":\"WebSite\",\"@id\":\"https:\\\/\\\/derechoshumanosyempresas.cl\\\/#website\",\"url\":\"https:\\\/\\\/derechoshumanosyempresas.cl\\\/\",\"name\":\"Plataforma Chilena de la Sociedad Civil de Derechos Humanos y Empresas\",\"description\":\"\",\"potentialAction\":[{\"@type\":\"SearchAction\",\"target\":{\"@type\":\"EntryPoint\",\"urlTemplate\":\"https:\\\/\\\/derechoshumanosyempresas.cl\\\/?s={search_term_string}\"},\"query-input\":{\"@type\":\"PropertyValueSpecification\",\"valueRequired\":true,\"valueName\":\"search_term_string\"}}],\"inLanguage\":\"es\"},{\"@type\":\"Person\",\"@id\":\"https:\\\/\\\/derechoshumanosyempresas.cl\\\/#\\\/schema\\\/person\\\/5e33ef163586795298c1061fbaa56cb5\",\"name\":\"Francisca Eade\",\"image\":{\"@type\":\"ImageObject\",\"inLanguage\":\"es\",\"@id\":\"https:\\\/\\\/secure.gravatar.com\\\/avatar\\\/c30389153e117557cb0fc48787c74f5a47d35836d62e042c6e6e40e2cd6953ef?s=96&d=mm&r=g\",\"url\":\"https:\\\/\\\/secure.gravatar.com\\\/avatar\\\/c30389153e117557cb0fc48787c74f5a47d35836d62e042c6e6e40e2cd6953ef?s=96&d=mm&r=g\",\"contentUrl\":\"https:\\\/\\\/secure.gravatar.com\\\/avatar\\\/c30389153e117557cb0fc48787c74f5a47d35836d62e042c6e6e40e2cd6953ef?s=96&d=mm&r=g\",\"caption\":\"Francisca Eade\"},\"url\":\"https:\\\/\\\/derechoshumanosyempresas.cl\\\/index.php\\\/author\\\/comunicaciones\\\/\"}]}<\/script>\n<!-- \/ Yoast SEO plugin. -->","yoast_head_json":{"title":"Expertas de la ONU en Empresas y Derechos Humanos visitar\u00e1n Colombia - Plataforma Chilena de la Sociedad Civil de Derechos Humanos y Empresas","description":"El Grupo de Trabajo sobre Empresas y Derechos Humanos realizar\u00e1 su primera visita oficial a Colombia del 29 de julio al 9 de agosto.","robots":{"index":"index","follow":"follow","max-snippet":"max-snippet:-1","max-image-preview":"max-image-preview:large","max-video-preview":"max-video-preview:-1"},"canonical":"https:\/\/derechoshumanosyempresas.cl\/index.php\/2024\/07\/28\/expertas-de-la-onu-en-empresas-y-derechos-humanos-visitaran-colombia\/","og_locale":"es_ES","og_type":"article","og_title":"Expertas de la ONU en empresas y derechos humanos visitar\u00e1n Colombia","og_description":"El Grupo de Trabajo sobre Empresas y Derechos Humanos realizar\u00e1 su primera visita oficial a Colombia del 29 de julio al 9 de agosto.","og_url":"https:\/\/derechoshumanosyempresas.cl\/index.php\/2024\/07\/28\/expertas-de-la-onu-en-empresas-y-derechos-humanos-visitaran-colombia\/","og_site_name":"Plataforma Chilena de la Sociedad Civil de Derechos Humanos y Empresas","article_published_time":"2024-07-28T14:17:34+00:00","article_modified_time":"2025-02-21T14:45:16+00:00","og_image":[{"width":610,"height":410,"url":"https:\/\/derechoshumanosyempresas.cl\/wp-content\/uploads\/2024\/08\/WG-group-photo-resized.jpg","type":"image\/jpeg"}],"author":"Francisca Eade","twitter_card":"summary_large_image","twitter_title":"Expertas de la ONU en empresas y derechos humanos visitar\u00e1n Colombia","twitter_description":"El Grupo de Trabajo sobre Empresas y Derechos Humanos realizar\u00e1 su primera visita oficial a Colombia del 29 de julio al 9 de agosto.","twitter_image":"https:\/\/derechoshumanosyempresas.cl\/wp-content\/uploads\/2024\/08\/WG-group-photo-resized.jpg","twitter_misc":{"Escrito por":"Francisca Eade","Tiempo de lectura":"3 minutos"},"schema":{"@context":"https:\/\/schema.org","@graph":[{"@type":"Article","@id":"https:\/\/derechoshumanosyempresas.cl\/index.php\/2024\/07\/28\/expertas-de-la-onu-en-empresas-y-derechos-humanos-visitaran-colombia\/#article","isPartOf":{"@id":"https:\/\/derechoshumanosyempresas.cl\/index.php\/2024\/07\/28\/expertas-de-la-onu-en-empresas-y-derechos-humanos-visitaran-colombia\/"},"author":{"name":"Francisca Eade","@id":"https:\/\/derechoshumanosyempresas.cl\/#\/schema\/person\/5e33ef163586795298c1061fbaa56cb5"},"headline":"Expertas de la ONU en Empresas y Derechos Humanos visitar\u00e1n Colombia","datePublished":"2024-07-28T14:17:34+00:00","dateModified":"2025-02-21T14:45:16+00:00","mainEntityOfPage":{"@id":"https:\/\/derechoshumanosyempresas.cl\/index.php\/2024\/07\/28\/expertas-de-la-onu-en-empresas-y-derechos-humanos-visitaran-colombia\/"},"wordCount":524,"commentCount":0,"image":{"@id":"https:\/\/derechoshumanosyempresas.cl\/index.php\/2024\/07\/28\/expertas-de-la-onu-en-empresas-y-derechos-humanos-visitaran-colombia\/#primaryimage"},"thumbnailUrl":"https:\/\/derechoshumanosyempresas.cl\/wp-content\/uploads\/2024\/08\/WG-group-photo-resized.jpg","articleSection":["Noticias"],"inLanguage":"es","potentialAction":[{"@type":"CommentAction","name":"Comment","target":["https:\/\/derechoshumanosyempresas.cl\/index.php\/2024\/07\/28\/expertas-de-la-onu-en-empresas-y-derechos-humanos-visitaran-colombia\/#respond"]}]},{"@type":"WebPage","@id":"https:\/\/derechoshumanosyempresas.cl\/index.php\/2024\/07\/28\/expertas-de-la-onu-en-empresas-y-derechos-humanos-visitaran-colombia\/","url":"https:\/\/derechoshumanosyempresas.cl\/index.php\/2024\/07\/28\/expertas-de-la-onu-en-empresas-y-derechos-humanos-visitaran-colombia\/","name":"Expertas de la ONU en Empresas y Derechos Humanos visitar\u00e1n Colombia - Plataforma Chilena de la Sociedad Civil de Derechos Humanos y Empresas","isPartOf":{"@id":"https:\/\/derechoshumanosyempresas.cl\/#website"},"primaryImageOfPage":{"@id":"https:\/\/derechoshumanosyempresas.cl\/index.php\/2024\/07\/28\/expertas-de-la-onu-en-empresas-y-derechos-humanos-visitaran-colombia\/#primaryimage"},"image":{"@id":"https:\/\/derechoshumanosyempresas.cl\/index.php\/2024\/07\/28\/expertas-de-la-onu-en-empresas-y-derechos-humanos-visitaran-colombia\/#primaryimage"},"thumbnailUrl":"https:\/\/derechoshumanosyempresas.cl\/wp-content\/uploads\/2024\/08\/WG-group-photo-resized.jpg","datePublished":"2024-07-28T14:17:34+00:00","dateModified":"2025-02-21T14:45:16+00:00","author":{"@id":"https:\/\/derechoshumanosyempresas.cl\/#\/schema\/person\/5e33ef163586795298c1061fbaa56cb5"},"description":"El Grupo de Trabajo sobre Empresas y Derechos Humanos realizar\u00e1 su primera visita oficial a Colombia del 29 de julio al 9 de agosto.","breadcrumb":{"@id":"https:\/\/derechoshumanosyempresas.cl\/index.php\/2024\/07\/28\/expertas-de-la-onu-en-empresas-y-derechos-humanos-visitaran-colombia\/#breadcrumb"},"inLanguage":"es","potentialAction":[{"@type":"ReadAction","target":["https:\/\/derechoshumanosyempresas.cl\/index.php\/2024\/07\/28\/expertas-de-la-onu-en-empresas-y-derechos-humanos-visitaran-colombia\/"]}]},{"@type":"ImageObject","inLanguage":"es","@id":"https:\/\/derechoshumanosyempresas.cl\/index.php\/2024\/07\/28\/expertas-de-la-onu-en-empresas-y-derechos-humanos-visitaran-colombia\/#primaryimage","url":"https:\/\/derechoshumanosyempresas.cl\/wp-content\/uploads\/2024\/08\/WG-group-photo-resized.jpg","contentUrl":"https:\/\/derechoshumanosyempresas.cl\/wp-content\/uploads\/2024\/08\/WG-group-photo-resized.jpg","width":610,"height":410,"caption":"Grupo de Trabajo Derechos Humanos y Empresas"},{"@type":"BreadcrumbList","@id":"https:\/\/derechoshumanosyempresas.cl\/index.php\/2024\/07\/28\/expertas-de-la-onu-en-empresas-y-derechos-humanos-visitaran-colombia\/#breadcrumb","itemListElement":[{"@type":"ListItem","position":1,"name":"Portada","item":"https:\/\/derechoshumanosyempresas.cl\/"},{"@type":"ListItem","position":2,"name":"Expertas de la ONU en Empresas y Derechos Humanos visitar\u00e1n Colombia"}]},{"@type":"WebSite","@id":"https:\/\/derechoshumanosyempresas.cl\/#website","url":"https:\/\/derechoshumanosyempresas.cl\/","name":"Plataforma Chilena de la Sociedad Civil de Derechos Humanos y Empresas","description":"","potentialAction":[{"@type":"SearchAction","target":{"@type":"EntryPoint","urlTemplate":"https:\/\/derechoshumanosyempresas.cl\/?s={search_term_string}"},"query-input":{"@type":"PropertyValueSpecification","valueRequired":true,"valueName":"search_term_string"}}],"inLanguage":"es"},{"@type":"Person","@id":"https:\/\/derechoshumanosyempresas.cl\/#\/schema\/person\/5e33ef163586795298c1061fbaa56cb5","name":"Francisca Eade","image":{"@type":"ImageObject","inLanguage":"es","@id":"https:\/\/secure.gravatar.com\/avatar\/c30389153e117557cb0fc48787c74f5a47d35836d62e042c6e6e40e2cd6953ef?s=96&d=mm&r=g","url":"https:\/\/secure.gravatar.com\/avatar\/c30389153e117557cb0fc48787c74f5a47d35836d62e042c6e6e40e2cd6953ef?s=96&d=mm&r=g","contentUrl":"https:\/\/secure.gravatar.com\/avatar\/c30389153e117557cb0fc48787c74f5a47d35836d62e042c6e6e40e2cd6953ef?s=96&d=mm&r=g","caption":"Francisca Eade"},"url":"https:\/\/derechoshumanosyempresas.cl\/index.php\/author\/comunicaciones\/"}]}},"wpmagazine_modules_lite_featured_media_urls":{"thumbnail":["https:\/\/derechoshumanosyempresas.cl\/wp-content\/uploads\/2024\/08\/WG-group-photo-resized-150x150.jpg",150,150,true],"cvmm-medium":["https:\/\/derechoshumanosyempresas.cl\/wp-content\/uploads\/2024\/08\/WG-group-photo-resized-300x300.jpg",300,300,true],"cvmm-medium-plus":["https:\/\/derechoshumanosyempresas.cl\/wp-content\/uploads\/2024\/08\/WG-group-photo-resized-305x207.jpg",305,207,true],"cvmm-portrait":["https:\/\/derechoshumanosyempresas.cl\/wp-content\/uploads\/2024\/08\/WG-group-photo-resized-400x410.jpg",400,410,true],"cvmm-medium-square":["https:\/\/derechoshumanosyempresas.cl\/wp-content\/uploads\/2024\/08\/WG-group-photo-resized-600x410.jpg",600,410,true],"cvmm-large":["https:\/\/derechoshumanosyempresas.cl\/wp-content\/uploads\/2024\/08\/WG-group-photo-resized.jpg",610,410,false],"cvmm-small":["https:\/\/derechoshumanosyempresas.cl\/wp-content\/uploads\/2024\/08\/WG-group-photo-resized-130x95.jpg",130,95,true],"full":["https:\/\/derechoshumanosyempresas.cl\/wp-content\/uploads\/2024\/08\/WG-group-photo-resized.jpg",610,410,false]},"categories_names":{"43":{"name":"Noticias","link":"https:\/\/derechoshumanosyempresas.cl\/index.php\/category\/centro-de-informacion\/"}},"tags_names":[],"comments_number":"0","_links":{"self":[{"href":"https:\/\/derechoshumanosyempresas.cl\/index.php\/wp-json\/wp\/v2\/posts\/2201","targetHints":{"allow":["GET"]}}],"collection":[{"href":"https:\/\/derechoshumanosyempresas.cl\/index.php\/wp-json\/wp\/v2\/posts"}],"about":[{"href":"https:\/\/derechoshumanosyempresas.cl\/index.php\/wp-json\/wp\/v2\/types\/post"}],"author":[{"embeddable":true,"href":"https:\/\/derechoshumanosyempresas.cl\/index.php\/wp-json\/wp\/v2\/users\/25"}],"replies":[{"embeddable":true,"href":"https:\/\/derechoshumanosyempresas.cl\/index.php\/wp-json\/wp\/v2\/comments?post=2201"}],"version-history":[{"count":0,"href":"https:\/\/derechoshumanosyempresas.cl\/index.php\/wp-json\/wp\/v2\/posts\/2201\/revisions"}],"wp:featuredmedia":[{"embeddable":true,"href":"https:\/\/derechoshumanosyempresas.cl\/index.php\/wp-json\/wp\/v2\/media\/2202"}],"wp:attachment":[{"href":"https:\/\/derechoshumanosyempresas.cl\/index.php\/wp-json\/wp\/v2\/media?parent=2201"}],"wp:term":[{"taxonomy":"category","embeddable":true,"href":"https:\/\/derechoshumanosyempresas.cl\/index.php\/wp-json\/wp\/v2\/categories?post=2201"},{"taxonomy":"post_tag","embeddable":true,"href":"https:\/\/derechoshumanosyempresas.cl\/index.php\/wp-json\/wp\/v2\/tags?post=2201"}],"curies":[{"name":"wp","href":"https:\/\/api.w.org\/{rel}","templated":true}]}}